{"id":5460,"date":"2025-09-10T14:12:44","date_gmt":"2025-09-10T10:12:44","guid":{"rendered":"https:\/\/etab.ac-reunion.fr\/clg-jean-desme\/?p=5460"},"modified":"2025-09-10T14:13:13","modified_gmt":"2025-09-10T10:13:13","slug":"evaluation-nationales-2025","status":"publish","type":"post","link":"https:\/\/etab.ac-reunion.fr\/clg-jean-desme\/evaluation-nationales-2025\/","title":{"rendered":"\u00c9valuation Nationales 2025"},"content":{"rendered":"\n<p>Entre le 11 et le 26 septembre 2025, les \u00e9l\u00e8ves de 6\u00e8me et de 4\u00e8me du coll\u00e8ge participent \u00e0 une \u00e9valuation nationale, les \u00e9l\u00e8ves de 5\u00e8me passeront au plus tard le 3 octobre 2025. Il s\u2019agit d\u2019\u00e9valuations identiques \u00e0 tous les \u00e9l\u00e8ves des coll\u00e8ges fran\u00e7ais, en Fran\u00e7ais et en Math\u00e9matiques. Dans ce cadre, votre enfant passera un test sur ordinateur qui vise \u00e0 mesurer certaines comp\u00e9tences dans ces deux domaines. Ce test permettra de faire le point sur ses acquis.<\/p>\n\n\n\n<p>Votre enfant devra se munir d\u2019\u00e9couteurs audio personnels ( s\u2019il n\u2019a pas d\u2019\u00e9couteurs, le coll\u00e8ge en mettra \u00e0 sa disposition ).<\/p>\n\n\n\n<div class=\"wp-block-file\"><a id=\"wp-block-file--media-8eeac686-f634-4052-b724-ab963b93f19f\" href=\"https:\/\/etab.ac-reunion.fr\/clg-jean-desme\/wp-content\/uploads\/sites\/46\/2025\/09\/Communication-Parents.pdf\">Communication Parents<\/a><a href=\"https:\/\/etab.ac-reunion.fr\/clg-jean-desme\/wp-content\/uploads\/sites\/46\/2025\/09\/Communication-Parents.pdf\" class=\"wp-block-file__button wp-element-button\" download aria-describedby=\"wp-block-file--media-8eeac686-f634-4052-b724-ab963b93f19f\">T\u00e9l\u00e9charger<\/a><\/div>\n","protected":false},"excerpt":{"rendered":"<p>Entre le 11 et le 26 septembre 2025, les \u00e9l\u00e8ves de 6\u00e8me et de 4\u00e8me du coll\u00e8ge participent \u00e0 une \u00e9valuation nationale, les \u00e9l\u00e8ves de 5\u00e8me passeront au plus tard le 3 octobre 2025. Il s\u2019agit d\u2019\u00e9valuations identiques \u00e0 tous les \u00e9l\u00e8ves des coll\u00e8ges fran\u00e7ais, en Fran\u00e7ais et en Math\u00e9matiques. Dans ce cadre, votre enfant [&hellip;]<\/p>\n","protected":false},"author":30305,"featured_media":5462,"comment_status":"closed","ping_status":"closed","sticky":false,"template":"","format":"standard","meta":{"_et_pb_use_builder":"off","_et_pb_old_content":"","_et_gb_content_width":"","footnotes":""},"categories":[40,1,49],"tags":[],"class_list":["post-5460","post","type-post","status-publish","format-standard","has-post-thumbnail","hentry","category-information-aux-parents-deleves","category-information-generale","category-representants-des-parents-deleves"],"_links":{"self":[{"href":"https:\/\/etab.ac-reunion.fr\/clg-jean-desme\/wp-json\/wp\/v2\/posts\/5460","targetHints":{"allow":["GET"]}}],"collection":[{"href":"https:\/\/etab.ac-reunion.fr\/clg-jean-desme\/wp-json\/wp\/v2\/posts"}],"about":[{"href":"https:\/\/etab.ac-reunion.fr\/clg-jean-desme\/wp-json\/wp\/v2\/types\/post"}],"author":[{"embeddable":true,"href":"https:\/\/etab.ac-reunion.fr\/clg-jean-desme\/wp-json\/wp\/v2\/users\/30305"}],"replies":[{"embeddable":true,"href":"https:\/\/etab.ac-reunion.fr\/clg-jean-desme\/wp-json\/wp\/v2\/comments?post=5460"}],"version-history":[{"count":2,"href":"https:\/\/etab.ac-reunion.fr\/clg-jean-desme\/wp-json\/wp\/v2\/posts\/5460\/revisions"}],"predecessor-version":[{"id":5464,"href":"https:\/\/etab.ac-reunion.fr\/clg-jean-desme\/wp-json\/wp\/v2\/posts\/5460\/revisions\/5464"}],"wp:featuredmedia":[{"embeddable":true,"href":"https:\/\/etab.ac-reunion.fr\/clg-jean-desme\/wp-json\/wp\/v2\/media\/5462"}],"wp:attachment":[{"href":"https:\/\/etab.ac-reunion.fr\/clg-jean-desme\/wp-json\/wp\/v2\/media?parent=5460"}],"wp:term":[{"taxonomy":"category","embeddable":true,"href":"https:\/\/etab.ac-reunion.fr\/clg-jean-desme\/wp-json\/wp\/v2\/categories?post=5460"},{"taxonomy":"post_tag","embeddable":true,"href":"https:\/\/etab.ac-reunion.fr\/clg-jean-desme\/wp-json\/wp\/v2\/tags?post=5460"}],"curies":[{"name":"wp","href":"https:\/\/api.w.org\/{rel}","templated":true}]}}