{"id":5477,"date":"2024-11-05T15:40:00","date_gmt":"2024-11-05T11:40:00","guid":{"rendered":"https:\/\/etab.ac-reunion.fr\/clg-jean-desme\/?p=5477"},"modified":"2025-11-18T13:45:51","modified_gmt":"2025-11-18T09:45:51","slug":"concours-halloween-2024-une-pause-meridienne-pleine-de-frissons","status":"publish","type":"post","link":"https:\/\/etab.ac-reunion.fr\/clg-jean-desme\/concours-halloween-2024-une-pause-meridienne-pleine-de-frissons\/","title":{"rendered":"Concours HALLOWEEN 2024\u00a0: une pause m\u00e9ridienne pleine de frissons\u00a0!"},"content":{"rendered":"\n<p>Le mardi 31 octobre 2024, l\u2019\u00e9tablissement s\u2019est plong\u00e9 dans l\u2019ambiance d\u2019Halloween gr\u00e2ce \u00e0 un concours de d\u00e9guisements organis\u00e9 durant la pause m\u00e9ridienne. L\u2019\u00e9v\u00e9nement, anim\u00e9 par l\u2019\u00e9quipe de la Vie Scolaire en collaboration avec les \u00e9l\u00e8ves du Conseil de Vie Coll\u00e9gienne (CVC), a rassembl\u00e9 de nombreux participants venus exhiber leurs costumes les plus effrayants, dr\u00f4les ou cr\u00e9atifs.<\/p>\n\n\n\n<p>Sorci\u00e8res, vampires, zombies, fant\u00f4mes\u2026 Les couloirs se sont transform\u00e9s en v\u00e9ritable d\u00e9fil\u00e9 monstrueux ! Le jury, compos\u00e9 de membres de la Vie Scolaire et de repr\u00e9sentants du CVC, a eu la difficile t\u00e2che de d\u00e9partager les \u00e9l\u00e8ves tant les d\u00e9guisements rivalisaient d\u2019originalit\u00e9.<\/p>\n\n\n\n<p>Les \u00e9l\u00e8ves dont les d\u00e9guisements ont particuli\u00e8rement retenu l\u2019attention du jury ont \u00e9t\u00e9 r\u00e9compens\u00e9s par un bon cadeau FNAC, saluant leur cr\u00e9ativit\u00e9 et le soin apport\u00e9 \u00e0 leur tenue.<br>Mais personne n\u2019est reparti les mains vides : tous les autres participants ont re\u00e7u une petite gomme ou un stylo aux couleurs et motifs d\u2019Halloween, une papeterie th\u00e9matique parfaitement adapt\u00e9e \u00e0 l\u2019ambiance de la journ\u00e9e.<\/p>\n\n\n\n<p>Au-del\u00e0 de la comp\u00e9tition, c\u2019est surtout l\u2019esprit de f\u00eate et de partage qui a marqu\u00e9 cette \u00e9dition 2024. Gr\u00e2ce \u00e0 l\u2019implication des \u00e9l\u00e8ves du CVC et de la Vie Scolaire, la pause m\u00e9ridienne s\u2019est transform\u00e9e en un moment chaleureux, rythm\u00e9 par les rires, les photos et les maquillages effrayants.<\/p>\n\n\n\n<figure class=\"wp-block-image size-full\"><img loading=\"lazy\" decoding=\"async\" width=\"480\" height=\"640\" src=\"https:\/\/etab.ac-reunion.fr\/clg-jean-desme\/wp-content\/uploads\/sites\/46\/2025\/11\/IMG_2614-rotated.jpg\" alt=\"\" class=\"wp-image-5478\" srcset=\"https:\/\/etab.ac-reunion.fr\/clg-jean-desme\/wp-content\/uploads\/sites\/46\/2025\/11\/IMG_2614-rotated.jpg 480w, https:\/\/etab.ac-reunion.fr\/clg-jean-desme\/wp-content\/uploads\/sites\/46\/2025\/11\/IMG_2614-225x300.jpg 225w\" sizes=\"(max-width: 480px) 100vw, 480px\" \/><\/figure>\n\n\n\n<figure class=\"wp-block-image size-full\"><img loading=\"lazy\" decoding=\"async\" width=\"480\" height=\"640\" src=\"https:\/\/etab.ac-reunion.fr\/clg-jean-desme\/wp-content\/uploads\/sites\/46\/2025\/11\/IMG_2617-rotated.jpg\" alt=\"\" class=\"wp-image-5479\" srcset=\"https:\/\/etab.ac-reunion.fr\/clg-jean-desme\/wp-content\/uploads\/sites\/46\/2025\/11\/IMG_2617-rotated.jpg 480w, https:\/\/etab.ac-reunion.fr\/clg-jean-desme\/wp-content\/uploads\/sites\/46\/2025\/11\/IMG_2617-225x300.jpg 225w\" sizes=\"(max-width: 480px) 100vw, 480px\" \/><\/figure>\n\n\n\n<figure class=\"wp-block-image size-full\"><img loading=\"lazy\" decoding=\"async\" width=\"480\" height=\"640\" src=\"https:\/\/etab.ac-reunion.fr\/clg-jean-desme\/wp-content\/uploads\/sites\/46\/2025\/11\/IMG_2621-rotated.jpg\" alt=\"\" class=\"wp-image-5480\" srcset=\"https:\/\/etab.ac-reunion.fr\/clg-jean-desme\/wp-content\/uploads\/sites\/46\/2025\/11\/IMG_2621-rotated.jpg 480w, https:\/\/etab.ac-reunion.fr\/clg-jean-desme\/wp-content\/uploads\/sites\/46\/2025\/11\/IMG_2621-225x300.jpg 225w\" sizes=\"(max-width: 480px) 100vw, 480px\" \/><\/figure>\n","protected":false},"excerpt":{"rendered":"<p>Le mardi 31 octobre 2024, l\u2019\u00e9tablissement s\u2019est plong\u00e9 dans l\u2019ambiance d\u2019Halloween gr\u00e2ce \u00e0 un concours de d\u00e9guisements organis\u00e9 durant la pause m\u00e9ridienne. L\u2019\u00e9v\u00e9nement, anim\u00e9 par l\u2019\u00e9quipe de la Vie Scolaire en collaboration avec les \u00e9l\u00e8ves du Conseil de Vie Coll\u00e9gienne (CVC), a rassembl\u00e9 de nombreux participants venus exhiber leurs costumes les plus effrayants, dr\u00f4les ou [&hellip;]<\/p>\n","protected":false},"author":30305,"featured_media":5496,"comment_status":"closed","ping_status":"closed","sticky":false,"template":"","format":"standard","meta":{"_et_pb_use_builder":"off","_et_pb_old_content":"","_et_gb_content_width":"","footnotes":""},"categories":[10,75],"tags":[],"class_list":["post-5477","post","type-post","status-publish","format-standard","has-post-thumbnail","hentry","category-actualites-du-college","category-cvc"],"_links":{"self":[{"href":"https:\/\/etab.ac-reunion.fr\/clg-jean-desme\/wp-json\/wp\/v2\/posts\/5477","targetHints":{"allow":["GET"]}}],"collection":[{"href":"https:\/\/etab.ac-reunion.fr\/clg-jean-desme\/wp-json\/wp\/v2\/posts"}],"about":[{"href":"https:\/\/etab.ac-reunion.fr\/clg-jean-desme\/wp-json\/wp\/v2\/types\/post"}],"author":[{"embeddable":true,"href":"https:\/\/etab.ac-reunion.fr\/clg-jean-desme\/wp-json\/wp\/v2\/users\/30305"}],"replies":[{"embeddable":true,"href":"https:\/\/etab.ac-reunion.fr\/clg-jean-desme\/wp-json\/wp\/v2\/comments?post=5477"}],"version-history":[{"count":1,"href":"https:\/\/etab.ac-reunion.fr\/clg-jean-desme\/wp-json\/wp\/v2\/posts\/5477\/revisions"}],"predecessor-version":[{"id":5481,"href":"https:\/\/etab.ac-reunion.fr\/clg-jean-desme\/wp-json\/wp\/v2\/posts\/5477\/revisions\/5481"}],"wp:featuredmedia":[{"embeddable":true,"href":"https:\/\/etab.ac-reunion.fr\/clg-jean-desme\/wp-json\/wp\/v2\/media\/5496"}],"wp:attachment":[{"href":"https:\/\/etab.ac-reunion.fr\/clg-jean-desme\/wp-json\/wp\/v2\/media?parent=5477"}],"wp:term":[{"taxonomy":"category","embeddable":true,"href":"https:\/\/etab.ac-reunion.fr\/clg-jean-desme\/wp-json\/wp\/v2\/categories?post=5477"},{"taxonomy":"post_tag","embeddable":true,"href":"https:\/\/etab.ac-reunion.fr\/clg-jean-desme\/wp-json\/wp\/v2\/tags?post=5477"}],"curies":[{"name":"wp","href":"https:\/\/api.w.org\/{rel}","templated":true}]}}