{"id":5487,"date":"2025-11-14T09:26:10","date_gmt":"2025-11-14T05:26:10","guid":{"rendered":"https:\/\/etab.ac-reunion.fr\/clg-jean-desme\/?p=5487"},"modified":"2025-11-18T09:26:20","modified_gmt":"2025-11-18T05:26:20","slug":"elections-du-conseil-departemental-jeunes-un-engagement-remarquable-pour-mahee","status":"publish","type":"post","link":"https:\/\/etab.ac-reunion.fr\/clg-jean-desme\/elections-du-conseil-departemental-jeunes-un-engagement-remarquable-pour-mahee\/","title":{"rendered":"\u00c9lections du Conseil D\u00e9partemental Jeunes : un engagement remarquable pour Mah\u00e9e\u00a0!"},"content":{"rendered":"\n<p>Ce vendredi 14 novembre 2025, les 3 \u00e9l\u00e8ves membres du <strong>Conseil D\u00e9partemental Jeunes<\/strong> (5<sup>\u00e8me<\/sup>, 4<sup>\u00e8me<\/sup>, 3<sup>\u00e8me<\/sup>) ont \u00e9t\u00e9 convi\u00e9s \u00e0 l\u2019h\u00e9micycle de Saint-Denis pour participer aux \u00e9lections \u00e0 la pr\u00e9sidence. Parmi eux, <strong>Mah\u00e9e<\/strong>, \u00e9l\u00e8ve tr\u00e8s investie, a repr\u00e9sent\u00e9 avec fiert\u00e9 notre coll\u00e8ge en pr\u00e9sentant officiellement sa candidature.<\/p>\n\n\n\n<p>Cela fait maintenant <strong>trois ans<\/strong> que Mah\u00e9e s\u2019investit pleinement en tant que <strong>Conseill\u00e8re D\u00e9partementale Jeunes<\/strong>. Durant ce mandat, elle s\u2019est illustr\u00e9e par ses id\u00e9es fortes et son sens aigu des responsabilit\u00e9s.<\/p>\n\n\n\n<p><em>(Les points suivants sont extraits de son discours de candidature.)<\/em><\/p>\n\n\n\n<p>Sa profession de foi s\u2019est illustr\u00e9e par son combat prioritaire : <strong>lutter contre toutes les formes de violence<\/strong>, qu\u2019elles soient <strong>physiques, morales ou sexuelles<\/strong>, qu\u2019elles se d\u00e9roulent <strong>\u00e0 la maison, dans la rue, sur les r\u00e9seaux sociaux ou \u00e0 l\u2019\u00c9cole<\/strong>. Mah\u00e9e rappelle que les cons\u00e9quences peuvent \u00eatre dramatiques : <strong>harc\u00e8lement, isolement, souffrance psychologique, voire suicide<\/strong>. Pour agir efficacement, Mah\u00e9e a d\u00e9fendu un programme structur\u00e9, centr\u00e9 sur la pr\u00e9vention et la protection des jeunes :<\/p>\n\n\n\n<ul class=\"wp-block-list\">\n<li><strong>Ateliers dans les \u00e9coles<\/strong> : apprendre \u00e0 reconna\u00eetre les situations de violence, \u00e0 s\u2019en prot\u00e9ger et \u00e0 oser en parler.<\/li>\n\n\n\n<li><strong>Travailler avec les adultes r\u00e9f\u00e9rents<\/strong> (CPE, enseignants, assistants d\u2019\u00e9ducation) pour renforcer l\u2019accompagnement.<\/li>\n\n\n\n<li><strong>Cr\u00e9er des espaces de parole s\u00e9curis\u00e9s<\/strong> : parler librement, sans crainte ni jugement.<\/li>\n\n\n\n<li><strong>Mettre en place des campagnes d\u2019affichage et de sensibilisation<\/strong> : rappeler que la violence n\u2019est ni un jeu, ni un spectacle, ni quelque chose de normal.<\/li>\n\n\n\n<li><strong>Appeler chacun \u00e0 devenir acteur du changement<\/strong> : \u00ab <em>Ne soyons plus spectateurs, soyons acteurs au changement !<\/em> \u00bb<\/li>\n<\/ul>\n\n\n\n<h3 class=\"wp-block-heading\"><strong>Une voix qui porte, une conviction qui inspire<\/strong><\/h3>\n\n\n\n<p>Mah\u00e9e a \u00e0 c\u0153ur de poursuivre son engagement et de continuer \u00e0 porter la voix des jeunes. Elle s\u2019investit avec d\u00e9termination pour <strong>faire reculer la violence<\/strong>, promouvoir la <strong>bienveillance<\/strong>, et am\u00e9liorer le <strong>mieux-\u00eatre de tous<\/strong>.<\/p>\n\n\n\n<p>Son implication exemplaire demeure une source d\u2019inspiration pour l\u2019ensemble du coll\u00e8ge. M\u00eame si elle n\u2019a pas \u00e9t\u00e9 \u00e9lue cette ann\u00e9e, Mah\u00e9e a fait honneur \u00e0 l\u2019\u00e9tablissement par son courage, sa d\u00e9termination et la qualit\u00e9 de son engagement citoyen. Nous l\u2019applaudissons chaleureusement et l\u2019encourageons \u00e0 poursuivre ses ambitions, \u00e0 d\u00e9velopper ses projets et \u00e0 continuer de construire son r\u00e9seau politique avec la m\u00eame \u00e9nergie.<\/p>\n\n\n\n<p>&#8211;<\/p>\n\n\n\n<p>Mme NARAYANIN RAMAYE (CPE)<\/p>\n\n\n\n<figure class=\"wp-block-image size-large\"><img loading=\"lazy\" decoding=\"async\" width=\"1024\" height=\"1024\" src=\"https:\/\/etab.ac-reunion.fr\/clg-jean-desme\/wp-content\/uploads\/sites\/46\/2025\/11\/20251114_101942-1024x1024.jpg\" alt=\"\" class=\"wp-image-5488\" srcset=\"https:\/\/etab.ac-reunion.fr\/clg-jean-desme\/wp-content\/uploads\/sites\/46\/2025\/11\/20251114_101942-980x980.jpg 980w, https:\/\/etab.ac-reunion.fr\/clg-jean-desme\/wp-content\/uploads\/sites\/46\/2025\/11\/20251114_101942-480x480.jpg 480w\" sizes=\"(min-width: 0px) and (max-width: 480px) 480px, (min-width: 481px) and (max-width: 980px) 980px, (min-width: 981px) 1024px, 100vw\" \/><\/figure>\n","protected":false},"excerpt":{"rendered":"<p>Ce vendredi 14 novembre 2025, les 3 \u00e9l\u00e8ves membres du Conseil D\u00e9partemental Jeunes (5\u00e8me, 4\u00e8me, 3\u00e8me) ont \u00e9t\u00e9 convi\u00e9s \u00e0 l\u2019h\u00e9micycle de Saint-Denis pour participer aux \u00e9lections \u00e0 la pr\u00e9sidence. Parmi eux, Mah\u00e9e, \u00e9l\u00e8ve tr\u00e8s investie, a repr\u00e9sent\u00e9 avec fiert\u00e9 notre coll\u00e8ge en pr\u00e9sentant officiellement sa candidature. Cela fait maintenant trois ans que Mah\u00e9e s\u2019investit [&hellip;]<\/p>\n","protected":false},"author":30305,"featured_media":5489,"comment_status":"closed","ping_status":"closed","sticky":false,"template":"","format":"standard","meta":{"_et_pb_use_builder":"off","_et_pb_old_content":"","_et_gb_content_width":"","footnotes":""},"categories":[76],"tags":[],"class_list":["post-5487","post","type-post","status-publish","format-standard","has-post-thumbnail","hentry","category-cdj"],"_links":{"self":[{"href":"https:\/\/etab.ac-reunion.fr\/clg-jean-desme\/wp-json\/wp\/v2\/posts\/5487","targetHints":{"allow":["GET"]}}],"collection":[{"href":"https:\/\/etab.ac-reunion.fr\/clg-jean-desme\/wp-json\/wp\/v2\/posts"}],"about":[{"href":"https:\/\/etab.ac-reunion.fr\/clg-jean-desme\/wp-json\/wp\/v2\/types\/post"}],"author":[{"embeddable":true,"href":"https:\/\/etab.ac-reunion.fr\/clg-jean-desme\/wp-json\/wp\/v2\/users\/30305"}],"replies":[{"embeddable":true,"href":"https:\/\/etab.ac-reunion.fr\/clg-jean-desme\/wp-json\/wp\/v2\/comments?post=5487"}],"version-history":[{"count":1,"href":"https:\/\/etab.ac-reunion.fr\/clg-jean-desme\/wp-json\/wp\/v2\/posts\/5487\/revisions"}],"predecessor-version":[{"id":5490,"href":"https:\/\/etab.ac-reunion.fr\/clg-jean-desme\/wp-json\/wp\/v2\/posts\/5487\/revisions\/5490"}],"wp:featuredmedia":[{"embeddable":true,"href":"https:\/\/etab.ac-reunion.fr\/clg-jean-desme\/wp-json\/wp\/v2\/media\/5489"}],"wp:attachment":[{"href":"https:\/\/etab.ac-reunion.fr\/clg-jean-desme\/wp-json\/wp\/v2\/media?parent=5487"}],"wp:term":[{"taxonomy":"category","embeddable":true,"href":"https:\/\/etab.ac-reunion.fr\/clg-jean-desme\/wp-json\/wp\/v2\/categories?post=5487"},{"taxonomy":"post_tag","embeddable":true,"href":"https:\/\/etab.ac-reunion.fr\/clg-jean-desme\/wp-json\/wp\/v2\/tags?post=5487"}],"curies":[{"name":"wp","href":"https:\/\/api.w.org\/{rel}","templated":true}]}}