{"id":5491,"date":"2025-11-18T09:37:34","date_gmt":"2025-11-18T05:37:34","guid":{"rendered":"https:\/\/etab.ac-reunion.fr\/clg-jean-desme\/?p=5491"},"modified":"2025-11-18T09:37:34","modified_gmt":"2025-11-18T05:37:34","slug":"deploiement-des-poles-dappui-a-la-scolarite","status":"publish","type":"post","link":"https:\/\/etab.ac-reunion.fr\/clg-jean-desme\/deploiement-des-poles-dappui-a-la-scolarite\/","title":{"rendered":"D\u00e9ploiement des p\u00f4les d\u2019appui \u00e0 la scolarit\u00e9"},"content":{"rendered":"\n<p><em>Mesdames, Messieurs, parents d&rsquo;\u00e9l\u00e8ves,<\/em><\/p>\n\n\n\n<p><em>Le PAS est un nouveau service port\u00e9 par l&rsquo;\u00e9ducation nationale et le secteur m\u00e9dico-social, \u00e0 destination des \u00e9quipes enseignantes et des familles, ayant pour mission d&rsquo;apporter<\/em><em>, de mani\u00e8re souple et r\u00e9active, des r\u00e9ponses adapt\u00e9es aux \u00e9l\u00e8ves pr\u00e9sentant des besoins \u00e9ducatifs particuliers. Il s&rsquo;adresse \u00e0 tous les \u00e9l\u00e8ves pr\u00e9sentant des difficult\u00e9s li\u00e9es aux apprentissages, aux comportements inadapt\u00e9s, \u00e0 l\u2019autonomie, \u00e0 la m\u00e9thodologie et pour lesquels les premi\u00e8res r\u00e9ponses propos\u00e9es en classe, dans le cycle ou dans l\u2019\u00e9tablissement ne suffisent pas (premi\u00e8res diff\u00e9renciations, RASED, p\u00f4les ressources, personnels exer\u00e7ant la mission d&rsquo;appui aux \u00e9l\u00e8ves \u00e0 besoins particuliers dans le 2D)&#8230;&nbsp;<\/em><\/p>\n\n\n\n<p><em>Il s&rsquo;adresse aussi \u00e0 des \u00e9l\u00e8ves pr\u00e9sentant un handicap ou dont la situation est susceptible d\u2019\u00e9voluer vers un handicap, ou \u00e0 des \u00e9l\u00e8ves notifi\u00e9s CDAPH (MDPH) mais qui ne b\u00e9n\u00e9ficient pas de la cible de compensation indispensable \u00e0 leur scolarit\u00e9 ou \u00e0 leur entr\u00e9e dans les apprentissages.<\/em><\/p>\n\n\n\n<p><em>La Direction &#8211; Coll\u00e8ge JEan d&rsquo;Esme<\/em><\/p>\n","protected":false},"excerpt":{"rendered":"<p>Mesdames, Messieurs, parents d&rsquo;\u00e9l\u00e8ves, Le PAS est un nouveau service port\u00e9 par l&rsquo;\u00e9ducation nationale et le secteur m\u00e9dico-social, \u00e0 destination des \u00e9quipes enseignantes et des familles, ayant pour mission d&rsquo;apporter, de mani\u00e8re souple et r\u00e9active, des r\u00e9ponses adapt\u00e9es aux \u00e9l\u00e8ves pr\u00e9sentant des besoins \u00e9ducatifs particuliers. Il s&rsquo;adresse \u00e0 tous les \u00e9l\u00e8ves pr\u00e9sentant des difficult\u00e9s li\u00e9es [&hellip;]<\/p>\n","protected":false},"author":30305,"featured_media":5492,"comment_status":"closed","ping_status":"closed","sticky":false,"template":"","format":"standard","meta":{"_et_pb_use_builder":"off","_et_pb_old_content":"","_et_gb_content_width":"","footnotes":""},"categories":[40],"tags":[],"class_list":["post-5491","post","type-post","status-publish","format-standard","has-post-thumbnail","hentry","category-information-aux-parents-deleves"],"_links":{"self":[{"href":"https:\/\/etab.ac-reunion.fr\/clg-jean-desme\/wp-json\/wp\/v2\/posts\/5491","targetHints":{"allow":["GET"]}}],"collection":[{"href":"https:\/\/etab.ac-reunion.fr\/clg-jean-desme\/wp-json\/wp\/v2\/posts"}],"about":[{"href":"https:\/\/etab.ac-reunion.fr\/clg-jean-desme\/wp-json\/wp\/v2\/types\/post"}],"author":[{"embeddable":true,"href":"https:\/\/etab.ac-reunion.fr\/clg-jean-desme\/wp-json\/wp\/v2\/users\/30305"}],"replies":[{"embeddable":true,"href":"https:\/\/etab.ac-reunion.fr\/clg-jean-desme\/wp-json\/wp\/v2\/comments?post=5491"}],"version-history":[{"count":1,"href":"https:\/\/etab.ac-reunion.fr\/clg-jean-desme\/wp-json\/wp\/v2\/posts\/5491\/revisions"}],"predecessor-version":[{"id":5493,"href":"https:\/\/etab.ac-reunion.fr\/clg-jean-desme\/wp-json\/wp\/v2\/posts\/5491\/revisions\/5493"}],"wp:featuredmedia":[{"embeddable":true,"href":"https:\/\/etab.ac-reunion.fr\/clg-jean-desme\/wp-json\/wp\/v2\/media\/5492"}],"wp:attachment":[{"href":"https:\/\/etab.ac-reunion.fr\/clg-jean-desme\/wp-json\/wp\/v2\/media?parent=5491"}],"wp:term":[{"taxonomy":"category","embeddable":true,"href":"https:\/\/etab.ac-reunion.fr\/clg-jean-desme\/wp-json\/wp\/v2\/categories?post=5491"},{"taxonomy":"post_tag","embeddable":true,"href":"https:\/\/etab.ac-reunion.fr\/clg-jean-desme\/wp-json\/wp\/v2\/tags?post=5491"}],"curies":[{"name":"wp","href":"https:\/\/api.w.org\/{rel}","templated":true}]}}