{"id":5509,"date":"2025-12-08T08:11:41","date_gmt":"2025-12-08T04:11:41","guid":{"rendered":"https:\/\/etab.ac-reunion.fr\/clg-jean-desme\/?p=5509"},"modified":"2025-12-08T08:11:41","modified_gmt":"2025-12-08T04:11:41","slug":"le-diplome-national-du-brevet-2026","status":"publish","type":"post","link":"https:\/\/etab.ac-reunion.fr\/clg-jean-desme\/le-diplome-national-du-brevet-2026\/","title":{"rendered":"Le dipl\u00f4me national du brevet 2026"},"content":{"rendered":"\n<p><\/p>\n\n\n\n<p>\u00c0 compter de la session 2026, les modalit\u00e9s d\u2019attribution du dipl\u00f4me national du brevet (DNB) \u00e9voluent, vous trouverez sur le document ci-dessous toutes les informations relatives \u00e0 la session du DNB 2026<\/p>\n\n\n\n<div class=\"wp-block-file\"><a id=\"wp-block-file--media-b9e06b3c-146c-4189-b452-564db473ed67\" href=\"https:\/\/etab.ac-reunion.fr\/clg-jean-desme\/wp-content\/uploads\/sites\/46\/2025\/12\/2025-memento_controle_continu_3e.pdf\">2025-memento_controle_continu_3e<\/a><a href=\"https:\/\/etab.ac-reunion.fr\/clg-jean-desme\/wp-content\/uploads\/sites\/46\/2025\/12\/2025-memento_controle_continu_3e.pdf\" class=\"wp-block-file__button wp-element-button\" download aria-describedby=\"wp-block-file--media-b9e06b3c-146c-4189-b452-564db473ed67\">T\u00e9l\u00e9charger<\/a><\/div>\n","protected":false},"excerpt":{"rendered":"<p>\u00c0 compter de la session 2026, les modalit\u00e9s d\u2019attribution du dipl\u00f4me national du brevet (DNB) \u00e9voluent, vous trouverez sur le document ci-dessous toutes les informations relatives \u00e0 la session du DNB 2026<\/p>\n","protected":false},"author":30305,"featured_media":5511,"comment_status":"closed","ping_status":"closed","sticky":false,"template":"","format":"standard","meta":{"_et_pb_use_builder":"off","_et_pb_old_content":"","_et_gb_content_width":"","footnotes":""},"categories":[10],"tags":[],"class_list":["post-5509","post","type-post","status-publish","format-standard","has-post-thumbnail","hentry","category-actualites-du-college"],"_links":{"self":[{"href":"https:\/\/etab.ac-reunion.fr\/clg-jean-desme\/wp-json\/wp\/v2\/posts\/5509","targetHints":{"allow":["GET"]}}],"collection":[{"href":"https:\/\/etab.ac-reunion.fr\/clg-jean-desme\/wp-json\/wp\/v2\/posts"}],"about":[{"href":"https:\/\/etab.ac-reunion.fr\/clg-jean-desme\/wp-json\/wp\/v2\/types\/post"}],"author":[{"embeddable":true,"href":"https:\/\/etab.ac-reunion.fr\/clg-jean-desme\/wp-json\/wp\/v2\/users\/30305"}],"replies":[{"embeddable":true,"href":"https:\/\/etab.ac-reunion.fr\/clg-jean-desme\/wp-json\/wp\/v2\/comments?post=5509"}],"version-history":[{"count":1,"href":"https:\/\/etab.ac-reunion.fr\/clg-jean-desme\/wp-json\/wp\/v2\/posts\/5509\/revisions"}],"predecessor-version":[{"id":5512,"href":"https:\/\/etab.ac-reunion.fr\/clg-jean-desme\/wp-json\/wp\/v2\/posts\/5509\/revisions\/5512"}],"wp:featuredmedia":[{"embeddable":true,"href":"https:\/\/etab.ac-reunion.fr\/clg-jean-desme\/wp-json\/wp\/v2\/media\/5511"}],"wp:attachment":[{"href":"https:\/\/etab.ac-reunion.fr\/clg-jean-desme\/wp-json\/wp\/v2\/media?parent=5509"}],"wp:term":[{"taxonomy":"category","embeddable":true,"href":"https:\/\/etab.ac-reunion.fr\/clg-jean-desme\/wp-json\/wp\/v2\/categories?post=5509"},{"taxonomy":"post_tag","embeddable":true,"href":"https:\/\/etab.ac-reunion.fr\/clg-jean-desme\/wp-json\/wp\/v2\/tags?post=5509"}],"curies":[{"name":"wp","href":"https:\/\/api.w.org\/{rel}","templated":true}]}}