{"id":5513,"date":"2025-12-08T09:33:18","date_gmt":"2025-12-08T05:33:18","guid":{"rendered":"https:\/\/etab.ac-reunion.fr\/clg-jean-desme\/?p=5513"},"modified":"2025-12-08T09:41:34","modified_gmt":"2025-12-08T05:41:34","slug":"application-lien","status":"publish","type":"post","link":"https:\/\/etab.ac-reunion.fr\/clg-jean-desme\/application-lien\/","title":{"rendered":"Mentions informatives de l&rsquo;application Logiciel des infirmiers de l&rsquo;\u00e9ducation nationale"},"content":{"rendered":"\n<p>Le traitement LIEN (Logiciel infirmier de l&rsquo;\u00c9ducation Nationale) est une application informatique utilis\u00e9e par les infirmiers scolaires pour le suivi de la sant\u00e9 des \u00e9l\u00e8ves tout au long de leur scolarit\u00e9. Il est mis en \u0153uvre depuis la rentr\u00e9e 2022 dans les coll\u00e8ges et lyc\u00e9es publics. Il permet :<\/p>\n\n\n\n<ul class=\"wp-block-list\">\n<li>d\u2019assurer le suivi de l\u2019\u00e9tat de sant\u00e9 individuel des \u00e9l\u00e8ves du 2<sup>nd<\/sup> degr\u00e9 lors des consultations effectu\u00e9es par les infirmiers de l\u2019\u00e9ducation nationale ;<\/li>\n\n\n\n<li>d\u2019assurer la gestion des sollicitations des \u00e9l\u00e8ves \u00e0 l\u2019infirmerie ;<\/li>\n\n\n\n<li>d\u2019assurer la tra\u00e7abilit\u00e9 des actes des soins infirmiers pour le public \u00e9l\u00e8ves accueilli.<\/li>\n<\/ul>\n\n\n\n<p>Une fiche d\u2019information \u00e0 l\u2019attention des familles sur l\u2019utilisation des donn\u00e9es de cette application dans le cadre du RGPD (R\u00e8glement G\u00e9n\u00e9ral de Protection des Donn\u00e9es) est disponible <a href=\"https:\/\/etab.ac-reunion.fr\/clg-jean-desme\/wp-content\/uploads\/sites\/46\/2025\/12\/Mentions-informatives-LIEN-2025.pdf\" data-type=\"link\" data-id=\"https:\/\/etab.ac-reunion.fr\/clg-jean-desme\/wp-content\/uploads\/sites\/46\/2025\/12\/Mentions-informatives-LIEN-2025.pdf\">ICI<\/a><\/p>\n","protected":false},"excerpt":{"rendered":"<p>Le traitement LIEN (Logiciel infirmier de l&rsquo;\u00c9ducation Nationale) est une application informatique utilis\u00e9e par les infirmiers scolaires pour le suivi de la sant\u00e9 des \u00e9l\u00e8ves tout au long de leur scolarit\u00e9. Il est mis en \u0153uvre depuis la rentr\u00e9e 2022 dans les coll\u00e8ges et lyc\u00e9es publics. Il permet : Une fiche d\u2019information \u00e0 l\u2019attention des [&hellip;]<\/p>\n","protected":false},"author":30305,"featured_media":5521,"comment_status":"closed","ping_status":"closed","sticky":false,"template":"","format":"standard","meta":{"_et_pb_use_builder":"off","_et_pb_old_content":"","_et_gb_content_width":"","footnotes":""},"categories":[40,1],"tags":[],"class_list":["post-5513","post","type-post","status-publish","format-standard","has-post-thumbnail","hentry","category-information-aux-parents-deleves","category-information-generale"],"_links":{"self":[{"href":"https:\/\/etab.ac-reunion.fr\/clg-jean-desme\/wp-json\/wp\/v2\/posts\/5513","targetHints":{"allow":["GET"]}}],"collection":[{"href":"https:\/\/etab.ac-reunion.fr\/clg-jean-desme\/wp-json\/wp\/v2\/posts"}],"about":[{"href":"https:\/\/etab.ac-reunion.fr\/clg-jean-desme\/wp-json\/wp\/v2\/types\/post"}],"author":[{"embeddable":true,"href":"https:\/\/etab.ac-reunion.fr\/clg-jean-desme\/wp-json\/wp\/v2\/users\/30305"}],"replies":[{"embeddable":true,"href":"https:\/\/etab.ac-reunion.fr\/clg-jean-desme\/wp-json\/wp\/v2\/comments?post=5513"}],"version-history":[{"count":4,"href":"https:\/\/etab.ac-reunion.fr\/clg-jean-desme\/wp-json\/wp\/v2\/posts\/5513\/revisions"}],"predecessor-version":[{"id":5522,"href":"https:\/\/etab.ac-reunion.fr\/clg-jean-desme\/wp-json\/wp\/v2\/posts\/5513\/revisions\/5522"}],"wp:featuredmedia":[{"embeddable":true,"href":"https:\/\/etab.ac-reunion.fr\/clg-jean-desme\/wp-json\/wp\/v2\/media\/5521"}],"wp:attachment":[{"href":"https:\/\/etab.ac-reunion.fr\/clg-jean-desme\/wp-json\/wp\/v2\/media?parent=5513"}],"wp:term":[{"taxonomy":"category","embeddable":true,"href":"https:\/\/etab.ac-reunion.fr\/clg-jean-desme\/wp-json\/wp\/v2\/categories?post=5513"},{"taxonomy":"post_tag","embeddable":true,"href":"https:\/\/etab.ac-reunion.fr\/clg-jean-desme\/wp-json\/wp\/v2\/tags?post=5513"}],"curies":[{"name":"wp","href":"https:\/\/api.w.org\/{rel}","templated":true}]}}