{"id":5568,"date":"2026-01-29T09:01:20","date_gmt":"2026-01-29T05:01:20","guid":{"rendered":"https:\/\/etab.ac-reunion.fr\/clg-jean-desme\/?p=5568"},"modified":"2026-01-29T09:02:11","modified_gmt":"2026-01-29T05:02:11","slug":"intervention-de-la-seor-au-college-jean-desme","status":"publish","type":"post","link":"https:\/\/etab.ac-reunion.fr\/clg-jean-desme\/intervention-de-la-seor-au-college-jean-desme\/","title":{"rendered":"Intervention de la SEOR au coll\u00e8ge Jean d\u2019Esme"},"content":{"rendered":"\n<p>Cette ann\u00e9e, nous (\u00e9l\u00e8ves du coll\u00e8ge Jean d\u2019Esme inscrits au \u00ab&nbsp;club oiseaux&nbsp;\u00bb) avons eu la chance de rencontrer deux fois des intervenants de la SEOR (Soci\u00e9t\u00e9 d\u2019\u00c9tude Ornithologique de La R\u00e9union).<\/p>\n\n\n\n<p>Lors de leur premi\u00e8re visite, ils nous ont expliqu\u00e9 o\u00f9 vivent certains oiseaux de l\u2019\u00eele, ce qu\u2019ils mangent et comment ils se comportent. Ils nous ont aussi montr\u00e9 un diaporama avec des photos et les chants des oiseaux, ce qui nous a permis de mieux les reconna\u00eetre. Nous avons fait quelques petits jeux pour apprendre \u00e0 les identifier, comme remarquer que le moineau m\u00e2le poss\u00e8de une collerette noire alors que la femelle n\u2019en a pas. Les intervenants nous ont aussi appris la diff\u00e9rence entre les oiseaux exotiques, end\u00e9miques et indig\u00e8nes, ce qui nous a beaucoup int\u00e9ress\u00e9.<\/p>\n\n\n\n<p>Lors de leur deuxi\u00e8me visite, nous sommes sortis dans la cour du coll\u00e8ge pour observer les oiseaux autour de nous. Gr\u00e2ce aux jumelles, nous avons pu voir des cardinals, des b\u00e9liers, des merles pays, des becs roses et \u2026 un papangue ! Nous avons appris \u00e0 rester discrets pour ne pas effrayer les oiseaux : ne pas faire de bruit et \u00e9viter les gestes brusques.<\/p>\n\n\n\n<p>Nous avons vraiment appr\u00e9ci\u00e9 ces interventions, car elles nous ont permis de d\u00e9couvrir le m\u00e9tier d\u2019ornithologue et de mieux comprendre l\u2019importance de prot\u00e9ger les oiseaux. Par exemple, nous savons maintenant pourquoi il est important d\u2019\u00e9teindre les lumi\u00e8res pendant la saison de migration des p\u00e9trels de Barau.<\/p>\n\n\n\n<p>Ces rencontres ont aussi \u00e9t\u00e9 le point de d\u00e9part de notre projet au coll\u00e8ge : nous avons cr\u00e9\u00e9 des affiches sur diff\u00e9rents oiseaux de quartier qui seront expos\u00e9es en salle C3. Ces affiches permettront d\u2019en apprendre davantage sur les oiseaux qui seront peints sur les tables de cette salle de science. Le but de ce projet est de sensibiliser les \u00e9l\u00e8ves du coll\u00e8ge pour qu\u2019ils soient plus attentifs aux oiseaux et \u00e0 la nature qui nous entoure.<\/p>\n\n\n\n<p>\u00c9l\u00e8ves du club oiseau ayant contribu\u00e9s \u00e0 la r\u00e9daction de cet article&nbsp;:<\/p>\n\n\n\n<p class=\"has-vivid-green-cyan-color has-text-color has-link-color wp-elements-bbd7d0d55ed3133d42f44278ce11da76\">Gabriel Sautron, Matthieu Mary, Ismael Rakotomaria, Emilie Chane ting sang, Louka Suzanne, Romain Amsing, Tiana Damour Guichard, Mia-Elisa Fontaine, Jaden Ta\u00eflama mouny, Benjamin Boyer Tipveau, Johran Concy L\u00e9na\u00efs Bernard<\/p>\n\n\n\n<figure class=\"wp-block-gallery has-nested-images columns-default is-cropped wp-block-gallery-1 is-layout-flex wp-block-gallery-is-layout-flex\">\n<figure class=\"wp-block-image size-large\"><img loading=\"lazy\" decoding=\"async\" width=\"1024\" height=\"768\" data-id=\"5569\" src=\"https:\/\/etab.ac-reunion.fr\/clg-jean-desme\/wp-content\/uploads\/sites\/46\/2026\/01\/4-1024x768.jpg\" alt=\"\" class=\"wp-image-5569\" srcset=\"https:\/\/etab.ac-reunion.fr\/clg-jean-desme\/wp-content\/uploads\/sites\/46\/2026\/01\/4-980x735.jpg 980w, https:\/\/etab.ac-reunion.fr\/clg-jean-desme\/wp-content\/uploads\/sites\/46\/2026\/01\/4-480x360.jpg 480w\" sizes=\"(min-width: 0px) and (max-width: 480px) 480px, (min-width: 481px) and (max-width: 980px) 980px, (min-width: 981px) 1024px, 100vw\" \/><\/figure>\n\n\n\n<figure class=\"wp-block-image size-large\"><img loading=\"lazy\" decoding=\"async\" width=\"768\" height=\"1024\" data-id=\"5570\" src=\"https:\/\/etab.ac-reunion.fr\/clg-jean-desme\/wp-content\/uploads\/sites\/46\/2026\/01\/1-768x1024.jpg\" alt=\"\" class=\"wp-image-5570\" \/><\/figure>\n\n\n\n<figure class=\"wp-block-image size-large\"><img loading=\"lazy\" decoding=\"async\" width=\"1024\" height=\"768\" data-id=\"5571\" src=\"https:\/\/etab.ac-reunion.fr\/clg-jean-desme\/wp-content\/uploads\/sites\/46\/2026\/01\/2-1024x768.jpg\" alt=\"\" class=\"wp-image-5571\" srcset=\"https:\/\/etab.ac-reunion.fr\/clg-jean-desme\/wp-content\/uploads\/sites\/46\/2026\/01\/2-980x735.jpg 980w, https:\/\/etab.ac-reunion.fr\/clg-jean-desme\/wp-content\/uploads\/sites\/46\/2026\/01\/2-480x360.jpg 480w\" sizes=\"(min-width: 0px) and (max-width: 480px) 480px, (min-width: 481px) and (max-width: 980px) 980px, (min-width: 981px) 1024px, 100vw\" \/><\/figure>\n\n\n\n<figure class=\"wp-block-image size-large\"><img loading=\"lazy\" decoding=\"async\" width=\"1024\" height=\"768\" data-id=\"5572\" src=\"https:\/\/etab.ac-reunion.fr\/clg-jean-desme\/wp-content\/uploads\/sites\/46\/2026\/01\/3-1024x768.jpg\" alt=\"\" class=\"wp-image-5572\" srcset=\"https:\/\/etab.ac-reunion.fr\/clg-jean-desme\/wp-content\/uploads\/sites\/46\/2026\/01\/3-980x735.jpg 980w, https:\/\/etab.ac-reunion.fr\/clg-jean-desme\/wp-content\/uploads\/sites\/46\/2026\/01\/3-480x360.jpg 480w\" sizes=\"(min-width: 0px) and (max-width: 480px) 480px, (min-width: 481px) and (max-width: 980px) 980px, (min-width: 981px) 1024px, 100vw\" \/><\/figure>\n<\/figure>\n","protected":false},"excerpt":{"rendered":"<p>Cette ann\u00e9e, nous (\u00e9l\u00e8ves du coll\u00e8ge Jean d\u2019Esme inscrits au \u00ab&nbsp;club oiseaux&nbsp;\u00bb) avons eu la chance de rencontrer deux fois des intervenants de la SEOR (Soci\u00e9t\u00e9 d\u2019\u00c9tude Ornithologique de La R\u00e9union). Lors de leur premi\u00e8re visite, ils nous ont expliqu\u00e9 o\u00f9 vivent certains oiseaux de l\u2019\u00eele, ce qu\u2019ils mangent et comment ils se comportent. Ils [&hellip;]<\/p>\n","protected":false},"author":30305,"featured_media":5574,"comment_status":"closed","ping_status":"closed","sticky":false,"template":"","format":"standard","meta":{"_et_pb_use_builder":"off","_et_pb_old_content":"","_et_gb_content_width":"","footnotes":""},"categories":[10],"tags":[],"class_list":["post-5568","post","type-post","status-publish","format-standard","has-post-thumbnail","hentry","category-actualites-du-college"],"_links":{"self":[{"href":"https:\/\/etab.ac-reunion.fr\/clg-jean-desme\/wp-json\/wp\/v2\/posts\/5568","targetHints":{"allow":["GET"]}}],"collection":[{"href":"https:\/\/etab.ac-reunion.fr\/clg-jean-desme\/wp-json\/wp\/v2\/posts"}],"about":[{"href":"https:\/\/etab.ac-reunion.fr\/clg-jean-desme\/wp-json\/wp\/v2\/types\/post"}],"author":[{"embeddable":true,"href":"https:\/\/etab.ac-reunion.fr\/clg-jean-desme\/wp-json\/wp\/v2\/users\/30305"}],"replies":[{"embeddable":true,"href":"https:\/\/etab.ac-reunion.fr\/clg-jean-desme\/wp-json\/wp\/v2\/comments?post=5568"}],"version-history":[{"count":1,"href":"https:\/\/etab.ac-reunion.fr\/clg-jean-desme\/wp-json\/wp\/v2\/posts\/5568\/revisions"}],"predecessor-version":[{"id":5573,"href":"https:\/\/etab.ac-reunion.fr\/clg-jean-desme\/wp-json\/wp\/v2\/posts\/5568\/revisions\/5573"}],"wp:featuredmedia":[{"embeddable":true,"href":"https:\/\/etab.ac-reunion.fr\/clg-jean-desme\/wp-json\/wp\/v2\/media\/5574"}],"wp:attachment":[{"href":"https:\/\/etab.ac-reunion.fr\/clg-jean-desme\/wp-json\/wp\/v2\/media?parent=5568"}],"wp:term":[{"taxonomy":"category","embeddable":true,"href":"https:\/\/etab.ac-reunion.fr\/clg-jean-desme\/wp-json\/wp\/v2\/categories?post=5568"},{"taxonomy":"post_tag","embeddable":true,"href":"https:\/\/etab.ac-reunion.fr\/clg-jean-desme\/wp-json\/wp\/v2\/tags?post=5568"}],"curies":[{"name":"wp","href":"https:\/\/api.w.org\/{rel}","templated":true}]}}