{"id":5656,"date":"2026-02-17T13:33:38","date_gmt":"2026-02-17T09:33:38","guid":{"rendered":"https:\/\/etab.ac-reunion.fr\/clg-jean-desme\/?p=5656"},"modified":"2026-02-19T09:53:07","modified_gmt":"2026-02-19T05:53:07","slug":"%f0%9f%8e%84-noel-au-college-jean-desme-%f0%9f%8e%84","status":"publish","type":"post","link":"https:\/\/etab.ac-reunion.fr\/clg-jean-desme\/%f0%9f%8e%84-noel-au-college-jean-desme-%f0%9f%8e%84\/","title":{"rendered":"\ud83c\udf84 No\u00ebl au coll\u00e8ge Jean d\u2019Esme \ud83c\udf84"},"content":{"rendered":"[et_pb_section fb_built=\u00a0\u00bb1&Prime; _builder_version=\u00a0\u00bb4.27.5&Prime; _module_preset=\u00a0\u00bbdefault\u00a0\u00bb global_colors_info=\u00a0\u00bb{}\u00a0\u00bb][et_pb_row _builder_version=\u00a0\u00bb4.27.5&Prime; _module_preset=\u00a0\u00bbdefault\u00a0\u00bb global_colors_info=\u00a0\u00bb{}\u00a0\u00bb][et_pb_column type=\u00a0\u00bb4_4&Prime; _builder_version=\u00a0\u00bb4.27.5&Prime; _module_preset=\u00a0\u00bbdefault\u00a0\u00bb global_colors_info=\u00a0\u00bb{}\u00a0\u00bb][et_pb_text _builder_version=\u00a0\u00bb4.27.5&Prime; _module_preset=\u00a0\u00bbdefault\u00a0\u00bb global_colors_info=\u00a0\u00bb{}\u00a0\u00bb]\n<p>La p\u00e9riode de No\u00ebl a \u00e9t\u00e9 marqu\u00e9e par de belles actions solidaires et festives au coll\u00e8ge Jean d\u2019Esme. Entre engagement citoyen et moments de partage, \u00e9l\u00e8ves et personnels se sont mobilis\u00e9s pour faire de ce mois de d\u00e9cembre un temps fort de la vie de l\u2019\u00e9tablissement.<\/p>\n[\/et_pb_text][\/et_pb_column][\/et_pb_row][\/et_pb_section][et_pb_section fb_built=\u00a0\u00bb1&Prime; _builder_version=\u00a0\u00bb4.27.5&Prime; _module_preset=\u00a0\u00bbdefault\u00a0\u00bb global_colors_info=\u00a0\u00bb{}\u00a0\u00bb][et_pb_row _builder_version=\u00a0\u00bb4.27.5&Prime; _module_preset=\u00a0\u00bbdefault\u00a0\u00bb background_color=\u00a0\u00bbrgba(0,0,0,0.02)\u00a0\u00bb global_colors_info=\u00a0\u00bb{}\u00a0\u00bb][et_pb_column type=\u00a0\u00bb4_4&Prime; _builder_version=\u00a0\u00bb4.27.5&Prime; _module_preset=\u00a0\u00bbdefault\u00a0\u00bb global_colors_info=\u00a0\u00bb{}\u00a0\u00bb][et_pb_text _builder_version=\u00a0\u00bb4.27.5&Prime; _module_preset=\u00a0\u00bbdefault\u00a0\u00bb global_colors_info=\u00a0\u00bb{}\u00a0\u00bb]\n<p><strong>\ud83c\udf81<\/strong><strong> Projet No\u00ebl solidaire\u00a0: La collecte de jouets<\/strong><\/p>\n[\/et_pb_text][\/et_pb_column][\/et_pb_row][et_pb_row _builder_version=\u00a0\u00bb4.27.5&Prime; _module_preset=\u00a0\u00bbdefault\u00a0\u00bb background_color=\u00a0\u00bbrgba(0,0,0,0.02)\u00a0\u00bb global_colors_info=\u00a0\u00bb{}\u00a0\u00bb][et_pb_column type=\u00a0\u00bb4_4&Prime; _builder_version=\u00a0\u00bb4.27.5&Prime; _module_preset=\u00a0\u00bbdefault\u00a0\u00bb global_colors_info=\u00a0\u00bb{}\u00a0\u00bb][et_pb_text _builder_version=\u00a0\u00bb4.27.5&Prime; _module_preset=\u00a0\u00bbdefault\u00a0\u00bb global_colors_info=\u00a0\u00bb{}\u00a0\u00bb]\n<p>La magie de No\u00ebl a commenc\u00e9 d\u00e8s la fin du mois de novembre au coll\u00e8ge avec le Projet No\u00ebl Solidaire, port\u00e9 par le CVC (Conseil de la Vie Coll\u00e9gienne).<\/p>\n<p>Cinq \u00e9l\u00e8ves du CVC, Paulin (603), Judith (607), Thomas (604), Mah\u00e9 (507), Mia (507) et Catalina (405) ont tout d\u2019abord con\u00e7u des affiches du 27 novembre au 5 d\u00e9cembre afin de sensibiliser l\u2019ensemble de la communaut\u00e9 scolaire. La semaine suivante, ils sont pass\u00e9s dans toutes les classes pour pr\u00e9senter le projet et informer de la collecte de jouets pr\u00e9vue \u00e0 partir du 15 d\u00e9cembre.<\/p>\n<p>Les \u00e9l\u00e8ves se sont montr\u00e9s tr\u00e8s investis : chacun avait pr\u00e9par\u00e9 son discours et a su s\u2019exprimer avec aisance. Leur engagement a port\u00e9 ses fruits puisque le coll\u00e8ge a r\u00e9colt\u00e9 <strong>pr\u00e8s de 129 dons<\/strong> (jouets, jeux de soci\u00e9t\u00e9, DVD, magazines cadeaux, etc.).<\/p>\n<p>L\u2019ensemble des dons a \u00e9t\u00e9 remis \u00e0 Emma\u00fcs le mercredi 17 d\u00e9cembre, permettant ainsi de donner une seconde vie \u00e0 ces jouets et de faire des heureux.<\/p>\n<p>\u00a0\u00ab <em>On s\u2019est bien amus\u00e9, on a commenc\u00e9 \u00e0 apprendre comment utiliser Canva avec M. Florian, AED. Ensuite, nous avons pr\u00e9par\u00e9 un discours puis nous sommes pass\u00e9s dans chaque classe pendant une journ\u00e9e enti\u00e8re pour pr\u00e9senter le projet. \u00c7a a bien fonctionn\u00e9, il fallait d\u00e9poser les jouets au CDI. La r\u00e9colte a \u00e9t\u00e9 fructueuse et la CPE a donn\u00e9 les jouets \u00e0 Emma\u00fcs. Personnellement, j\u2019ai bien aim\u00e9 passer dans les classes et cr\u00e9er les affiches, nous nous sommes bien amus\u00e9s et en plus pour une bonne cause.<\/em> \u00bb<\/p>\n<p>Catalina, 405<\/p>\n<p>\u00ab <em>On se retrouvait tous les midis pour faire les affiches, c\u2019\u00e9tait trop bien. Puis quand on a fini de toutes les coller, on est pass\u00e9s dans toutes les classes pour pr\u00e9senter notre projet. \u00c0 la fin, quand on a compt\u00e9 tous les jouets, on a \u00e9t\u00e9 surpris par le nombre qu\u2019on avait r\u00e9colt\u00e9. Donc merci \u00e0 tout le monde qui a particip\u00e9 !!!!<\/em> \u00bb<\/p>\n<p>Judith, 607<\/p>\n<p>\u00ab\u00a0<em>J\u2019ai bien aim\u00e9 faire les affiches et d\u2019\u00eatre pass\u00e9 dans les classes. Les \u00e9l\u00e8ves nous ont \u00e9cout\u00e9 attentivement. On a r\u00e9colt\u00e9 beaucoup de jouets\u00a0<\/em>!\u00a0\u00bb<\/p>\n<p>Mah\u00e9, 507<\/p>\n[\/et_pb_text][et_pb_gallery gallery_ids=\u00a0\u00bb5622,5623,5624,5625&Prime; show_title_and_caption=\u00a0\u00bboff\u00a0\u00bb _builder_version=\u00a0\u00bb4.27.5&Prime; _module_preset=\u00a0\u00bbdefault\u00a0\u00bb global_colors_info=\u00a0\u00bb{}\u00a0\u00bb][\/et_pb_gallery][\/et_pb_column][\/et_pb_row][et_pb_row _builder_version=\u00a0\u00bb4.27.5&Prime; _module_preset=\u00a0\u00bbdefault\u00a0\u00bb background_color=\u00a0\u00bbrgba(0,199,244,0.13)\u00a0\u00bb global_colors_info=\u00a0\u00bb{}\u00a0\u00bb][et_pb_column type=\u00a0\u00bb4_4&Prime; _builder_version=\u00a0\u00bb4.27.5&Prime; _module_preset=\u00a0\u00bbdefault\u00a0\u00bb global_colors_info=\u00a0\u00bb{}\u00a0\u00bb][et_pb_text _builder_version=\u00a0\u00bb4.27.5&Prime; _module_preset=\u00a0\u00bbdefault\u00a0\u00bb global_colors_info=\u00a0\u00bb{}\u00a0\u00bb]\n<p>\ud83e\udd8c<strong> Le march\u00e9 de No\u00ebl du coll\u00e8ge Jean d\u2019Esme<\/strong><\/p>\n[\/et_pb_text][et_pb_text _builder_version=\u00a0\u00bb4.27.5&Prime; _module_preset=\u00a0\u00bbdefault\u00a0\u00bb global_colors_info=\u00a0\u00bb{}\u00a0\u00bb]\n<p>Dans la continuit\u00e9 de cet esprit solidaire, le march\u00e9 de No\u00ebl du coll\u00e8ge Jean d\u2019Esme a \u00e9galement rencontr\u00e9 un franc succ\u00e8s.<\/p>\n<p>Les affiches du march\u00e9 ont \u00e9t\u00e9 r\u00e9alis\u00e9es par Catalina (405) membre du CVC, accompagn\u00e9e de ses camarades Lucas (405) et Mah\u00e9 (404).<\/p>\n<p>Le march\u00e9 a d\u00e9but\u00e9 par une vente de capri-suns et de sabl\u00e9s de No\u00ebl organis\u00e9e sur plusieurs jours, \u00e0 chaque r\u00e9cr\u00e9ation. Nos \u00e9l\u00e8ves de 3<sup>\u00e8me<\/sup> du CVC ont r\u00e9alis\u00e9 cette vente avec succ\u00e8s.<\/p>\n<p>Un grand merci au FSE, \u00e0 Chlo\u00e9 (AED) ainsi qu\u2019\u00e0 Alexandre (304) pour les dons de packs de capri-suns, ainsi qu\u2019\u00e0 Mme Virama et \u00e0 la section ULIS pour la confection des d\u00e9licieux sabl\u00e9s de No\u00ebl. Gr\u00e2ce \u00e0 cette vente, le CVC et la section ULIS ont r\u00e9colt\u00e9 une belle somme qui servira \u00e0 financer de futures actions au b\u00e9n\u00e9fice du coll\u00e8ge.<\/p>\n<p><em>\u00a0\u00ab J\u2019ai beaucoup aim\u00e9 participer aux ventes car je voyais les gens heureux, la joie d\u2019avoir un petit quelque chose en rapport avec No\u00ebl. \u00bb<\/em><\/p>\n<p>Elisa, 303<\/p>\n<p><em>\u00ab Pour moi cette semaine a \u00e9t\u00e9 incroyable, le fait d\u2019avoir aid\u00e9 les CPE et le coll\u00e8ge, ainsi que le fait d\u2019avoir \u00e9t\u00e9 accompagn\u00e9 par des \u00e9l\u00e8ves du CVC. A la vente, les g\u00e2teaux ont eu un \u00e9norme succ\u00e8s incroyable. Cette semaine restera grav\u00e9e pour nous, \u00e9l\u00e8ves du CVC. Merci aux CPE pour cette semaine. \u00bb<\/em><\/p>\n<p>Nendhini, 304<\/p>\n<p>\u00ab\u00a0<em>La vente de capri-suns nous a appris \u00e0 avoir une responsabilit\u00e9 dans le coll\u00e8ge, comme la responsabilit\u00e9 de l\u2019argent<\/em>.\u00a0\u00bb<\/p>\n<p>Alexandre, 304<\/p>\n<p><em>\u00ab\u00a0On \u00e9tait un peu beaucoup pour g\u00e9rer le stand, mais c\u2019\u00e9tait super bien, je me suis amus\u00e9e et c\u2019\u00e9tait le dernier march\u00e9 de Noel que je ferai au coll\u00e8ge\u00a0!\u00a0\u00bb<\/em><\/p>\n<p>Mah\u00e9e, 303<\/p>\n<p>\u00ab\u00a0<em>J\u2019ai ador\u00e9 ce que j\u2019ai fait cette semaine car la vente m\u2019a permis d\u2019interagir avec la plupart des \u00e9l\u00e8ves. Il y avait une bonne entente entre mes camarades qui \u00e9taient pr\u00e9sents pour la vente. Je remercie le coll\u00e8ge et surtout les CPE pour nous avoir permis de faire la vente. Et je remercie aussi mes camarades, Shanna, Mah\u00e9e, Nendini, Elysa et Ethan. J\u2019esp\u00e8re qu\u2019on le refera dans l\u2019ann\u00e9e car c\u2019\u00e9tait une exp\u00e9rience incroyable.<\/em>\u00a0\u00bb<\/p>\n<p>Loic, 306<\/p>\n[\/et_pb_text][et_pb_gallery gallery_ids=\u00a0\u00bb5626,5628,5627&Prime; show_title_and_caption=\u00a0\u00bboff\u00a0\u00bb _builder_version=\u00a0\u00bb4.27.5&Prime; _module_preset=\u00a0\u00bbdefault\u00a0\u00bb global_colors_info=\u00a0\u00bb{}\u00a0\u00bb][\/et_pb_gallery][\/et_pb_column][\/et_pb_row][et_pb_row _builder_version=\u00a0\u00bb4.27.5&Prime; _module_preset=\u00a0\u00bbdefault\u00a0\u00bb global_colors_info=\u00a0\u00bb{}\u00a0\u00bb][et_pb_column type=\u00a0\u00bb4_4&Prime; _builder_version=\u00a0\u00bb4.27.5&Prime; _module_preset=\u00a0\u00bbdefault\u00a0\u00bb global_colors_info=\u00a0\u00bb{}\u00a0\u00bb][et_pb_text _builder_version=\u00a0\u00bb4.27.5&Prime; _module_preset=\u00a0\u00bbdefault\u00a0\u00bb global_colors_info=\u00a0\u00bb{}\u00a0\u00bb]\n<p>Le vendredi 19 d\u00e9cembre, la Vie scolaire et la SEGPA ont collabor\u00e9 pour proposer une v\u00e9ritable matin\u00e9e r\u00e9cr\u00e9ative aux \u00e9l\u00e8ves. Au programme :<\/p>\n<ul>\n<li>Atelier tressage de feuilles de coco, anim\u00e9 par St\u00e9phane (AED)<\/li>\n<li>Atelier d\u00e9coration de No\u00ebl sur bois, anim\u00e9 par M. Tardieu et possible gr\u00e2ce aux d\u00e9corations fabriqu\u00e9es par Andr\u00e9, Warren, Ma\u00e9 de 401 et Kylian, Th\u00e9o, Angelina, Eiden et Ad\u00e8le de 402.<\/li>\n<li>Atelier fabrication de boules de No\u00ebl, anim\u00e9 par Yohann (AED)<\/li>\n<li>Un chamboule-tout, typique des march\u00e9s de No\u00ebl, anim\u00e9 par Olivier (AED)<\/li>\n<\/ul>\n<p><em>\u00ab L\u2019atelier \u00e9tait cool et amusant, car on devait tirer sur les bo\u00eetes et on a 3 chances mais le plus dur, c\u2019\u00e9tait de ramasser les bo\u00eetes ! \u00bb<\/em><\/p>\n<p>Isfahane, 305<\/p>\n<p><em>\u00ab\u00a0J&rsquo;ai bien jou\u00e9 au chamboule-tout, j&rsquo;aimerais le refaire. C&rsquo;\u00e9tait dr\u00f4le quand j&rsquo;arrivais pas \u00e0 viser. J&rsquo;ai beaucoup aim\u00e9 l&rsquo;activit\u00e9 peinture sur le sapin en bois. Pour avoir du vert, j&rsquo;ai fait ce que j&rsquo;ai appris en arts plastiques : j&rsquo;ai m\u00e9lang\u00e9 du jaune et du bleu.\u00a0\u00bb<\/em><\/p>\n<p>Chaniza, 601<\/p>\n<p><em>\u00ab\u00a0J&rsquo;ai bien aim\u00e9 le chamboule-tout avec le pied. \u00c7a m&rsquo;a permis de me d\u00e9fouler un peu.\u00a0\u00bb<\/em><\/p>\n<p>Jallan, 301<\/p>\n[\/et_pb_text][et_pb_gallery gallery_ids=\u00a0\u00bb5630,5645,5644,5643,5642,5641,5640,5639,5638,5637,5636,5635,5634,5633,5631,5632,5629&Prime; show_title_and_caption=\u00a0\u00bboff\u00a0\u00bb _builder_version=\u00a0\u00bb4.27.5&Prime; _module_preset=\u00a0\u00bbdefault\u00a0\u00bb global_colors_info=\u00a0\u00bb{}\u00a0\u00bb][\/et_pb_gallery][\/et_pb_column][\/et_pb_row][et_pb_row _builder_version=\u00a0\u00bb4.27.5&Prime; _module_preset=\u00a0\u00bbdefault\u00a0\u00bb background_color=\u00a0\u00bbrgba(252,0,12,0.07)\u00a0\u00bb global_colors_info=\u00a0\u00bb{}\u00a0\u00bb][et_pb_column type=\u00a0\u00bb4_4&Prime; _builder_version=\u00a0\u00bb4.27.5&Prime; _module_preset=\u00a0\u00bbdefault\u00a0\u00bb global_colors_info=\u00a0\u00bb{}\u00a0\u00bb][et_pb_text _builder_version=\u00a0\u00bb4.27.5&Prime; _module_preset=\u00a0\u00bbdefault\u00a0\u00bb global_colors_info=\u00a0\u00bb{}\u00a0\u00bb]\n<p><strong>\ud83c\udf3a<\/strong> <strong>Fet Kaf\u2019<\/strong><\/p>\n[\/et_pb_text][et_pb_text _builder_version=\u00a0\u00bb4.27.5&Prime; _module_preset=\u00a0\u00bbdefault\u00a0\u00bb global_colors_info=\u00a0\u00bb{}\u00a0\u00bb]\n<p>Enfin, lors de la r\u00e9cr\u00e9ation, les \u00e9l\u00e8ves ont \u00e9galement pu profiter d\u2019un spectacle de Maloya, pr\u00e9par\u00e9 par Loane (AED), accompagn\u00e9e de ses danseuses et musiciens : Mathis (603), Rajendra (606), Louna (501), Kamyla (502), Keyliane (503), Mahery (503), Bastien (504), Shaheena (505), Shaina (505),\u00a0 Sidney (505), Laurina (506), Lya (506), Orlane (507), Alya (403), Enzo (403), Meily (403), et deux intervenants de l\u2019Association des Rythme Urbains.<\/p>\n[\/et_pb_text][et_pb_gallery gallery_ids=\u00a0\u00bb5646,5652,5651,5650,5649,5648,5647&Prime; show_title_and_caption=\u00a0\u00bboff\u00a0\u00bb _builder_version=\u00a0\u00bb4.27.5&Prime; _module_preset=\u00a0\u00bbdefault\u00a0\u00bb global_colors_info=\u00a0\u00bb{}\u00a0\u00bb][\/et_pb_gallery][\/et_pb_column][\/et_pb_row][et_pb_row _builder_version=\u00a0\u00bb4.27.5&Prime; _module_preset=\u00a0\u00bbdefault\u00a0\u00bb global_colors_info=\u00a0\u00bb{}\u00a0\u00bb][et_pb_column type=\u00a0\u00bb4_4&Prime; _builder_version=\u00a0\u00bb4.27.5&Prime; _module_preset=\u00a0\u00bbdefault\u00a0\u00bb global_colors_info=\u00a0\u00bb{}\u00a0\u00bb][et_pb_text _builder_version=\u00a0\u00bb4.27.5&Prime; _module_preset=\u00a0\u00bbdefault\u00a0\u00bb global_colors_info=\u00a0\u00bb{}\u00a0\u00bb]\n<p>\u00c0 travers ces diff\u00e9rentes actions, le coll\u00e8ge Jean d\u2019Esme a une nouvelle fois d\u00e9montr\u00e9 que la solidarit\u00e9, l\u2019entraide et la convivialit\u00e9 sont des valeurs pleinement v\u00e9cues au quotidien. Gr\u00e2ce \u00e0 l\u2019investissement des \u00e9l\u00e8ves, au dynamisme du CVC, \u00e0 l\u2019implication des \u00e9quipes \u00e9ducatives, des AED, des enseignants et des partenaires, cette p\u00e9riode de No\u00ebl a \u00e9t\u00e9 riche en sourires, en apprentissages et en moments de partage.<\/p>\n<p>Ces initiatives ont permis aux \u00e9l\u00e8ves de d\u00e9velopper leur sens des responsabilit\u00e9s, leur esprit citoyen et le plaisir d\u2019agir ensemble pour les autres. Un grand bravo \u00e0 tous les participants pour leur engagement et leur enthousiasme, et un immense merci \u00e0 l\u2019ensemble de la communaut\u00e9 \u00e9ducative pour avoir contribu\u00e9 \u00e0 faire de ce mois de d\u00e9cembre un temps fort de la vie du coll\u00e8ge.<\/p>\n<p>Mme SAMBASSOUREDY<\/p>\n<p>CPE 6<sup>e<\/sup>-4<sup>e<\/sup><\/p>\n[\/et_pb_text][\/et_pb_column][\/et_pb_row][\/et_pb_section]\n","protected":false},"excerpt":{"rendered":"<p>La p\u00e9riode de No\u00ebl a \u00e9t\u00e9 marqu\u00e9e par de belles actions solidaires et festives au coll\u00e8ge Jean d\u2019Esme. Entre engagement citoyen et moments de partage, \u00e9l\u00e8ves et personnels se sont mobilis\u00e9s pour faire de ce mois de d\u00e9cembre un temps fort de la vie de l\u2019\u00e9tablissement.\ud83c\udf81 Projet No\u00ebl solidaire\u00a0: La collecte de jouetsLa magie de [&hellip;]<\/p>\n","protected":false},"author":30305,"featured_media":5664,"comment_status":"closed","ping_status":"closed","sticky":false,"template":"","format":"standard","meta":{"_et_pb_use_builder":"on","_et_pb_old_content":"","_et_gb_content_width":"","footnotes":""},"categories":[10,75,53],"tags":[],"class_list":["post-5656","post","type-post","status-publish","format-standard","has-post-thumbnail","hentry","category-actualites-du-college","category-cvc","category-projets-et-evenements"],"_links":{"self":[{"href":"https:\/\/etab.ac-reunion.fr\/clg-jean-desme\/wp-json\/wp\/v2\/posts\/5656","targetHints":{"allow":["GET"]}}],"collection":[{"href":"https:\/\/etab.ac-reunion.fr\/clg-jean-desme\/wp-json\/wp\/v2\/posts"}],"about":[{"href":"https:\/\/etab.ac-reunion.fr\/clg-jean-desme\/wp-json\/wp\/v2\/types\/post"}],"author":[{"embeddable":true,"href":"https:\/\/etab.ac-reunion.fr\/clg-jean-desme\/wp-json\/wp\/v2\/users\/30305"}],"replies":[{"embeddable":true,"href":"https:\/\/etab.ac-reunion.fr\/clg-jean-desme\/wp-json\/wp\/v2\/comments?post=5656"}],"version-history":[{"count":9,"href":"https:\/\/etab.ac-reunion.fr\/clg-jean-desme\/wp-json\/wp\/v2\/posts\/5656\/revisions"}],"predecessor-version":[{"id":5673,"href":"https:\/\/etab.ac-reunion.fr\/clg-jean-desme\/wp-json\/wp\/v2\/posts\/5656\/revisions\/5673"}],"wp:featuredmedia":[{"embeddable":true,"href":"https:\/\/etab.ac-reunion.fr\/clg-jean-desme\/wp-json\/wp\/v2\/media\/5664"}],"wp:attachment":[{"href":"https:\/\/etab.ac-reunion.fr\/clg-jean-desme\/wp-json\/wp\/v2\/media?parent=5656"}],"wp:term":[{"taxonomy":"category","embeddable":true,"href":"https:\/\/etab.ac-reunion.fr\/clg-jean-desme\/wp-json\/wp\/v2\/categories?post=5656"},{"taxonomy":"post_tag","embeddable":true,"href":"https:\/\/etab.ac-reunion.fr\/clg-jean-desme\/wp-json\/wp\/v2\/tags?post=5656"}],"curies":[{"name":"wp","href":"https:\/\/api.w.org\/{rel}","templated":true}]}}