{"id":5682,"date":"2026-04-09T16:15:55","date_gmt":"2026-04-09T12:15:55","guid":{"rendered":"https:\/\/etab.ac-reunion.fr\/clg-jean-desme\/?p=5682"},"modified":"2026-04-09T16:15:55","modified_gmt":"2026-04-09T12:15:55","slug":"ouverture-de-la-campagne-dorientation-phase-definitive-annee-scolaire-2025-2026","status":"publish","type":"post","link":"https:\/\/etab.ac-reunion.fr\/clg-jean-desme\/ouverture-de-la-campagne-dorientation-phase-definitive-annee-scolaire-2025-2026\/","title":{"rendered":"Ouverture de la campagne d&rsquo;orientation- phase d\u00e9finitive &#8211; Ann\u00e9e scolaire 2025-2026"},"content":{"rendered":"\n<p><strong>Le service en ligne est accessible par le\u00a0<a href=\"https:\/\/education.gouv.fr\/accedez-au-portail-scolarite-services-de-votre-academie-5222\">portail Scolarit\u00e9 Services<\/a>\u00a0pour les parents d\u2019\u00e9l\u00e8ves de niveau 3e scolaris\u00e9s dans un \u00e9tablissement public ou priv\u00e9 sous contrat de l\u2019\u00e9ducation nationale.<\/strong><\/p>\n\n\n\n<p>Il vous permet :<\/p>\n\n\n\n<ul class=\"wp-block-list\">\n<li>de demander une (des) voie(s) d\u2019orientation pour la poursuite de la scolarit\u00e9 de votre enfant :<\/li>\n\n\n\n<li>de consulter les r\u00e9ponses du conseil de classe aux demandes formul\u00e9es<\/li>\n\n\n\n<li>d\u2019accuser r\u00e9ception (intentions d&rsquo;orientation) et de faire part de votre accord ou d\u00e9saccord (choix d\u00e9finitifs) suite aux r\u00e9ponses du conseil de classe<\/li>\n<\/ul>\n\n\n\n<figure class=\"wp-block-image size-large\"><img loading=\"lazy\" decoding=\"async\" width=\"727\" height=\"1024\" src=\"https:\/\/etab.ac-reunion.fr\/clg-jean-desme\/wp-content\/uploads\/sites\/46\/2026\/04\/2025_Flyer_TSO_3e-copie-draio-2025-flyer-tso-3e-47916_page-0001-727x1024.jpg\" alt=\"\" class=\"wp-image-5683\" \/><\/figure>\n\n\n\n<figure class=\"wp-block-image size-large\"><img loading=\"lazy\" decoding=\"async\" width=\"727\" height=\"1024\" src=\"https:\/\/etab.ac-reunion.fr\/clg-jean-desme\/wp-content\/uploads\/sites\/46\/2026\/04\/2025_Flyer_TSO_3e-copie-draio-2025-flyer-tso-3e-47916_page-0002-727x1024.jpg\" alt=\"\" class=\"wp-image-5684\" \/><\/figure>\n","protected":false},"excerpt":{"rendered":"<p>Le service en ligne est accessible par le\u00a0portail Scolarit\u00e9 Services\u00a0pour les parents d\u2019\u00e9l\u00e8ves de niveau 3e scolaris\u00e9s dans un \u00e9tablissement public ou priv\u00e9 sous contrat de l\u2019\u00e9ducation nationale. Il vous permet :<\/p>\n","protected":false},"author":30305,"featured_media":5685,"comment_status":"closed","ping_status":"closed","sticky":false,"template":"","format":"standard","meta":{"_et_pb_use_builder":"off","_et_pb_old_content":"","_et_gb_content_width":"","footnotes":""},"categories":[40,49],"tags":[],"class_list":["post-5682","post","type-post","status-publish","format-standard","has-post-thumbnail","hentry","category-information-aux-parents-deleves","category-representants-des-parents-deleves"],"_links":{"self":[{"href":"https:\/\/etab.ac-reunion.fr\/clg-jean-desme\/wp-json\/wp\/v2\/posts\/5682","targetHints":{"allow":["GET"]}}],"collection":[{"href":"https:\/\/etab.ac-reunion.fr\/clg-jean-desme\/wp-json\/wp\/v2\/posts"}],"about":[{"href":"https:\/\/etab.ac-reunion.fr\/clg-jean-desme\/wp-json\/wp\/v2\/types\/post"}],"author":[{"embeddable":true,"href":"https:\/\/etab.ac-reunion.fr\/clg-jean-desme\/wp-json\/wp\/v2\/users\/30305"}],"replies":[{"embeddable":true,"href":"https:\/\/etab.ac-reunion.fr\/clg-jean-desme\/wp-json\/wp\/v2\/comments?post=5682"}],"version-history":[{"count":1,"href":"https:\/\/etab.ac-reunion.fr\/clg-jean-desme\/wp-json\/wp\/v2\/posts\/5682\/revisions"}],"predecessor-version":[{"id":5686,"href":"https:\/\/etab.ac-reunion.fr\/clg-jean-desme\/wp-json\/wp\/v2\/posts\/5682\/revisions\/5686"}],"wp:featuredmedia":[{"embeddable":true,"href":"https:\/\/etab.ac-reunion.fr\/clg-jean-desme\/wp-json\/wp\/v2\/media\/5685"}],"wp:attachment":[{"href":"https:\/\/etab.ac-reunion.fr\/clg-jean-desme\/wp-json\/wp\/v2\/media?parent=5682"}],"wp:term":[{"taxonomy":"category","embeddable":true,"href":"https:\/\/etab.ac-reunion.fr\/clg-jean-desme\/wp-json\/wp\/v2\/categories?post=5682"},{"taxonomy":"post_tag","embeddable":true,"href":"https:\/\/etab.ac-reunion.fr\/clg-jean-desme\/wp-json\/wp\/v2\/tags?post=5682"}],"curies":[{"name":"wp","href":"https:\/\/api.w.org\/{rel}","templated":true}]}}