{"id":1057,"date":"2017-05-18T15:35:15","date_gmt":"2017-05-18T11:35:15","guid":{"rendered":"http:\/\/college-jean-lafosse.ac-reunion.fr\/?p=1057"},"modified":"2017-05-18T19:59:00","modified_gmt":"2017-05-18T15:59:00","slug":"sensemaya-au-college","status":"publish","type":"post","link":"https:\/\/etab.ac-reunion.fr\/clg-jean-lafosse\/sensemaya-au-college\/","title":{"rendered":"Sensemaya au coll\u00e8ge"},"content":{"rendered":"<p><a href=\"https:\/\/etab.ac-reunion.fr\/clg-jean-lafosse\/wp-content\/uploads\/sites\/101\/2017\/05\/Sensemaya.jpg\"><img loading=\"lazy\" decoding=\"async\" class=\"aligncenter size-medium wp-image-1061\" src=\"https:\/\/etab.ac-reunion.fr\/clg-jean-lafosse\/wp-content\/uploads\/sites\/101\/2017\/05\/Sensemaya-300x158.jpg\" alt=\"\" width=\"300\" height=\"158\" srcset=\"https:\/\/etab.ac-reunion.fr\/clg-jean-lafosse\/wp-content\/uploads\/sites\/101\/2017\/05\/Sensemaya-300x158.jpg 300w, https:\/\/etab.ac-reunion.fr\/clg-jean-lafosse\/wp-content\/uploads\/sites\/101\/2017\/05\/Sensemaya.jpg 771w\" sizes=\"auto, (max-width: 300px) 100vw, 300px\" \/><\/a><\/p>\n<p>Les \u00e9l\u00e8ves du niveau 4\u00e8me ainsi que la classe de 5\u00e8me bilangue ont pr\u00e9par\u00e9 un EPI r\u00e9unissant la musique et l&rsquo;espagnol. Leur t\u00e2che finale \u00e9tait la pr\u00e9paration de la venue d&rsquo;un artiste Jando qui leur ferait d\u00e9couvrir l&rsquo;Am\u00e9rique du sud \u00e0 travers diff\u00e9rents instruments de musique&#8230; Voici quelques extraits en vid\u00e9o:<br \/>\n<a href=\"https:\/\/www.youtube.com\/watch?v=MtqbhJtpJm8&amp;feature=youtu.be\" target=\"_blank\" rel=\"noopener noreferrer\">1\u00e8re partie<\/a> et <a href=\"https:\/\/www.youtube.com\/watch?v=9b7-GdpRzeM&amp;feature=youtu.be\" target=\"_blank\" rel=\"noopener noreferrer\">2\u00e8me partie<\/a>.<\/p>\n<p>Bien que le concert fut donn\u00e9 l&rsquo;apr\u00e8s-midi, toute la journ\u00e9e du jeudi 4 mai r\u00e9sonna aux rythmes latinos avec notamment un repas sud-am\u00e9ricain \u00e0 la cantine et des ateliers sur la d\u00e9couverte de l&rsquo;Am\u00e9rique, Christophe Colomb, et une chasse aux questions dans la palmeraie.<\/p>\n<p>Cette belle journ\u00e9e s&rsquo;est termin\u00e9e sur un concert des \u00e9l\u00e8ves \u00ab\u00a0un poquito cantas\u00a0\u00bb.<\/p>\n<p><strong>Texte: Mme Payet C\u00e9cile.<\/strong><\/p>\n","protected":false},"excerpt":{"rendered":"<p>Les \u00e9l\u00e8ves du niveau 4\u00e8me ainsi que la classe de 5\u00e8me bilangue ont pr\u00e9par\u00e9 un EPI r\u00e9unissant la musique et l&rsquo;espagnol. Leur t\u00e2che finale \u00e9tait la pr\u00e9paration de la venue d&rsquo;un artiste Jando qui leur ferait d\u00e9couvrir l&rsquo;Am\u00e9rique du sud \u00e0 travers diff\u00e9rents instruments de musique&#8230; Voici quelques extraits en\u2026<\/p>\n<p> <a class=\"continue-reading-link\" href=\"https:\/\/etab.ac-reunion.fr\/clg-jean-lafosse\/sensemaya-au-college\/\"><span>Lire la suite&#8230;<\/span><i class=\"crycon-right-dir\"><\/i><\/a> <\/p>\n","protected":false},"author":3653,"featured_media":0,"comment_status":"closed","ping_status":"closed","sticky":false,"template":"","format":"standard","meta":{"footnotes":""},"categories":[4,14,21],"tags":[],"class_list":["post-1057","post","type-post","status-publish","format-standard","hentry","category-actualites","category-espagnol","category-musique"],"_links":{"self":[{"href":"https:\/\/etab.ac-reunion.fr\/clg-jean-lafosse\/wp-json\/wp\/v2\/posts\/1057","targetHints":{"allow":["GET"]}}],"collection":[{"href":"https:\/\/etab.ac-reunion.fr\/clg-jean-lafosse\/wp-json\/wp\/v2\/posts"}],"about":[{"href":"https:\/\/etab.ac-reunion.fr\/clg-jean-lafosse\/wp-json\/wp\/v2\/types\/post"}],"author":[{"embeddable":true,"href":"https:\/\/etab.ac-reunion.fr\/clg-jean-lafosse\/wp-json\/wp\/v2\/users\/3653"}],"replies":[{"embeddable":true,"href":"https:\/\/etab.ac-reunion.fr\/clg-jean-lafosse\/wp-json\/wp\/v2\/comments?post=1057"}],"version-history":[{"count":5,"href":"https:\/\/etab.ac-reunion.fr\/clg-jean-lafosse\/wp-json\/wp\/v2\/posts\/1057\/revisions"}],"predecessor-version":[{"id":1064,"href":"https:\/\/etab.ac-reunion.fr\/clg-jean-lafosse\/wp-json\/wp\/v2\/posts\/1057\/revisions\/1064"}],"wp:attachment":[{"href":"https:\/\/etab.ac-reunion.fr\/clg-jean-lafosse\/wp-json\/wp\/v2\/media?parent=1057"}],"wp:term":[{"taxonomy":"category","embeddable":true,"href":"https:\/\/etab.ac-reunion.fr\/clg-jean-lafosse\/wp-json\/wp\/v2\/categories?post=1057"},{"taxonomy":"post_tag","embeddable":true,"href":"https:\/\/etab.ac-reunion.fr\/clg-jean-lafosse\/wp-json\/wp\/v2\/tags?post=1057"}],"curies":[{"name":"wp","href":"https:\/\/api.w.org\/{rel}","templated":true}]}}