{"id":1978,"date":"2018-07-06T17:13:33","date_gmt":"2018-07-06T13:13:33","guid":{"rendered":"http:\/\/college-jean-lafosse.ac-reunion.fr\/?p=1978"},"modified":"2018-07-11T16:42:45","modified_gmt":"2018-07-11T12:42:45","slug":"informations-pour-lorganisation-de-la-pre-rentree-du-personnel-le-jeudi-16-aout-2018","status":"publish","type":"post","link":"https:\/\/etab.ac-reunion.fr\/clg-jean-lafosse\/informations-pour-lorganisation-de-la-pre-rentree-du-personnel-le-jeudi-16-aout-2018\/","title":{"rendered":"Informations pour l&rsquo;organisation de la pr\u00e9-rentr\u00e9e du personnel, le jeudi 16 ao\u00fbt 2018"},"content":{"rendered":"<p>Chers coll\u00e8gues, voici l&rsquo;organisation pour la journ\u00e9e de pr\u00e9-rentr\u00e9e (voir fichier pdf ci-dessous):<\/p>\n<p><!--more--><\/p>\n\n<!-- iframe plugin v.5.2 wordpress.org\/plugins\/iframe\/ -->\n<iframe loading=\"lazy\" src=\"https:\/\/etab.ac-reunion.fr\/clg-jean-lafosse\/wp-content\/uploads\/sites\/101\/2018\/07\/p-01-organisation-de-la-journee-de-pre-ren-1.pdf\" width=\"100%\" height=\"800\" scrolling=\"auto\" class=\"iframe-class\" frameborder=\"0\"><\/iframe>\n\n<p><a href=\"https:\/\/etab.ac-reunion.fr\/clg-jean-lafosse\/wp-content\/uploads\/sites\/101\/2018\/07\/p-01-organisation-de-la-journee-de-pre-ren-1.pdf\">p 01 organisation de la journee de pr\u00e9-rentr\u00e9e<\/a><\/p>\n<p style=\"text-align: right\">La direction.<\/p>\n","protected":false},"excerpt":{"rendered":"<p>Chers coll\u00e8gues, voici l&rsquo;organisation pour la journ\u00e9e de pr\u00e9-rentr\u00e9e (voir fichier pdf ci-dessous):<\/p>\n<p> <a class=\"continue-reading-link\" href=\"https:\/\/etab.ac-reunion.fr\/clg-jean-lafosse\/informations-pour-lorganisation-de-la-pre-rentree-du-personnel-le-jeudi-16-aout-2018\/\"><span>Lire la suite&#8230;<\/span><i class=\"crycon-right-dir\"><\/i><\/a> <\/p>\n","protected":false},"author":3966,"featured_media":0,"comment_status":"closed","ping_status":"closed","sticky":false,"template":"","format":"standard","meta":{"footnotes":""},"categories":[4],"tags":[],"class_list":["post-1978","post","type-post","status-publish","format-standard","hentry","category-actualites"],"_links":{"self":[{"href":"https:\/\/etab.ac-reunion.fr\/clg-jean-lafosse\/wp-json\/wp\/v2\/posts\/1978","targetHints":{"allow":["GET"]}}],"collection":[{"href":"https:\/\/etab.ac-reunion.fr\/clg-jean-lafosse\/wp-json\/wp\/v2\/posts"}],"about":[{"href":"https:\/\/etab.ac-reunion.fr\/clg-jean-lafosse\/wp-json\/wp\/v2\/types\/post"}],"author":[{"embeddable":true,"href":"https:\/\/etab.ac-reunion.fr\/clg-jean-lafosse\/wp-json\/wp\/v2\/users\/3966"}],"replies":[{"embeddable":true,"href":"https:\/\/etab.ac-reunion.fr\/clg-jean-lafosse\/wp-json\/wp\/v2\/comments?post=1978"}],"version-history":[{"count":3,"href":"https:\/\/etab.ac-reunion.fr\/clg-jean-lafosse\/wp-json\/wp\/v2\/posts\/1978\/revisions"}],"predecessor-version":[{"id":1989,"href":"https:\/\/etab.ac-reunion.fr\/clg-jean-lafosse\/wp-json\/wp\/v2\/posts\/1978\/revisions\/1989"}],"wp:attachment":[{"href":"https:\/\/etab.ac-reunion.fr\/clg-jean-lafosse\/wp-json\/wp\/v2\/media?parent=1978"}],"wp:term":[{"taxonomy":"category","embeddable":true,"href":"https:\/\/etab.ac-reunion.fr\/clg-jean-lafosse\/wp-json\/wp\/v2\/categories?post=1978"},{"taxonomy":"post_tag","embeddable":true,"href":"https:\/\/etab.ac-reunion.fr\/clg-jean-lafosse\/wp-json\/wp\/v2\/tags?post=1978"}],"curies":[{"name":"wp","href":"https:\/\/api.w.org\/{rel}","templated":true}]}}