{"id":1982,"date":"2018-07-06T17:16:05","date_gmt":"2018-07-06T13:16:05","guid":{"rendered":"http:\/\/college-jean-lafosse.ac-reunion.fr\/?p=1982"},"modified":"2018-09-29T11:29:49","modified_gmt":"2018-09-29T07:29:49","slug":"organisation-de-la-rentree-des-eleves-2018-2019","status":"publish","type":"post","link":"https:\/\/etab.ac-reunion.fr\/clg-jean-lafosse\/organisation-de-la-rentree-des-eleves-2018-2019\/","title":{"rendered":"Organisation de la rentr\u00e9e des \u00e9l\u00e8ves 2018-2019"},"content":{"rendered":"<p>Veuillez trouver ci-dessous l&rsquo;organisation de la rentr\u00e9e des \u00e9l\u00e8ves pour l&rsquo;ann\u00e9e 2018-2019:<\/p>\n<p><!--more--><\/p>\n\n<!-- iframe plugin v.5.2 wordpress.org\/plugins\/iframe\/ -->\n<iframe loading=\"lazy\" src=\"https:\/\/etab.ac-reunion.fr\/clg-jean-lafosse\/wp-content\/uploads\/sites\/101\/2018\/07\/p02-org-rentr\u00e9e-\u00e9l\u00e8ves-2018-2019.pdf\" width=\"100%\" height=\"800\" scrolling=\"auto\" class=\"iframe-class\" frameborder=\"0\"><\/iframe>\n\n<p><a href=\"https:\/\/etab.ac-reunion.fr\/clg-jean-lafosse\/wp-content\/uploads\/sites\/101\/2018\/07\/p02-org-rentr\u00e9e-\u00e9l\u00e8ves-2018-2019.pdf\">p02 org rentr\u00e9e \u00e9l\u00e8ves 2018-2019<\/a><\/p>\n","protected":false},"excerpt":{"rendered":"<p>Veuillez trouver ci-dessous l&rsquo;organisation de la rentr\u00e9e des \u00e9l\u00e8ves pour l&rsquo;ann\u00e9e 2018-2019:<\/p>\n<p> <a class=\"continue-reading-link\" href=\"https:\/\/etab.ac-reunion.fr\/clg-jean-lafosse\/organisation-de-la-rentree-des-eleves-2018-2019\/\"><span>Lire la suite&#8230;<\/span><i class=\"crycon-right-dir\"><\/i><\/a> <\/p>\n","protected":false},"author":3966,"featured_media":1986,"comment_status":"closed","ping_status":"closed","sticky":false,"template":"","format":"standard","meta":{"footnotes":""},"categories":[4],"tags":[],"class_list":["post-1982","post","type-post","status-publish","format-standard","has-post-thumbnail","hentry","category-actualites"],"_links":{"self":[{"href":"https:\/\/etab.ac-reunion.fr\/clg-jean-lafosse\/wp-json\/wp\/v2\/posts\/1982","targetHints":{"allow":["GET"]}}],"collection":[{"href":"https:\/\/etab.ac-reunion.fr\/clg-jean-lafosse\/wp-json\/wp\/v2\/posts"}],"about":[{"href":"https:\/\/etab.ac-reunion.fr\/clg-jean-lafosse\/wp-json\/wp\/v2\/types\/post"}],"author":[{"embeddable":true,"href":"https:\/\/etab.ac-reunion.fr\/clg-jean-lafosse\/wp-json\/wp\/v2\/users\/3966"}],"replies":[{"embeddable":true,"href":"https:\/\/etab.ac-reunion.fr\/clg-jean-lafosse\/wp-json\/wp\/v2\/comments?post=1982"}],"version-history":[{"count":3,"href":"https:\/\/etab.ac-reunion.fr\/clg-jean-lafosse\/wp-json\/wp\/v2\/posts\/1982\/revisions"}],"predecessor-version":[{"id":1988,"href":"https:\/\/etab.ac-reunion.fr\/clg-jean-lafosse\/wp-json\/wp\/v2\/posts\/1982\/revisions\/1988"}],"wp:featuredmedia":[{"embeddable":true,"href":"https:\/\/etab.ac-reunion.fr\/clg-jean-lafosse\/wp-json\/wp\/v2\/media\/1986"}],"wp:attachment":[{"href":"https:\/\/etab.ac-reunion.fr\/clg-jean-lafosse\/wp-json\/wp\/v2\/media?parent=1982"}],"wp:term":[{"taxonomy":"category","embeddable":true,"href":"https:\/\/etab.ac-reunion.fr\/clg-jean-lafosse\/wp-json\/wp\/v2\/categories?post=1982"},{"taxonomy":"post_tag","embeddable":true,"href":"https:\/\/etab.ac-reunion.fr\/clg-jean-lafosse\/wp-json\/wp\/v2\/tags?post=1982"}],"curies":[{"name":"wp","href":"https:\/\/api.w.org\/{rel}","templated":true}]}}