{"id":2431,"date":"2019-04-05T11:01:17","date_gmt":"2019-04-05T07:01:17","guid":{"rendered":"http:\/\/college-jean-lafosse.ac-reunion.fr\/?p=2431"},"modified":"2019-04-11T16:25:56","modified_gmt":"2019-04-11T12:25:56","slug":"les-minimes-sont-champions","status":"publish","type":"post","link":"https:\/\/etab.ac-reunion.fr\/clg-jean-lafosse\/les-minimes-sont-champions\/","title":{"rendered":"Les minimes sont champions !"},"content":{"rendered":"<h2 style=\"text-align: center\">F\u00e9licitations !<\/h2>\n<p><!--more--><\/p>\n<p style=\"text-align: center\">Les minimes sont champions de la R\u00e9union de football !<\/p>\n<p><img loading=\"lazy\" decoding=\"async\" class=\"alignnone size-medium wp-image-2439 aligncenter\" src=\"https:\/\/etab.ac-reunion.fr\/clg-jean-lafosse\/wp-content\/uploads\/sites\/101\/2019\/04\/Minimes-Champion-300x197.jpg\" alt=\"\" width=\"300\" height=\"197\" srcset=\"https:\/\/etab.ac-reunion.fr\/clg-jean-lafosse\/wp-content\/uploads\/sites\/101\/2019\/04\/Minimes-Champion-300x197.jpg 300w, https:\/\/etab.ac-reunion.fr\/clg-jean-lafosse\/wp-content\/uploads\/sites\/101\/2019\/04\/Minimes-Champion-150x98.jpg 150w, https:\/\/etab.ac-reunion.fr\/clg-jean-lafosse\/wp-content\/uploads\/sites\/101\/2019\/04\/Minimes-Champion.jpg 528w\" sizes=\"auto, (max-width: 300px) 100vw, 300px\" \/><\/p>\n<p style=\"text-align: center\">F\u00e9licitations aux Minimes gar\u00e7ons qui ont port\u00e9 haut les couleurs du coll\u00e8ge Jean LAFOSSE<\/p>\n<p style=\"text-align: center\">en remportant la finale acad\u00e9mique UNSS 2019 en Football !<\/p>\n<p><span style=\"font-family: 'PrimaSans BT,Verdana,sans-serif'\"><img loading=\"lazy\" decoding=\"async\" class=\" wp-image-2432 aligncenter\" src=\"https:\/\/etab.ac-reunion.fr\/clg-jean-lafosse\/wp-content\/uploads\/sites\/101\/2019\/04\/2019-04-equipe-de-football-e1554366300307-300x169.jpg\" alt=\"\" width=\"334\" height=\"188\" \/><\/span><\/p>\n<p>Cette victoire les qualifie pour le championnat de France qui se d\u00e9roulera au mois de juin \u00e0 Bourges (Acad\u00e9mie d&rsquo;Orl\u00e9ans-Tours).<\/p>\n<p>Un grand merci et des f\u00e9licitations \u00e0 leurs professeurs, Mme SCHNEIDER et M. COUTANTIN, pour l&rsquo;accompagnement qu&rsquo;ils r\u00e9alisent aupr\u00e8s de ces \u00e9l\u00e8ves !<\/p>\n<p>L&rsquo;\u00e9quipe de direction.<\/p>\n<div dir=\"auto\">\n<p>Nous avons besoin d&rsquo;aide pour pouvoir amener ces jeunes d\u00e9fendre les couleurs de la R\u00e9union en M\u00e9tropole.<\/p>\n<\/div>\n<div dir=\"auto\">\n<p>Vous pouvez directement et en un clic, participer \u00e0 cette cagnotte.<\/p>\n<\/div>\n<div dir=\"auto\">\n<p>&gt;&gt; <a href=\"https:\/\/www.leetchi.com\/c\/saint-louis-aux-championnats-de-france-de-football-unss\">https:\/\/www.leetchi.com\/c\/saint-louis-aux-championnats-de-france-de-football-unss<\/a><\/p>\n<\/div>\n<div dir=\"auto\">Chacun participe du montant qu&rsquo;il souhaite.<\/div>\n<div dir=\"auto\">Tous les paiements sont s\u00e9curis\u00e9s.<\/div>\n","protected":false},"excerpt":{"rendered":"<p>F\u00e9licitations !<\/p>\n<p> <a class=\"continue-reading-link\" href=\"https:\/\/etab.ac-reunion.fr\/clg-jean-lafosse\/les-minimes-sont-champions\/\"><span>Lire la suite&#8230;<\/span><i class=\"crycon-right-dir\"><\/i><\/a> <\/p>\n","protected":false},"author":18423,"featured_media":2432,"comment_status":"closed","ping_status":"closed","sticky":false,"template":"","format":"standard","meta":{"footnotes":""},"categories":[4,9],"tags":[],"class_list":["post-2431","post","type-post","status-publish","format-standard","has-post-thumbnail","hentry","category-actualites","category-eps"],"_links":{"self":[{"href":"https:\/\/etab.ac-reunion.fr\/clg-jean-lafosse\/wp-json\/wp\/v2\/posts\/2431","targetHints":{"allow":["GET"]}}],"collection":[{"href":"https:\/\/etab.ac-reunion.fr\/clg-jean-lafosse\/wp-json\/wp\/v2\/posts"}],"about":[{"href":"https:\/\/etab.ac-reunion.fr\/clg-jean-lafosse\/wp-json\/wp\/v2\/types\/post"}],"author":[{"embeddable":true,"href":"https:\/\/etab.ac-reunion.fr\/clg-jean-lafosse\/wp-json\/wp\/v2\/users\/18423"}],"replies":[{"embeddable":true,"href":"https:\/\/etab.ac-reunion.fr\/clg-jean-lafosse\/wp-json\/wp\/v2\/comments?post=2431"}],"version-history":[{"count":10,"href":"https:\/\/etab.ac-reunion.fr\/clg-jean-lafosse\/wp-json\/wp\/v2\/posts\/2431\/revisions"}],"predecessor-version":[{"id":2488,"href":"https:\/\/etab.ac-reunion.fr\/clg-jean-lafosse\/wp-json\/wp\/v2\/posts\/2431\/revisions\/2488"}],"wp:featuredmedia":[{"embeddable":true,"href":"https:\/\/etab.ac-reunion.fr\/clg-jean-lafosse\/wp-json\/wp\/v2\/media\/2432"}],"wp:attachment":[{"href":"https:\/\/etab.ac-reunion.fr\/clg-jean-lafosse\/wp-json\/wp\/v2\/media?parent=2431"}],"wp:term":[{"taxonomy":"category","embeddable":true,"href":"https:\/\/etab.ac-reunion.fr\/clg-jean-lafosse\/wp-json\/wp\/v2\/categories?post=2431"},{"taxonomy":"post_tag","embeddable":true,"href":"https:\/\/etab.ac-reunion.fr\/clg-jean-lafosse\/wp-json\/wp\/v2\/tags?post=2431"}],"curies":[{"name":"wp","href":"https:\/\/api.w.org\/{rel}","templated":true}]}}