{"id":2567,"date":"2019-05-07T08:29:26","date_gmt":"2019-05-07T04:29:26","guid":{"rendered":"http:\/\/college-jean-lafosse.ac-reunion.fr\/?p=2567"},"modified":"2019-05-07T08:54:45","modified_gmt":"2019-05-07T04:54:45","slug":"les-latinistes-de-jean-lafosse-participent-au-projet-epistulae","status":"publish","type":"post","link":"https:\/\/etab.ac-reunion.fr\/clg-jean-lafosse\/les-latinistes-de-jean-lafosse-participent-au-projet-epistulae\/","title":{"rendered":"Les latinistes de Jean Lafosse participent au projet Epistulae !"},"content":{"rendered":"\r\n<p>Pour la deuxi\u00e8me ann\u00e9e, l\u2019association \u00ab\u00a0Arr\u00eate ton char\u00a0!\u00a0\u00bb organise un \u00e9change \u00e9pistolaire en LATIN. 12 000 \u00e9l\u00e8ves r\u00e9partis sur tous les continents s\u2019\u00e9changent des lettres durant l\u2019ann\u00e9e scolaire, les latinistes de Jean Lafosse font partie de l\u2019aventure et correspondent cette ann\u00e9e avec des \u00e9l\u00e8ves de Montlu\u00e7on.<\/p>\r\n\r\n\r\n\r\n<p>Au retour des vacances les premi\u00e8res lettres sont arriv\u00e9es pour le plus grand plaisir de tous, les \u00e9l\u00e8ves s\u2019attellent d\u00e9sormais \u00e0 r\u00e9diger leur second courrier dans lequel ils s\u2019interrogent sur les traces de l\u2019Antiquit\u00e9 dans leur environnement local.\u00a0<\/p>\r\n\r\n\r\n\r\n<div class=\"wp-block-image\">\r\n<figure class=\"aligncenter\"><img loading=\"lazy\" decoding=\"async\" width=\"1024\" height=\"768\" class=\"wp-image-2568\" src=\"https:\/\/etab.ac-reunion.fr\/clg-jean-lafosse\/wp-content\/uploads\/sites\/101\/2019\/05\/IMG_6067-1024x768.jpg\" alt=\"\" srcset=\"https:\/\/etab.ac-reunion.fr\/clg-jean-lafosse\/wp-content\/uploads\/sites\/101\/2019\/05\/IMG_6067-1024x768.jpg 1024w, https:\/\/etab.ac-reunion.fr\/clg-jean-lafosse\/wp-content\/uploads\/sites\/101\/2019\/05\/IMG_6067-300x225.jpg 300w, https:\/\/etab.ac-reunion.fr\/clg-jean-lafosse\/wp-content\/uploads\/sites\/101\/2019\/05\/IMG_6067-150x113.jpg 150w\" sizes=\"auto, (max-width: 1024px) 100vw, 1024px\" \/>\r\n<figcaption>Lettres r\u00e9alis\u00e9es par les \u00e9l\u00e8ves<\/figcaption>\r\n<\/figure>\r\n<\/div>\r\n\r\n\r\n\r\n<figure class=\"wp-block-image\"><img loading=\"lazy\" decoding=\"async\" width=\"1024\" height=\"768\" class=\"wp-image-2569\" src=\"https:\/\/etab.ac-reunion.fr\/clg-jean-lafosse\/wp-content\/uploads\/sites\/101\/2019\/05\/IMG_6044-1024x768.jpg\" alt=\"\" srcset=\"https:\/\/etab.ac-reunion.fr\/clg-jean-lafosse\/wp-content\/uploads\/sites\/101\/2019\/05\/IMG_6044-1024x768.jpg 1024w, https:\/\/etab.ac-reunion.fr\/clg-jean-lafosse\/wp-content\/uploads\/sites\/101\/2019\/05\/IMG_6044-300x225.jpg 300w, https:\/\/etab.ac-reunion.fr\/clg-jean-lafosse\/wp-content\/uploads\/sites\/101\/2019\/05\/IMG_6044-150x113.jpg 150w\" sizes=\"auto, (max-width: 1024px) 100vw, 1024px\" \/>\r\n<figcaption>Lettres r\u00e9alis\u00e9es par les correspondants de Montlu\u00e7on<\/figcaption>\r\n<\/figure>\r\n\r\n\r\n\r\n<p>&nbsp;<\/p>\r\n\r\n\r\n\r\n<figure class=\"wp-block-image\"><img loading=\"lazy\" decoding=\"async\" width=\"1024\" height=\"768\" class=\"wp-image-2570\" src=\"https:\/\/etab.ac-reunion.fr\/clg-jean-lafosse\/wp-content\/uploads\/sites\/101\/2019\/05\/IMG_6045-1024x768.jpg\" alt=\"\" srcset=\"https:\/\/etab.ac-reunion.fr\/clg-jean-lafosse\/wp-content\/uploads\/sites\/101\/2019\/05\/IMG_6045-1024x768.jpg 1024w, https:\/\/etab.ac-reunion.fr\/clg-jean-lafosse\/wp-content\/uploads\/sites\/101\/2019\/05\/IMG_6045-300x225.jpg 300w, https:\/\/etab.ac-reunion.fr\/clg-jean-lafosse\/wp-content\/uploads\/sites\/101\/2019\/05\/IMG_6045-150x113.jpg 150w\" sizes=\"auto, (max-width: 1024px) 100vw, 1024px\" \/><\/figure>\r\n","protected":false},"excerpt":{"rendered":"<p>Pour la deuxi\u00e8me ann\u00e9e, l\u2019association \u00ab\u00a0Arr\u00eate ton char\u00a0!\u00a0\u00bb organise un \u00e9change \u00e9pistolaire en LATIN. 12 000 \u00e9l\u00e8ves r\u00e9partis sur tous les continents s\u2019\u00e9changent des lettres durant l\u2019ann\u00e9e scolaire, les latinistes de Jean Lafosse font partie de l\u2019aventure et correspondent cette ann\u00e9e avec des \u00e9l\u00e8ves de Montlu\u00e7on. Au retour des vacances\u2026<\/p>\n<p> <a class=\"continue-reading-link\" href=\"https:\/\/etab.ac-reunion.fr\/clg-jean-lafosse\/les-latinistes-de-jean-lafosse-participent-au-projet-epistulae\/\"><span>Lire la suite&#8230;<\/span><i class=\"crycon-right-dir\"><\/i><\/a> <\/p>\n","protected":false},"author":21574,"featured_media":0,"comment_status":"closed","ping_status":"closed","sticky":false,"template":"","format":"standard","meta":{"footnotes":""},"categories":[4,10],"tags":[],"class_list":["post-2567","post","type-post","status-publish","format-standard","hentry","category-actualites","category-francais"],"_links":{"self":[{"href":"https:\/\/etab.ac-reunion.fr\/clg-jean-lafosse\/wp-json\/wp\/v2\/posts\/2567","targetHints":{"allow":["GET"]}}],"collection":[{"href":"https:\/\/etab.ac-reunion.fr\/clg-jean-lafosse\/wp-json\/wp\/v2\/posts"}],"about":[{"href":"https:\/\/etab.ac-reunion.fr\/clg-jean-lafosse\/wp-json\/wp\/v2\/types\/post"}],"author":[{"embeddable":true,"href":"https:\/\/etab.ac-reunion.fr\/clg-jean-lafosse\/wp-json\/wp\/v2\/users\/21574"}],"replies":[{"embeddable":true,"href":"https:\/\/etab.ac-reunion.fr\/clg-jean-lafosse\/wp-json\/wp\/v2\/comments?post=2567"}],"version-history":[{"count":2,"href":"https:\/\/etab.ac-reunion.fr\/clg-jean-lafosse\/wp-json\/wp\/v2\/posts\/2567\/revisions"}],"predecessor-version":[{"id":2586,"href":"https:\/\/etab.ac-reunion.fr\/clg-jean-lafosse\/wp-json\/wp\/v2\/posts\/2567\/revisions\/2586"}],"wp:attachment":[{"href":"https:\/\/etab.ac-reunion.fr\/clg-jean-lafosse\/wp-json\/wp\/v2\/media?parent=2567"}],"wp:term":[{"taxonomy":"category","embeddable":true,"href":"https:\/\/etab.ac-reunion.fr\/clg-jean-lafosse\/wp-json\/wp\/v2\/categories?post=2567"},{"taxonomy":"post_tag","embeddable":true,"href":"https:\/\/etab.ac-reunion.fr\/clg-jean-lafosse\/wp-json\/wp\/v2\/tags?post=2567"}],"curies":[{"name":"wp","href":"https:\/\/api.w.org\/{rel}","templated":true}]}}