{"id":2577,"date":"2019-05-07T08:58:35","date_gmt":"2019-05-07T04:58:35","guid":{"rendered":"http:\/\/college-jean-lafosse.ac-reunion.fr\/?p=2577"},"modified":"2019-05-07T08:58:35","modified_gmt":"2019-05-07T04:58:35","slug":"cafe-litteraire-en-6eme-geranium","status":"publish","type":"post","link":"https:\/\/etab.ac-reunion.fr\/clg-jean-lafosse\/cafe-litteraire-en-6eme-geranium\/","title":{"rendered":"Caf\u00e9 Litt\u00e9raire en 6\u00e8me G\u00e9ranium"},"content":{"rendered":"\r\n<p>En ce jour de Mardi Gras, les \u00e9l\u00e8ves de la 6<sup>\u00e8me<\/sup>G\u00e9ranium ont particip\u00e9 au CDI \u00e0 un \u00ab\u00a0caf\u00e9 litt\u00e9raire\u00a0\u00bb, pas de boisson \u00e0 la caf\u00e9ine au programme mais lecture et d\u00e9couvertes de diverses \u00e9ditions du Petit Prince d\u2019A. de Saint-Exup\u00e9ry, \u00e9coute d\u2019un passage lu par G\u00e9rard Philippe et emprunts de livres.\u00a0<\/p>\r\n\r\n\r\n\r\n<p>Le tout s\u2019ach\u00e8ve par une d\u00e9gustation de g\u00e2teaux\u00a0!\u00a0<\/p>\r\n\r\n\r\n\r\n<figure class=\"wp-block-image\"><img loading=\"lazy\" decoding=\"async\" width=\"768\" height=\"1024\" class=\"wp-image-2578\" src=\"https:\/\/etab.ac-reunion.fr\/clg-jean-lafosse\/wp-content\/uploads\/sites\/101\/2019\/05\/IMG_6087-768x1024.jpg\" alt=\"\" srcset=\"https:\/\/etab.ac-reunion.fr\/clg-jean-lafosse\/wp-content\/uploads\/sites\/101\/2019\/05\/IMG_6087-768x1024.jpg 768w, https:\/\/etab.ac-reunion.fr\/clg-jean-lafosse\/wp-content\/uploads\/sites\/101\/2019\/05\/IMG_6087-225x300.jpg 225w, https:\/\/etab.ac-reunion.fr\/clg-jean-lafosse\/wp-content\/uploads\/sites\/101\/2019\/05\/IMG_6087-113x150.jpg 113w, https:\/\/etab.ac-reunion.fr\/clg-jean-lafosse\/wp-content\/uploads\/sites\/101\/2019\/05\/IMG_6087-300x400.jpg 300w\" sizes=\"auto, (max-width: 768px) 100vw, 768px\" \/><\/figure>\r\n","protected":false},"excerpt":{"rendered":"<p>En ce jour de Mardi Gras, les \u00e9l\u00e8ves de la 6\u00e8meG\u00e9ranium ont particip\u00e9 au CDI \u00e0 un \u00ab\u00a0caf\u00e9 litt\u00e9raire\u00a0\u00bb, pas de boisson \u00e0 la caf\u00e9ine au programme mais lecture et d\u00e9couvertes de diverses \u00e9ditions du Petit Prince d\u2019A. de Saint-Exup\u00e9ry, \u00e9coute d\u2019un passage lu par G\u00e9rard Philippe et emprunts de\u2026<\/p>\n<p> <a class=\"continue-reading-link\" href=\"https:\/\/etab.ac-reunion.fr\/clg-jean-lafosse\/cafe-litteraire-en-6eme-geranium\/\"><span>Lire la suite&#8230;<\/span><i class=\"crycon-right-dir\"><\/i><\/a> <\/p>\n","protected":false},"author":21574,"featured_media":0,"comment_status":"closed","ping_status":"closed","sticky":false,"template":"","format":"standard","meta":{"footnotes":""},"categories":[4,10],"tags":[],"class_list":["post-2577","post","type-post","status-publish","format-standard","hentry","category-actualites","category-francais"],"_links":{"self":[{"href":"https:\/\/etab.ac-reunion.fr\/clg-jean-lafosse\/wp-json\/wp\/v2\/posts\/2577","targetHints":{"allow":["GET"]}}],"collection":[{"href":"https:\/\/etab.ac-reunion.fr\/clg-jean-lafosse\/wp-json\/wp\/v2\/posts"}],"about":[{"href":"https:\/\/etab.ac-reunion.fr\/clg-jean-lafosse\/wp-json\/wp\/v2\/types\/post"}],"author":[{"embeddable":true,"href":"https:\/\/etab.ac-reunion.fr\/clg-jean-lafosse\/wp-json\/wp\/v2\/users\/21574"}],"replies":[{"embeddable":true,"href":"https:\/\/etab.ac-reunion.fr\/clg-jean-lafosse\/wp-json\/wp\/v2\/comments?post=2577"}],"version-history":[{"count":2,"href":"https:\/\/etab.ac-reunion.fr\/clg-jean-lafosse\/wp-json\/wp\/v2\/posts\/2577\/revisions"}],"predecessor-version":[{"id":2588,"href":"https:\/\/etab.ac-reunion.fr\/clg-jean-lafosse\/wp-json\/wp\/v2\/posts\/2577\/revisions\/2588"}],"wp:attachment":[{"href":"https:\/\/etab.ac-reunion.fr\/clg-jean-lafosse\/wp-json\/wp\/v2\/media?parent=2577"}],"wp:term":[{"taxonomy":"category","embeddable":true,"href":"https:\/\/etab.ac-reunion.fr\/clg-jean-lafosse\/wp-json\/wp\/v2\/categories?post=2577"},{"taxonomy":"post_tag","embeddable":true,"href":"https:\/\/etab.ac-reunion.fr\/clg-jean-lafosse\/wp-json\/wp\/v2\/tags?post=2577"}],"curies":[{"name":"wp","href":"https:\/\/api.w.org\/{rel}","templated":true}]}}