{"id":2755,"date":"2019-06-16T19:57:56","date_gmt":"2019-06-16T15:57:56","guid":{"rendered":"http:\/\/college-jean-lafosse.ac-reunion.fr\/?p=2755"},"modified":"2019-06-16T19:57:56","modified_gmt":"2019-06-16T15:57:56","slug":"medaille-de-bronze-en-basket","status":"publish","type":"post","link":"https:\/\/etab.ac-reunion.fr\/clg-jean-lafosse\/medaille-de-bronze-en-basket\/","title":{"rendered":"M\u00e9daille de Bronze en Basket"},"content":{"rendered":"<p style=\"text-align: center\"><strong>Bravo !<\/strong><\/p>\n<p style=\"text-align: center\">M\u00e9daille de Bronze pour les Benjamins Gar\u00e7ons en Finales Acad\u00e9miques Unss de la R\u00e9union de Basket &#x1f3c0;&#x1f3c0; !<\/p>\n<p><img loading=\"lazy\" decoding=\"async\" class=\"aligncenter size-large wp-image-2756\" src=\"https:\/\/etab.ac-reunion.fr\/clg-jean-lafosse\/wp-content\/uploads\/sites\/101\/2019\/06\/Unss-Basket-2019-1024x1024.png\" alt=\"\" width=\"900\" height=\"900\" srcset=\"https:\/\/etab.ac-reunion.fr\/clg-jean-lafosse\/wp-content\/uploads\/sites\/101\/2019\/06\/Unss-Basket-2019-1024x1024.png 1024w, https:\/\/etab.ac-reunion.fr\/clg-jean-lafosse\/wp-content\/uploads\/sites\/101\/2019\/06\/Unss-Basket-2019-150x150.png 150w, https:\/\/etab.ac-reunion.fr\/clg-jean-lafosse\/wp-content\/uploads\/sites\/101\/2019\/06\/Unss-Basket-2019-300x300.png 300w, https:\/\/etab.ac-reunion.fr\/clg-jean-lafosse\/wp-content\/uploads\/sites\/101\/2019\/06\/Unss-Basket-2019.png 1173w\" sizes=\"auto, (max-width: 900px) 100vw, 900px\" \/><\/p>\n<div dir=\"auto\">\n<p style=\"text-align: center\">Une honorable 6\u00e8me place pour nos minimes filles.<\/p>\n<\/div>\n<div dir=\"auto\">\n<p style=\"text-align: center\">Rendez-vous l&rsquo;ann\u00e9e prochaine &#x1f600;&#x1f600; !<\/p>\n<\/div>\n<div dir=\"auto\" style=\"text-align: right\">l&rsquo;Ekip EPS<\/div>\n<div dir=\"auto\" style=\"text-align: right\">COLLEGE JEAN LAFOSSE<\/div>\n","protected":false},"excerpt":{"rendered":"<p>Bravo ! M\u00e9daille de Bronze pour les Benjamins Gar\u00e7ons en Finales Acad\u00e9miques Unss de la R\u00e9union de Basket &#x1f3c0;&#x1f3c0; ! Une honorable 6\u00e8me place pour nos minimes filles. Rendez-vous l&rsquo;ann\u00e9e prochaine &#x1f600;&#x1f600; ! l&rsquo;Ekip EPS COLLEGE JEAN LAFOSSE<\/p>\n<p> <a class=\"continue-reading-link\" href=\"https:\/\/etab.ac-reunion.fr\/clg-jean-lafosse\/medaille-de-bronze-en-basket\/\"><span>Lire la suite&#8230;<\/span><i class=\"crycon-right-dir\"><\/i><\/a> <\/p>\n","protected":false},"author":4586,"featured_media":0,"comment_status":"closed","ping_status":"closed","sticky":false,"template":"","format":"standard","meta":{"footnotes":""},"categories":[4,9],"tags":[],"class_list":["post-2755","post","type-post","status-publish","format-standard","hentry","category-actualites","category-eps"],"_links":{"self":[{"href":"https:\/\/etab.ac-reunion.fr\/clg-jean-lafosse\/wp-json\/wp\/v2\/posts\/2755","targetHints":{"allow":["GET"]}}],"collection":[{"href":"https:\/\/etab.ac-reunion.fr\/clg-jean-lafosse\/wp-json\/wp\/v2\/posts"}],"about":[{"href":"https:\/\/etab.ac-reunion.fr\/clg-jean-lafosse\/wp-json\/wp\/v2\/types\/post"}],"author":[{"embeddable":true,"href":"https:\/\/etab.ac-reunion.fr\/clg-jean-lafosse\/wp-json\/wp\/v2\/users\/4586"}],"replies":[{"embeddable":true,"href":"https:\/\/etab.ac-reunion.fr\/clg-jean-lafosse\/wp-json\/wp\/v2\/comments?post=2755"}],"version-history":[{"count":3,"href":"https:\/\/etab.ac-reunion.fr\/clg-jean-lafosse\/wp-json\/wp\/v2\/posts\/2755\/revisions"}],"predecessor-version":[{"id":2759,"href":"https:\/\/etab.ac-reunion.fr\/clg-jean-lafosse\/wp-json\/wp\/v2\/posts\/2755\/revisions\/2759"}],"wp:attachment":[{"href":"https:\/\/etab.ac-reunion.fr\/clg-jean-lafosse\/wp-json\/wp\/v2\/media?parent=2755"}],"wp:term":[{"taxonomy":"category","embeddable":true,"href":"https:\/\/etab.ac-reunion.fr\/clg-jean-lafosse\/wp-json\/wp\/v2\/categories?post=2755"},{"taxonomy":"post_tag","embeddable":true,"href":"https:\/\/etab.ac-reunion.fr\/clg-jean-lafosse\/wp-json\/wp\/v2\/tags?post=2755"}],"curies":[{"name":"wp","href":"https:\/\/api.w.org\/{rel}","templated":true}]}}