{"id":2832,"date":"2019-06-27T18:28:27","date_gmt":"2019-06-27T14:28:27","guid":{"rendered":"http:\/\/college-jean-lafosse.ac-reunion.fr\/?p=2832"},"modified":"2019-06-27T18:28:27","modified_gmt":"2019-06-27T14:28:27","slug":"fete-au-college-le-21-juin-2019","status":"publish","type":"post","link":"https:\/\/etab.ac-reunion.fr\/clg-jean-lafosse\/fete-au-college-le-21-juin-2019\/","title":{"rendered":"F\u00eate au coll\u00e8ge le 21 juin 2019"},"content":{"rendered":"<p>Le 21 juin 2019, c&rsquo;\u00e9tait la f\u00eate de la musique mais aussi la f\u00eate du coll\u00e8ge en rouge et noir, s&rsquo;il vous plait !<\/p>\n<p>Voici quelques photos en souvenir de ce bon moment pass\u00e9 ensemble.<img loading=\"lazy\" decoding=\"async\" class=\"alignnone size-medium wp-image-2833\" src=\"https:\/\/etab.ac-reunion.fr\/clg-jean-lafosse\/wp-content\/uploads\/sites\/101\/2019\/06\/2016-06-21-f\u00eate-du-coll\u00e8ge-2-300x225.jpg\" alt=\"\" width=\"300\" height=\"225\" srcset=\"https:\/\/etab.ac-reunion.fr\/clg-jean-lafosse\/wp-content\/uploads\/sites\/101\/2019\/06\/2016-06-21-f\u00eate-du-coll\u00e8ge-2-300x225.jpg 300w, https:\/\/etab.ac-reunion.fr\/clg-jean-lafosse\/wp-content\/uploads\/sites\/101\/2019\/06\/2016-06-21-f\u00eate-du-coll\u00e8ge-2-150x113.jpg 150w, https:\/\/etab.ac-reunion.fr\/clg-jean-lafosse\/wp-content\/uploads\/sites\/101\/2019\/06\/2016-06-21-f\u00eate-du-coll\u00e8ge-2.jpg 600w\" sizes=\"auto, (max-width: 300px) 100vw, 300px\" \/> <img loading=\"lazy\" decoding=\"async\" class=\"alignnone size-medium wp-image-2834\" src=\"https:\/\/etab.ac-reunion.fr\/clg-jean-lafosse\/wp-content\/uploads\/sites\/101\/2019\/06\/2016-06-21-f\u00eate-du-coll\u00e8ge-6-300x225.jpg\" alt=\"\" width=\"300\" height=\"225\" srcset=\"https:\/\/etab.ac-reunion.fr\/clg-jean-lafosse\/wp-content\/uploads\/sites\/101\/2019\/06\/2016-06-21-f\u00eate-du-coll\u00e8ge-6-300x225.jpg 300w, https:\/\/etab.ac-reunion.fr\/clg-jean-lafosse\/wp-content\/uploads\/sites\/101\/2019\/06\/2016-06-21-f\u00eate-du-coll\u00e8ge-6-150x113.jpg 150w, https:\/\/etab.ac-reunion.fr\/clg-jean-lafosse\/wp-content\/uploads\/sites\/101\/2019\/06\/2016-06-21-f\u00eate-du-coll\u00e8ge-6.jpg 600w\" sizes=\"auto, (max-width: 300px) 100vw, 300px\" \/> <img loading=\"lazy\" decoding=\"async\" class=\"alignnone size-medium wp-image-2835\" src=\"https:\/\/etab.ac-reunion.fr\/clg-jean-lafosse\/wp-content\/uploads\/sites\/101\/2019\/06\/2016-06-21-f\u00eate-du-coll\u00e8ge-11-300x225.jpg\" alt=\"\" width=\"300\" height=\"225\" srcset=\"https:\/\/etab.ac-reunion.fr\/clg-jean-lafosse\/wp-content\/uploads\/sites\/101\/2019\/06\/2016-06-21-f\u00eate-du-coll\u00e8ge-11-300x225.jpg 300w, https:\/\/etab.ac-reunion.fr\/clg-jean-lafosse\/wp-content\/uploads\/sites\/101\/2019\/06\/2016-06-21-f\u00eate-du-coll\u00e8ge-11-150x113.jpg 150w, https:\/\/etab.ac-reunion.fr\/clg-jean-lafosse\/wp-content\/uploads\/sites\/101\/2019\/06\/2016-06-21-f\u00eate-du-coll\u00e8ge-11.jpg 600w\" sizes=\"auto, (max-width: 300px) 100vw, 300px\" \/> <img loading=\"lazy\" decoding=\"async\" class=\"alignnone size-medium wp-image-2836\" src=\"https:\/\/etab.ac-reunion.fr\/clg-jean-lafosse\/wp-content\/uploads\/sites\/101\/2019\/06\/2016-06-21-f\u00eate-du-coll\u00e8ge-12-300x225.jpg\" alt=\"\" width=\"300\" height=\"225\" srcset=\"https:\/\/etab.ac-reunion.fr\/clg-jean-lafosse\/wp-content\/uploads\/sites\/101\/2019\/06\/2016-06-21-f\u00eate-du-coll\u00e8ge-12-300x225.jpg 300w, https:\/\/etab.ac-reunion.fr\/clg-jean-lafosse\/wp-content\/uploads\/sites\/101\/2019\/06\/2016-06-21-f\u00eate-du-coll\u00e8ge-12-150x113.jpg 150w, https:\/\/etab.ac-reunion.fr\/clg-jean-lafosse\/wp-content\/uploads\/sites\/101\/2019\/06\/2016-06-21-f\u00eate-du-coll\u00e8ge-12.jpg 600w\" sizes=\"auto, (max-width: 300px) 100vw, 300px\" \/> <img loading=\"lazy\" decoding=\"async\" class=\"alignnone size-medium wp-image-2837\" src=\"https:\/\/etab.ac-reunion.fr\/clg-jean-lafosse\/wp-content\/uploads\/sites\/101\/2019\/06\/2016-06-21-f\u00eate-du-coll\u00e8ge-13-300x225.jpg\" alt=\"\" width=\"300\" height=\"225\" srcset=\"https:\/\/etab.ac-reunion.fr\/clg-jean-lafosse\/wp-content\/uploads\/sites\/101\/2019\/06\/2016-06-21-f\u00eate-du-coll\u00e8ge-13-300x225.jpg 300w, https:\/\/etab.ac-reunion.fr\/clg-jean-lafosse\/wp-content\/uploads\/sites\/101\/2019\/06\/2016-06-21-f\u00eate-du-coll\u00e8ge-13-150x113.jpg 150w, https:\/\/etab.ac-reunion.fr\/clg-jean-lafosse\/wp-content\/uploads\/sites\/101\/2019\/06\/2016-06-21-f\u00eate-du-coll\u00e8ge-13.jpg 600w\" sizes=\"auto, (max-width: 300px) 100vw, 300px\" \/> <img loading=\"lazy\" decoding=\"async\" class=\"alignnone size-medium wp-image-2838\" src=\"https:\/\/etab.ac-reunion.fr\/clg-jean-lafosse\/wp-content\/uploads\/sites\/101\/2019\/06\/2016-06-21-f\u00eate-du-coll\u00e8ge-19-300x225.jpg\" alt=\"\" width=\"300\" height=\"225\" srcset=\"https:\/\/etab.ac-reunion.fr\/clg-jean-lafosse\/wp-content\/uploads\/sites\/101\/2019\/06\/2016-06-21-f\u00eate-du-coll\u00e8ge-19-300x225.jpg 300w, https:\/\/etab.ac-reunion.fr\/clg-jean-lafosse\/wp-content\/uploads\/sites\/101\/2019\/06\/2016-06-21-f\u00eate-du-coll\u00e8ge-19-150x113.jpg 150w, https:\/\/etab.ac-reunion.fr\/clg-jean-lafosse\/wp-content\/uploads\/sites\/101\/2019\/06\/2016-06-21-f\u00eate-du-coll\u00e8ge-19.jpg 600w\" sizes=\"auto, (max-width: 300px) 100vw, 300px\" \/> <img loading=\"lazy\" decoding=\"async\" class=\"alignnone size-medium wp-image-2839\" src=\"https:\/\/etab.ac-reunion.fr\/clg-jean-lafosse\/wp-content\/uploads\/sites\/101\/2019\/06\/2016-06-21-f\u00eate-du-coll\u00e8ge-23-300x225.jpg\" alt=\"\" width=\"300\" height=\"225\" srcset=\"https:\/\/etab.ac-reunion.fr\/clg-jean-lafosse\/wp-content\/uploads\/sites\/101\/2019\/06\/2016-06-21-f\u00eate-du-coll\u00e8ge-23-300x225.jpg 300w, https:\/\/etab.ac-reunion.fr\/clg-jean-lafosse\/wp-content\/uploads\/sites\/101\/2019\/06\/2016-06-21-f\u00eate-du-coll\u00e8ge-23-150x113.jpg 150w, https:\/\/etab.ac-reunion.fr\/clg-jean-lafosse\/wp-content\/uploads\/sites\/101\/2019\/06\/2016-06-21-f\u00eate-du-coll\u00e8ge-23.jpg 600w\" sizes=\"auto, (max-width: 300px) 100vw, 300px\" \/> <img loading=\"lazy\" decoding=\"async\" class=\"alignnone size-medium wp-image-2840\" src=\"https:\/\/etab.ac-reunion.fr\/clg-jean-lafosse\/wp-content\/uploads\/sites\/101\/2019\/06\/2016-06-21-f\u00eate-du-coll\u00e8ge-24-300x225.jpg\" alt=\"\" width=\"300\" height=\"225\" srcset=\"https:\/\/etab.ac-reunion.fr\/clg-jean-lafosse\/wp-content\/uploads\/sites\/101\/2019\/06\/2016-06-21-f\u00eate-du-coll\u00e8ge-24-300x225.jpg 300w, https:\/\/etab.ac-reunion.fr\/clg-jean-lafosse\/wp-content\/uploads\/sites\/101\/2019\/06\/2016-06-21-f\u00eate-du-coll\u00e8ge-24-150x113.jpg 150w, https:\/\/etab.ac-reunion.fr\/clg-jean-lafosse\/wp-content\/uploads\/sites\/101\/2019\/06\/2016-06-21-f\u00eate-du-coll\u00e8ge-24.jpg 600w\" sizes=\"auto, (max-width: 300px) 100vw, 300px\" \/><\/p>\n<p>&nbsp;<\/p>\n","protected":false},"excerpt":{"rendered":"<p>Le 21 juin 2019, c&rsquo;\u00e9tait la f\u00eate de la musique mais aussi la f\u00eate du coll\u00e8ge en rouge et noir, s&rsquo;il vous plait ! Voici quelques photos en souvenir de ce bon moment pass\u00e9 ensemble. &nbsp;<\/p>\n<p> <a class=\"continue-reading-link\" href=\"https:\/\/etab.ac-reunion.fr\/clg-jean-lafosse\/fete-au-college-le-21-juin-2019\/\"><span>Lire la suite&#8230;<\/span><i class=\"crycon-right-dir\"><\/i><\/a> <\/p>\n","protected":false},"author":18423,"featured_media":0,"comment_status":"closed","ping_status":"closed","sticky":false,"template":"","format":"standard","meta":{"footnotes":""},"categories":[4],"tags":[],"class_list":["post-2832","post","type-post","status-publish","format-standard","hentry","category-actualites"],"_links":{"self":[{"href":"https:\/\/etab.ac-reunion.fr\/clg-jean-lafosse\/wp-json\/wp\/v2\/posts\/2832","targetHints":{"allow":["GET"]}}],"collection":[{"href":"https:\/\/etab.ac-reunion.fr\/clg-jean-lafosse\/wp-json\/wp\/v2\/posts"}],"about":[{"href":"https:\/\/etab.ac-reunion.fr\/clg-jean-lafosse\/wp-json\/wp\/v2\/types\/post"}],"author":[{"embeddable":true,"href":"https:\/\/etab.ac-reunion.fr\/clg-jean-lafosse\/wp-json\/wp\/v2\/users\/18423"}],"replies":[{"embeddable":true,"href":"https:\/\/etab.ac-reunion.fr\/clg-jean-lafosse\/wp-json\/wp\/v2\/comments?post=2832"}],"version-history":[{"count":2,"href":"https:\/\/etab.ac-reunion.fr\/clg-jean-lafosse\/wp-json\/wp\/v2\/posts\/2832\/revisions"}],"predecessor-version":[{"id":2842,"href":"https:\/\/etab.ac-reunion.fr\/clg-jean-lafosse\/wp-json\/wp\/v2\/posts\/2832\/revisions\/2842"}],"wp:attachment":[{"href":"https:\/\/etab.ac-reunion.fr\/clg-jean-lafosse\/wp-json\/wp\/v2\/media?parent=2832"}],"wp:term":[{"taxonomy":"category","embeddable":true,"href":"https:\/\/etab.ac-reunion.fr\/clg-jean-lafosse\/wp-json\/wp\/v2\/categories?post=2832"},{"taxonomy":"post_tag","embeddable":true,"href":"https:\/\/etab.ac-reunion.fr\/clg-jean-lafosse\/wp-json\/wp\/v2\/tags?post=2832"}],"curies":[{"name":"wp","href":"https:\/\/api.w.org\/{rel}","templated":true}]}}