{"id":2843,"date":"2019-08-13T15:21:31","date_gmt":"2019-08-13T11:21:31","guid":{"rendered":"http:\/\/college-jean-lafosse.ac-reunion.fr\/?p=2843"},"modified":"2019-08-14T08:06:07","modified_gmt":"2019-08-14T04:06:07","slug":"organisation-de-la-rentree-2019","status":"publish","type":"post","link":"https:\/\/etab.ac-reunion.fr\/clg-jean-lafosse\/organisation-de-la-rentree-2019\/","title":{"rendered":"Organisation de la Rentr\u00e9e 2019"},"content":{"rendered":"\r\n<h2 style=\"text-align: center\">Organisation de la Rentr\u00e9e 2019<\/h2>\r\n<h2><!--more--><\/h2>\r\nQuelques informations pour cette rentr\u00e9e 2019 :\r\n\r\n<strong>Rentr\u00e9e des \u00e9l\u00e8ves de 6\u00e8me et ULIS : le vendredi 16 ao\u00fbt 2019<\/strong>\r\n\r\n<strong>7h30<\/strong> Accueil des \u00e9l\u00e8ves et de leurs parents.\r\n\r\n<strong>8h00<\/strong> Appel des \u00e9l\u00e8ves et entr\u00e9e en classe avec les professeurs principaux.\r\n\r\n<strong>9h00<\/strong> R\u00e9union d&rsquo;information des parents de 6\u00e8me avec la Direction, les CPE, Infirmi\u00e8res et l&rsquo;Assistante Sociale.\r\n\r\n<strong>11h30<\/strong> Retour des \u00e9l\u00e8ves \u00e0 domicile. <strong>Pas de cantine<\/strong>.\r\n\r\n&nbsp;\r\n\r\n<strong>Rentr\u00e9e des \u00e9l\u00e8ves de 5\u00e8me, 4\u00e8me et 3\u00e8me : le lundi 19 ao\u00fbt 2019<\/strong>\r\n\r\n<strong>7h30<\/strong> Affichage des listes de classes.\r\n\r\n<strong>8h00<\/strong> Accueil des \u00e9l\u00e8ves par leur professeur principal.\r\n\r\n<strong>11h30<\/strong> Retour des \u00e9l\u00e8ves \u00e0 domicile. <strong>Pas de cantine.<\/strong>\r\n\r\n&nbsp;\r\n\r\n<strong>Rentr\u00e9e de TOUS les \u00e9l\u00e8ves : le mardi 20 ao\u00fbt 2019<\/strong>\r\n\r\nSelon les emplois du temps remis.\r\n\r\nL&rsquo;\u00e9quipe administrative ainsi que l&rsquo;ensemble des professeurs vous souhaitent une bonne rentr\u00e9e !\r\n\r\nMme Emilie CLAIN\r\n\r\n<em>Principale adjointe<\/em><!-- \/wp:post-content -->","protected":false},"excerpt":{"rendered":"<p>Organisation de la Rentr\u00e9e 2019<\/p>\n<p> <a class=\"continue-reading-link\" href=\"https:\/\/etab.ac-reunion.fr\/clg-jean-lafosse\/organisation-de-la-rentree-2019\/\"><span>Lire la suite&#8230;<\/span><i class=\"crycon-right-dir\"><\/i><\/a> <\/p>\n","protected":false},"author":4586,"featured_media":2847,"comment_status":"closed","ping_status":"closed","sticky":false,"template":"","format":"standard","meta":{"footnotes":""},"categories":[4],"tags":[],"class_list":["post-2843","post","type-post","status-publish","format-standard","has-post-thumbnail","hentry","category-actualites"],"_links":{"self":[{"href":"https:\/\/etab.ac-reunion.fr\/clg-jean-lafosse\/wp-json\/wp\/v2\/posts\/2843","targetHints":{"allow":["GET"]}}],"collection":[{"href":"https:\/\/etab.ac-reunion.fr\/clg-jean-lafosse\/wp-json\/wp\/v2\/posts"}],"about":[{"href":"https:\/\/etab.ac-reunion.fr\/clg-jean-lafosse\/wp-json\/wp\/v2\/types\/post"}],"author":[{"embeddable":true,"href":"https:\/\/etab.ac-reunion.fr\/clg-jean-lafosse\/wp-json\/wp\/v2\/users\/4586"}],"replies":[{"embeddable":true,"href":"https:\/\/etab.ac-reunion.fr\/clg-jean-lafosse\/wp-json\/wp\/v2\/comments?post=2843"}],"version-history":[{"count":7,"href":"https:\/\/etab.ac-reunion.fr\/clg-jean-lafosse\/wp-json\/wp\/v2\/posts\/2843\/revisions"}],"predecessor-version":[{"id":2853,"href":"https:\/\/etab.ac-reunion.fr\/clg-jean-lafosse\/wp-json\/wp\/v2\/posts\/2843\/revisions\/2853"}],"wp:featuredmedia":[{"embeddable":true,"href":"https:\/\/etab.ac-reunion.fr\/clg-jean-lafosse\/wp-json\/wp\/v2\/media\/2847"}],"wp:attachment":[{"href":"https:\/\/etab.ac-reunion.fr\/clg-jean-lafosse\/wp-json\/wp\/v2\/media?parent=2843"}],"wp:term":[{"taxonomy":"category","embeddable":true,"href":"https:\/\/etab.ac-reunion.fr\/clg-jean-lafosse\/wp-json\/wp\/v2\/categories?post=2843"},{"taxonomy":"post_tag","embeddable":true,"href":"https:\/\/etab.ac-reunion.fr\/clg-jean-lafosse\/wp-json\/wp\/v2\/tags?post=2843"}],"curies":[{"name":"wp","href":"https:\/\/api.w.org\/{rel}","templated":true}]}}