{"id":2874,"date":"2019-11-14T08:44:46","date_gmt":"2019-11-14T04:44:46","guid":{"rendered":"http:\/\/college-jean-lafosse.ac-reunion.fr\/?p=2874"},"modified":"2019-11-17T17:59:30","modified_gmt":"2019-11-17T13:59:30","slug":"ceremonie-du-11-novembre-2019","status":"publish","type":"post","link":"https:\/\/etab.ac-reunion.fr\/clg-jean-lafosse\/ceremonie-du-11-novembre-2019\/","title":{"rendered":"C\u00e9r\u00e9monie du 11 Novembre 2019"},"content":{"rendered":"<p>A l&rsquo;occasion du 11 novembre 2019, les \u00e9l\u00e8ves pompiers du coll\u00e9ge Jean Lafosse ont chant\u00e9 l&rsquo;hymne national de la France pr\u00e8s du monument aux morts situ\u00e9 sur le parvis de l&rsquo;\u00e9glise Notre Dame du Rosaire de La Rivi\u00e8re.<\/p>\n<p><img loading=\"lazy\" decoding=\"async\" class=\"aligncenter size-large wp-image-2876\" src=\"https:\/\/etab.ac-reunion.fr\/clg-jean-lafosse\/wp-content\/uploads\/sites\/101\/2019\/11\/PHOTO-2019-11-12-15-46-37-1024x768.jpg\" alt=\"\" width=\"900\" height=\"675\" \/><\/p>\n<div style=\"width: 640px;\" class=\"wp-video\"><video class=\"wp-video-shortcode\" id=\"video-2874-1\" width=\"640\" height=\"352\" preload=\"metadata\" controls=\"controls\"><source type=\"video\/mp4\" src=\"https:\/\/etab.ac-reunion.fr\/clg-jean-lafosse\/wp-content\/uploads\/sites\/101\/2019\/11\/VIDEO-2019-11-12-15-46-36.mp4?_=1\" \/><a href=\"https:\/\/etab.ac-reunion.fr\/clg-jean-lafosse\/wp-content\/uploads\/sites\/101\/2019\/11\/VIDEO-2019-11-12-15-46-36.mp4\">https:\/\/etab.ac-reunion.fr\/clg-jean-lafosse\/wp-content\/uploads\/sites\/101\/2019\/11\/VIDEO-2019-11-12-15-46-36.mp4<\/a><\/video><\/div>\n","protected":false},"excerpt":{"rendered":"<p>A l&rsquo;occasion du 11 novembre 2019, les \u00e9l\u00e8ves pompiers du coll\u00e9ge Jean Lafosse ont chant\u00e9 l&rsquo;hymne national de la France pr\u00e8s du monument aux morts situ\u00e9 sur le parvis de l&rsquo;\u00e9glise Notre Dame du Rosaire de La Rivi\u00e8re.<\/p>\n<p> <a class=\"continue-reading-link\" href=\"https:\/\/etab.ac-reunion.fr\/clg-jean-lafosse\/ceremonie-du-11-novembre-2019\/\"><span>Lire la suite&#8230;<\/span><i class=\"crycon-right-dir\"><\/i><\/a> <\/p>\n","protected":false},"author":4586,"featured_media":2876,"comment_status":"closed","ping_status":"closed","sticky":false,"template":"","format":"standard","meta":{"footnotes":""},"categories":[4],"tags":[],"class_list":["post-2874","post","type-post","status-publish","format-standard","has-post-thumbnail","hentry","category-actualites"],"_links":{"self":[{"href":"https:\/\/etab.ac-reunion.fr\/clg-jean-lafosse\/wp-json\/wp\/v2\/posts\/2874","targetHints":{"allow":["GET"]}}],"collection":[{"href":"https:\/\/etab.ac-reunion.fr\/clg-jean-lafosse\/wp-json\/wp\/v2\/posts"}],"about":[{"href":"https:\/\/etab.ac-reunion.fr\/clg-jean-lafosse\/wp-json\/wp\/v2\/types\/post"}],"author":[{"embeddable":true,"href":"https:\/\/etab.ac-reunion.fr\/clg-jean-lafosse\/wp-json\/wp\/v2\/users\/4586"}],"replies":[{"embeddable":true,"href":"https:\/\/etab.ac-reunion.fr\/clg-jean-lafosse\/wp-json\/wp\/v2\/comments?post=2874"}],"version-history":[{"count":3,"href":"https:\/\/etab.ac-reunion.fr\/clg-jean-lafosse\/wp-json\/wp\/v2\/posts\/2874\/revisions"}],"predecessor-version":[{"id":2903,"href":"https:\/\/etab.ac-reunion.fr\/clg-jean-lafosse\/wp-json\/wp\/v2\/posts\/2874\/revisions\/2903"}],"wp:featuredmedia":[{"embeddable":true,"href":"https:\/\/etab.ac-reunion.fr\/clg-jean-lafosse\/wp-json\/wp\/v2\/media\/2876"}],"wp:attachment":[{"href":"https:\/\/etab.ac-reunion.fr\/clg-jean-lafosse\/wp-json\/wp\/v2\/media?parent=2874"}],"wp:term":[{"taxonomy":"category","embeddable":true,"href":"https:\/\/etab.ac-reunion.fr\/clg-jean-lafosse\/wp-json\/wp\/v2\/categories?post=2874"},{"taxonomy":"post_tag","embeddable":true,"href":"https:\/\/etab.ac-reunion.fr\/clg-jean-lafosse\/wp-json\/wp\/v2\/tags?post=2874"}],"curies":[{"name":"wp","href":"https:\/\/api.w.org\/{rel}","templated":true}]}}