{"id":2914,"date":"2020-01-24T15:02:30","date_gmt":"2020-01-24T11:02:30","guid":{"rendered":"http:\/\/college-jean-lafosse.ac-reunion.fr\/?p=2914"},"modified":"2020-01-24T15:05:16","modified_gmt":"2020-01-24T11:05:16","slug":"globe-reporters-cest-reparti","status":"publish","type":"post","link":"https:\/\/etab.ac-reunion.fr\/clg-jean-lafosse\/globe-reporters-cest-reparti\/","title":{"rendered":"\u00ab\u00a0GLOBE REPORTERS\u00a0\u00bb, C&rsquo;EST REPARTI !"},"content":{"rendered":"<p>Depuis la rentr\u00e9e 2019, nous poursuivons l&rsquo;aventure \u00ab\u00a0Globe Reporters\u00a0\u00bb avec les \u00e9l\u00e8ves de la 5\u00e8me Tilapia. Nos apprentis journalistes sont au nombre de 22, dont 10 filles et 12 gar\u00e7ons.<\/p>\n<p>Nous accueillons \u00e9galement Mme LEMONNIER et Mme COUTURE qui nous aident \u00e0 r\u00e9aliser ce projet.<\/p>\n<p>Cette ann\u00e9e, notre terrain de recherche est le Qu\u00e9bec, dont la culture int\u00e9resse particuli\u00e8rement nos \u00e9l\u00e8ves.<\/p>\n<p>Vous pouvez suivre les travaux de nos petits enqu\u00eateurs en cliquant sur le lien suivant:<\/p>\n<p style=\"text-align: center\"><a href=\"https:\/\/padlet.com\/beatrice_marie_boucher\/globereportersquebec\">https:\/\/padlet.com\/beatrice_marie_boucher\/glob<\/a><a href=\"https:\/\/padlet.com\/beatrice_marie_boucher\/globereportersquebec\">ereportersquebe<\/a><a href=\"https:\/\/padlet.com\/beatrice_marie_boucher\/globereportersquebec\">c<\/a><\/p>\n<p style=\"text-align: center\">La 5\u00e8me Tilapia en salle informatique<\/p>\n<p><img loading=\"lazy\" decoding=\"async\" class=\"size-medium wp-image-2913 aligncenter\" src=\"https:\/\/etab.ac-reunion.fr\/clg-jean-lafosse\/wp-content\/uploads\/sites\/101\/2019\/12\/GR-PHOTO-DE-CLASSE-300x200.jpg\" alt=\"\" width=\"300\" height=\"200\" srcset=\"https:\/\/etab.ac-reunion.fr\/clg-jean-lafosse\/wp-content\/uploads\/sites\/101\/2019\/12\/GR-PHOTO-DE-CLASSE-300x200.jpg 300w, https:\/\/etab.ac-reunion.fr\/clg-jean-lafosse\/wp-content\/uploads\/sites\/101\/2019\/12\/GR-PHOTO-DE-CLASSE-1024x683.jpg 1024w, https:\/\/etab.ac-reunion.fr\/clg-jean-lafosse\/wp-content\/uploads\/sites\/101\/2019\/12\/GR-PHOTO-DE-CLASSE-768x512.jpg 768w, https:\/\/etab.ac-reunion.fr\/clg-jean-lafosse\/wp-content\/uploads\/sites\/101\/2019\/12\/GR-PHOTO-DE-CLASSE-1536x1024.jpg 1536w\" sizes=\"auto, (max-width: 300px) 100vw, 300px\" \/><\/p>\n<p>&nbsp;<\/p>\n","protected":false},"excerpt":{"rendered":"<p>Depuis la rentr\u00e9e 2019, nous poursuivons l&rsquo;aventure \u00ab\u00a0Globe Reporters\u00a0\u00bb avec les \u00e9l\u00e8ves de la 5\u00e8me Tilapia. Nos apprentis journalistes sont au nombre de 22, dont 10 filles et 12 gar\u00e7ons. Nous accueillons \u00e9galement Mme LEMONNIER et Mme COUTURE qui nous aident \u00e0 r\u00e9aliser ce projet. Cette ann\u00e9e, notre terrain de\u2026<\/p>\n<p> <a class=\"continue-reading-link\" href=\"https:\/\/etab.ac-reunion.fr\/clg-jean-lafosse\/globe-reporters-cest-reparti\/\"><span>Lire la suite&#8230;<\/span><i class=\"crycon-right-dir\"><\/i><\/a> <\/p>\n","protected":false},"author":22187,"featured_media":0,"comment_status":"closed","ping_status":"closed","sticky":false,"template":"","format":"standard","meta":{"footnotes":""},"categories":[4],"tags":[],"class_list":["post-2914","post","type-post","status-publish","format-standard","hentry","category-actualites"],"_links":{"self":[{"href":"https:\/\/etab.ac-reunion.fr\/clg-jean-lafosse\/wp-json\/wp\/v2\/posts\/2914","targetHints":{"allow":["GET"]}}],"collection":[{"href":"https:\/\/etab.ac-reunion.fr\/clg-jean-lafosse\/wp-json\/wp\/v2\/posts"}],"about":[{"href":"https:\/\/etab.ac-reunion.fr\/clg-jean-lafosse\/wp-json\/wp\/v2\/types\/post"}],"author":[{"embeddable":true,"href":"https:\/\/etab.ac-reunion.fr\/clg-jean-lafosse\/wp-json\/wp\/v2\/users\/22187"}],"replies":[{"embeddable":true,"href":"https:\/\/etab.ac-reunion.fr\/clg-jean-lafosse\/wp-json\/wp\/v2\/comments?post=2914"}],"version-history":[{"count":7,"href":"https:\/\/etab.ac-reunion.fr\/clg-jean-lafosse\/wp-json\/wp\/v2\/posts\/2914\/revisions"}],"predecessor-version":[{"id":2924,"href":"https:\/\/etab.ac-reunion.fr\/clg-jean-lafosse\/wp-json\/wp\/v2\/posts\/2914\/revisions\/2924"}],"wp:attachment":[{"href":"https:\/\/etab.ac-reunion.fr\/clg-jean-lafosse\/wp-json\/wp\/v2\/media?parent=2914"}],"wp:term":[{"taxonomy":"category","embeddable":true,"href":"https:\/\/etab.ac-reunion.fr\/clg-jean-lafosse\/wp-json\/wp\/v2\/categories?post=2914"},{"taxonomy":"post_tag","embeddable":true,"href":"https:\/\/etab.ac-reunion.fr\/clg-jean-lafosse\/wp-json\/wp\/v2\/tags?post=2914"}],"curies":[{"name":"wp","href":"https:\/\/api.w.org\/{rel}","templated":true}]}}