{"id":4106,"date":"2023-04-21T20:12:16","date_gmt":"2023-04-21T16:12:16","guid":{"rendered":"https:\/\/etab.ac-reunion.fr\/clg-jean-lafosse\/?p=4106"},"modified":"2023-04-21T20:21:46","modified_gmt":"2023-04-21T16:21:46","slug":"exposition-culture-germanophone","status":"publish","type":"post","link":"https:\/\/etab.ac-reunion.fr\/clg-jean-lafosse\/exposition-culture-germanophone\/","title":{"rendered":"Exposition Culture Germanophone"},"content":{"rendered":"<p>Les \u00e9l\u00e8ves germanistes de diff\u00e9rentes classes proposent une exposition pr\u00e9sentant la culture germanophone \u00e0 travers les travaux qu\u2019ils ont r\u00e9alis\u00e9s cette ann\u00e9e et plus particuli\u00e8rement pendant la semaine des langues. L\u2019exposition est visible au CDI\u00a0 du coll\u00e8ge.<\/p>\n<p>Karine Stahl, professeur d\u2019allemand<\/p>\n<p>Voici un aper\u00e7u de leur travail.<\/p>\n\n\t\t<style type=\"text\/css\">\n\t\t\t#gallery-1 {\n\t\t\t\tmargin: auto;\n\t\t\t}\n\t\t\t#gallery-1 .gallery-item {\n\t\t\t\tfloat: left;\n\t\t\t\tmargin-top: 10px;\n\t\t\t\ttext-align: center;\n\t\t\t\twidth: 33%;\n\t\t\t}\n\t\t\t#gallery-1 img {\n\t\t\t\tborder: 2px solid #cfcfcf;\n\t\t\t}\n\t\t\t#gallery-1 .gallery-caption {\n\t\t\t\tmargin-left: 0;\n\t\t\t}\n\t\t\t\/* see gallery_shortcode() in wp-includes\/media.php *\/\n\t\t<\/style>\n\t\t<div id='gallery-1' class='gallery galleryid-4106 gallery-columns-3 gallery-size-large'><dl class='gallery-item'>\n\t\t\t<dt class='gallery-icon portrait'>\n\t\t\t\t<a href='https:\/\/etab.ac-reunion.fr\/clg-jean-lafosse\/wp-content\/uploads\/sites\/101\/2023\/04\/e7af8881-0387-40c3-921c-4efb5b7649de.jpg'><img loading=\"lazy\" decoding=\"async\" width=\"768\" height=\"1024\" src=\"https:\/\/etab.ac-reunion.fr\/clg-jean-lafosse\/wp-content\/uploads\/sites\/101\/2023\/04\/e7af8881-0387-40c3-921c-4efb5b7649de-768x1024.jpg\" class=\"attachment-large size-large\" alt=\"\" srcset=\"https:\/\/etab.ac-reunion.fr\/clg-jean-lafosse\/wp-content\/uploads\/sites\/101\/2023\/04\/e7af8881-0387-40c3-921c-4efb5b7649de-768x1024.jpg 768w, https:\/\/etab.ac-reunion.fr\/clg-jean-lafosse\/wp-content\/uploads\/sites\/101\/2023\/04\/e7af8881-0387-40c3-921c-4efb5b7649de-225x300.jpg 225w, https:\/\/etab.ac-reunion.fr\/clg-jean-lafosse\/wp-content\/uploads\/sites\/101\/2023\/04\/e7af8881-0387-40c3-921c-4efb5b7649de-1152x1536.jpg 1152w, https:\/\/etab.ac-reunion.fr\/clg-jean-lafosse\/wp-content\/uploads\/sites\/101\/2023\/04\/e7af8881-0387-40c3-921c-4efb5b7649de-113x150.jpg 113w, https:\/\/etab.ac-reunion.fr\/clg-jean-lafosse\/wp-content\/uploads\/sites\/101\/2023\/04\/e7af8881-0387-40c3-921c-4efb5b7649de.jpg 1200w\" sizes=\"auto, (max-width: 768px) 100vw, 768px\" \/><\/a>\n\t\t\t<\/dt><\/dl><dl class='gallery-item'>\n\t\t\t<dt class='gallery-icon portrait'>\n\t\t\t\t<a href='https:\/\/etab.ac-reunion.fr\/clg-jean-lafosse\/wp-content\/uploads\/sites\/101\/2023\/04\/edf6e720-0e7b-4a66-8d1b-7cdd6a09bd2e.jpg'><img loading=\"lazy\" decoding=\"async\" width=\"768\" height=\"1024\" src=\"https:\/\/etab.ac-reunion.fr\/clg-jean-lafosse\/wp-content\/uploads\/sites\/101\/2023\/04\/edf6e720-0e7b-4a66-8d1b-7cdd6a09bd2e-768x1024.jpg\" class=\"attachment-large size-large\" alt=\"\" srcset=\"https:\/\/etab.ac-reunion.fr\/clg-jean-lafosse\/wp-content\/uploads\/sites\/101\/2023\/04\/edf6e720-0e7b-4a66-8d1b-7cdd6a09bd2e-768x1024.jpg 768w, https:\/\/etab.ac-reunion.fr\/clg-jean-lafosse\/wp-content\/uploads\/sites\/101\/2023\/04\/edf6e720-0e7b-4a66-8d1b-7cdd6a09bd2e-225x300.jpg 225w, https:\/\/etab.ac-reunion.fr\/clg-jean-lafosse\/wp-content\/uploads\/sites\/101\/2023\/04\/edf6e720-0e7b-4a66-8d1b-7cdd6a09bd2e-1152x1536.jpg 1152w, https:\/\/etab.ac-reunion.fr\/clg-jean-lafosse\/wp-content\/uploads\/sites\/101\/2023\/04\/edf6e720-0e7b-4a66-8d1b-7cdd6a09bd2e-113x150.jpg 113w, https:\/\/etab.ac-reunion.fr\/clg-jean-lafosse\/wp-content\/uploads\/sites\/101\/2023\/04\/edf6e720-0e7b-4a66-8d1b-7cdd6a09bd2e.jpg 1200w\" sizes=\"auto, (max-width: 768px) 100vw, 768px\" \/><\/a>\n\t\t\t<\/dt><\/dl><dl class='gallery-item'>\n\t\t\t<dt class='gallery-icon portrait'>\n\t\t\t\t<a href='https:\/\/etab.ac-reunion.fr\/clg-jean-lafosse\/wp-content\/uploads\/sites\/101\/2023\/04\/76050687-4855-4b23-a1fb-ca11e4aa96f8.jpg'><img loading=\"lazy\" decoding=\"async\" width=\"768\" height=\"1024\" src=\"https:\/\/etab.ac-reunion.fr\/clg-jean-lafosse\/wp-content\/uploads\/sites\/101\/2023\/04\/76050687-4855-4b23-a1fb-ca11e4aa96f8-768x1024.jpg\" class=\"attachment-large size-large\" alt=\"\" srcset=\"https:\/\/etab.ac-reunion.fr\/clg-jean-lafosse\/wp-content\/uploads\/sites\/101\/2023\/04\/76050687-4855-4b23-a1fb-ca11e4aa96f8-768x1024.jpg 768w, https:\/\/etab.ac-reunion.fr\/clg-jean-lafosse\/wp-content\/uploads\/sites\/101\/2023\/04\/76050687-4855-4b23-a1fb-ca11e4aa96f8-225x300.jpg 225w, https:\/\/etab.ac-reunion.fr\/clg-jean-lafosse\/wp-content\/uploads\/sites\/101\/2023\/04\/76050687-4855-4b23-a1fb-ca11e4aa96f8-1152x1536.jpg 1152w, https:\/\/etab.ac-reunion.fr\/clg-jean-lafosse\/wp-content\/uploads\/sites\/101\/2023\/04\/76050687-4855-4b23-a1fb-ca11e4aa96f8-113x150.jpg 113w, https:\/\/etab.ac-reunion.fr\/clg-jean-lafosse\/wp-content\/uploads\/sites\/101\/2023\/04\/76050687-4855-4b23-a1fb-ca11e4aa96f8.jpg 1200w\" sizes=\"auto, (max-width: 768px) 100vw, 768px\" \/><\/a>\n\t\t\t<\/dt><\/dl><br style=\"clear: both\" \/><dl class='gallery-item'>\n\t\t\t<dt class='gallery-icon portrait'>\n\t\t\t\t<a href='https:\/\/etab.ac-reunion.fr\/clg-jean-lafosse\/wp-content\/uploads\/sites\/101\/2023\/04\/207795d3-ca1e-4a42-8d6e-1b319f25f1dd.jpg'><img loading=\"lazy\" decoding=\"async\" width=\"768\" height=\"1024\" src=\"https:\/\/etab.ac-reunion.fr\/clg-jean-lafosse\/wp-content\/uploads\/sites\/101\/2023\/04\/207795d3-ca1e-4a42-8d6e-1b319f25f1dd-768x1024.jpg\" class=\"attachment-large size-large\" alt=\"\" srcset=\"https:\/\/etab.ac-reunion.fr\/clg-jean-lafosse\/wp-content\/uploads\/sites\/101\/2023\/04\/207795d3-ca1e-4a42-8d6e-1b319f25f1dd-768x1024.jpg 768w, https:\/\/etab.ac-reunion.fr\/clg-jean-lafosse\/wp-content\/uploads\/sites\/101\/2023\/04\/207795d3-ca1e-4a42-8d6e-1b319f25f1dd-225x300.jpg 225w, https:\/\/etab.ac-reunion.fr\/clg-jean-lafosse\/wp-content\/uploads\/sites\/101\/2023\/04\/207795d3-ca1e-4a42-8d6e-1b319f25f1dd-1152x1536.jpg 1152w, https:\/\/etab.ac-reunion.fr\/clg-jean-lafosse\/wp-content\/uploads\/sites\/101\/2023\/04\/207795d3-ca1e-4a42-8d6e-1b319f25f1dd-113x150.jpg 113w, https:\/\/etab.ac-reunion.fr\/clg-jean-lafosse\/wp-content\/uploads\/sites\/101\/2023\/04\/207795d3-ca1e-4a42-8d6e-1b319f25f1dd.jpg 1200w\" sizes=\"auto, (max-width: 768px) 100vw, 768px\" \/><\/a>\n\t\t\t<\/dt><\/dl><dl class='gallery-item'>\n\t\t\t<dt class='gallery-icon landscape'>\n\t\t\t\t<a href='https:\/\/etab.ac-reunion.fr\/clg-jean-lafosse\/wp-content\/uploads\/sites\/101\/2023\/04\/08598dbb-2943-48a0-99f0-c9a36055c913.jpg'><img loading=\"lazy\" decoding=\"async\" width=\"900\" height=\"675\" src=\"https:\/\/etab.ac-reunion.fr\/clg-jean-lafosse\/wp-content\/uploads\/sites\/101\/2023\/04\/08598dbb-2943-48a0-99f0-c9a36055c913-1024x768.jpg\" class=\"attachment-large size-large\" alt=\"\" srcset=\"https:\/\/etab.ac-reunion.fr\/clg-jean-lafosse\/wp-content\/uploads\/sites\/101\/2023\/04\/08598dbb-2943-48a0-99f0-c9a36055c913-1024x768.jpg 1024w, https:\/\/etab.ac-reunion.fr\/clg-jean-lafosse\/wp-content\/uploads\/sites\/101\/2023\/04\/08598dbb-2943-48a0-99f0-c9a36055c913-300x225.jpg 300w, https:\/\/etab.ac-reunion.fr\/clg-jean-lafosse\/wp-content\/uploads\/sites\/101\/2023\/04\/08598dbb-2943-48a0-99f0-c9a36055c913-768x576.jpg 768w, https:\/\/etab.ac-reunion.fr\/clg-jean-lafosse\/wp-content\/uploads\/sites\/101\/2023\/04\/08598dbb-2943-48a0-99f0-c9a36055c913-1536x1152.jpg 1536w, https:\/\/etab.ac-reunion.fr\/clg-jean-lafosse\/wp-content\/uploads\/sites\/101\/2023\/04\/08598dbb-2943-48a0-99f0-c9a36055c913-150x113.jpg 150w, https:\/\/etab.ac-reunion.fr\/clg-jean-lafosse\/wp-content\/uploads\/sites\/101\/2023\/04\/08598dbb-2943-48a0-99f0-c9a36055c913-200x150.jpg 200w, https:\/\/etab.ac-reunion.fr\/clg-jean-lafosse\/wp-content\/uploads\/sites\/101\/2023\/04\/08598dbb-2943-48a0-99f0-c9a36055c913.jpg 1600w\" sizes=\"auto, (max-width: 900px) 100vw, 900px\" \/><\/a>\n\t\t\t<\/dt><\/dl><dl class='gallery-item'>\n\t\t\t<dt class='gallery-icon portrait'>\n\t\t\t\t<a href='https:\/\/etab.ac-reunion.fr\/clg-jean-lafosse\/wp-content\/uploads\/sites\/101\/2023\/04\/4e87ce26-61e4-43f1-9198-11add84a9e5d.jpg'><img loading=\"lazy\" decoding=\"async\" width=\"768\" height=\"1024\" src=\"https:\/\/etab.ac-reunion.fr\/clg-jean-lafosse\/wp-content\/uploads\/sites\/101\/2023\/04\/4e87ce26-61e4-43f1-9198-11add84a9e5d-768x1024.jpg\" class=\"attachment-large size-large\" alt=\"\" srcset=\"https:\/\/etab.ac-reunion.fr\/clg-jean-lafosse\/wp-content\/uploads\/sites\/101\/2023\/04\/4e87ce26-61e4-43f1-9198-11add84a9e5d-768x1024.jpg 768w, https:\/\/etab.ac-reunion.fr\/clg-jean-lafosse\/wp-content\/uploads\/sites\/101\/2023\/04\/4e87ce26-61e4-43f1-9198-11add84a9e5d-225x300.jpg 225w, https:\/\/etab.ac-reunion.fr\/clg-jean-lafosse\/wp-content\/uploads\/sites\/101\/2023\/04\/4e87ce26-61e4-43f1-9198-11add84a9e5d-1152x1536.jpg 1152w, https:\/\/etab.ac-reunion.fr\/clg-jean-lafosse\/wp-content\/uploads\/sites\/101\/2023\/04\/4e87ce26-61e4-43f1-9198-11add84a9e5d-113x150.jpg 113w, https:\/\/etab.ac-reunion.fr\/clg-jean-lafosse\/wp-content\/uploads\/sites\/101\/2023\/04\/4e87ce26-61e4-43f1-9198-11add84a9e5d.jpg 1200w\" sizes=\"auto, (max-width: 768px) 100vw, 768px\" \/><\/a>\n\t\t\t<\/dt><\/dl><br style=\"clear: both\" \/><dl class='gallery-item'>\n\t\t\t<dt class='gallery-icon portrait'>\n\t\t\t\t<a href='https:\/\/etab.ac-reunion.fr\/clg-jean-lafosse\/wp-content\/uploads\/sites\/101\/2023\/04\/7a7197bd-2a26-4815-93b4-9b20fe30fa8f.jpg'><img loading=\"lazy\" decoding=\"async\" width=\"768\" height=\"1024\" src=\"https:\/\/etab.ac-reunion.fr\/clg-jean-lafosse\/wp-content\/uploads\/sites\/101\/2023\/04\/7a7197bd-2a26-4815-93b4-9b20fe30fa8f-768x1024.jpg\" class=\"attachment-large size-large\" alt=\"\" srcset=\"https:\/\/etab.ac-reunion.fr\/clg-jean-lafosse\/wp-content\/uploads\/sites\/101\/2023\/04\/7a7197bd-2a26-4815-93b4-9b20fe30fa8f-768x1024.jpg 768w, https:\/\/etab.ac-reunion.fr\/clg-jean-lafosse\/wp-content\/uploads\/sites\/101\/2023\/04\/7a7197bd-2a26-4815-93b4-9b20fe30fa8f-225x300.jpg 225w, https:\/\/etab.ac-reunion.fr\/clg-jean-lafosse\/wp-content\/uploads\/sites\/101\/2023\/04\/7a7197bd-2a26-4815-93b4-9b20fe30fa8f-1152x1536.jpg 1152w, https:\/\/etab.ac-reunion.fr\/clg-jean-lafosse\/wp-content\/uploads\/sites\/101\/2023\/04\/7a7197bd-2a26-4815-93b4-9b20fe30fa8f-113x150.jpg 113w, https:\/\/etab.ac-reunion.fr\/clg-jean-lafosse\/wp-content\/uploads\/sites\/101\/2023\/04\/7a7197bd-2a26-4815-93b4-9b20fe30fa8f.jpg 1200w\" sizes=\"auto, (max-width: 768px) 100vw, 768px\" \/><\/a>\n\t\t\t<\/dt><\/dl>\n\t\t\t<br style='clear: both' \/>\n\t\t<\/div>\n\n","protected":false},"excerpt":{"rendered":"<p>Les \u00e9l\u00e8ves germanistes de diff\u00e9rentes classes proposent une exposition pr\u00e9sentant la culture germanophone \u00e0 travers les travaux qu\u2019ils ont r\u00e9alis\u00e9s cette ann\u00e9e et plus particuli\u00e8rement pendant la semaine des langues. L\u2019exposition est visible au CDI\u00a0 du coll\u00e8ge. Karine Stahl, professeur d\u2019allemand Voici un aper\u00e7u de leur travail.<\/p>\n<p> <a class=\"continue-reading-link\" href=\"https:\/\/etab.ac-reunion.fr\/clg-jean-lafosse\/exposition-culture-germanophone\/\"><span>Lire la suite&#8230;<\/span><i class=\"crycon-right-dir\"><\/i><\/a> <\/p>\n","protected":false},"author":4586,"featured_media":4095,"comment_status":"closed","ping_status":"closed","sticky":false,"template":"","format":"standard","meta":{"footnotes":""},"categories":[4],"tags":[],"class_list":["post-4106","post","type-post","status-publish","format-standard","has-post-thumbnail","hentry","category-actualites"],"_links":{"self":[{"href":"https:\/\/etab.ac-reunion.fr\/clg-jean-lafosse\/wp-json\/wp\/v2\/posts\/4106","targetHints":{"allow":["GET"]}}],"collection":[{"href":"https:\/\/etab.ac-reunion.fr\/clg-jean-lafosse\/wp-json\/wp\/v2\/posts"}],"about":[{"href":"https:\/\/etab.ac-reunion.fr\/clg-jean-lafosse\/wp-json\/wp\/v2\/types\/post"}],"author":[{"embeddable":true,"href":"https:\/\/etab.ac-reunion.fr\/clg-jean-lafosse\/wp-json\/wp\/v2\/users\/4586"}],"replies":[{"embeddable":true,"href":"https:\/\/etab.ac-reunion.fr\/clg-jean-lafosse\/wp-json\/wp\/v2\/comments?post=4106"}],"version-history":[{"count":4,"href":"https:\/\/etab.ac-reunion.fr\/clg-jean-lafosse\/wp-json\/wp\/v2\/posts\/4106\/revisions"}],"predecessor-version":[{"id":4110,"href":"https:\/\/etab.ac-reunion.fr\/clg-jean-lafosse\/wp-json\/wp\/v2\/posts\/4106\/revisions\/4110"}],"wp:featuredmedia":[{"embeddable":true,"href":"https:\/\/etab.ac-reunion.fr\/clg-jean-lafosse\/wp-json\/wp\/v2\/media\/4095"}],"wp:attachment":[{"href":"https:\/\/etab.ac-reunion.fr\/clg-jean-lafosse\/wp-json\/wp\/v2\/media?parent=4106"}],"wp:term":[{"taxonomy":"category","embeddable":true,"href":"https:\/\/etab.ac-reunion.fr\/clg-jean-lafosse\/wp-json\/wp\/v2\/categories?post=4106"},{"taxonomy":"post_tag","embeddable":true,"href":"https:\/\/etab.ac-reunion.fr\/clg-jean-lafosse\/wp-json\/wp\/v2\/tags?post=4106"}],"curies":[{"name":"wp","href":"https:\/\/api.w.org\/{rel}","templated":true}]}}