{"id":4221,"date":"2023-06-19T08:33:55","date_gmt":"2023-06-19T04:33:55","guid":{"rendered":"https:\/\/etab.ac-reunion.fr\/clg-jean-lafosse\/?p=4221"},"modified":"2023-06-19T08:33:55","modified_gmt":"2023-06-19T04:33:55","slug":"mardi-20-juin-journee-de-sensibilisation-au-harcelement-a-lecole","status":"publish","type":"post","link":"https:\/\/etab.ac-reunion.fr\/clg-jean-lafosse\/mardi-20-juin-journee-de-sensibilisation-au-harcelement-a-lecole\/","title":{"rendered":"Mardi 20 juin &#8211; Journ\u00e9e de sensibilisation au harc\u00e8lement \u00e0 l&rsquo;\u00e9cole."},"content":{"rendered":"<a href=\"https:\/\/etab.ac-reunion.fr\/clg-jean-lafosse\/wp-content\/uploads\/sites\/101\/2023\/06\/Depliant-Centres-Relier.pdf\" class=\"pdfemb-viewer\" style=\"\" data-width=\"max\" data-height=\"max\" data-toolbar=\"bottom\" data-toolbar-fixed=\"off\">De\u0301pliant Centres Relier<\/a>\n","protected":false},"excerpt":{"rendered":"<p> <a class=\"continue-reading-link\" href=\"https:\/\/etab.ac-reunion.fr\/clg-jean-lafosse\/mardi-20-juin-journee-de-sensibilisation-au-harcelement-a-lecole\/\"><span>Lire la suite&#8230;<\/span><i class=\"crycon-right-dir\"><\/i><\/a> <\/p>\n","protected":false},"author":4586,"featured_media":0,"comment_status":"closed","ping_status":"closed","sticky":false,"template":"","format":"standard","meta":{"footnotes":""},"categories":[4],"tags":[],"class_list":["post-4221","post","type-post","status-publish","format-standard","hentry","category-actualites"],"_links":{"self":[{"href":"https:\/\/etab.ac-reunion.fr\/clg-jean-lafosse\/wp-json\/wp\/v2\/posts\/4221","targetHints":{"allow":["GET"]}}],"collection":[{"href":"https:\/\/etab.ac-reunion.fr\/clg-jean-lafosse\/wp-json\/wp\/v2\/posts"}],"about":[{"href":"https:\/\/etab.ac-reunion.fr\/clg-jean-lafosse\/wp-json\/wp\/v2\/types\/post"}],"author":[{"embeddable":true,"href":"https:\/\/etab.ac-reunion.fr\/clg-jean-lafosse\/wp-json\/wp\/v2\/users\/4586"}],"replies":[{"embeddable":true,"href":"https:\/\/etab.ac-reunion.fr\/clg-jean-lafosse\/wp-json\/wp\/v2\/comments?post=4221"}],"version-history":[{"count":4,"href":"https:\/\/etab.ac-reunion.fr\/clg-jean-lafosse\/wp-json\/wp\/v2\/posts\/4221\/revisions"}],"predecessor-version":[{"id":4226,"href":"https:\/\/etab.ac-reunion.fr\/clg-jean-lafosse\/wp-json\/wp\/v2\/posts\/4221\/revisions\/4226"}],"wp:attachment":[{"href":"https:\/\/etab.ac-reunion.fr\/clg-jean-lafosse\/wp-json\/wp\/v2\/media?parent=4221"}],"wp:term":[{"taxonomy":"category","embeddable":true,"href":"https:\/\/etab.ac-reunion.fr\/clg-jean-lafosse\/wp-json\/wp\/v2\/categories?post=4221"},{"taxonomy":"post_tag","embeddable":true,"href":"https:\/\/etab.ac-reunion.fr\/clg-jean-lafosse\/wp-json\/wp\/v2\/tags?post=4221"}],"curies":[{"name":"wp","href":"https:\/\/api.w.org\/{rel}","templated":true}]}}