{"id":4298,"date":"2023-09-25T12:59:46","date_gmt":"2023-09-25T08:59:46","guid":{"rendered":"https:\/\/etab.ac-reunion.fr\/clg-jean-lafosse\/?p=4298"},"modified":"2023-09-25T13:01:04","modified_gmt":"2023-09-25T09:01:04","slug":"journees-europeennes-des-langues-jeudi-28-septembre","status":"publish","type":"post","link":"https:\/\/etab.ac-reunion.fr\/clg-jean-lafosse\/journees-europeennes-des-langues-jeudi-28-septembre\/","title":{"rendered":"Journ\u00e9es Europ\u00e9ennes des Langues &#8211; Jeudi 28 septembre"},"content":{"rendered":"<p>Dans le cadre de la Journ\u00e9e Europ\u00e9enne des Langues qui se d\u00e9roulera le<strong> JEUDI 28 SEPTEMBRE<\/strong> au Coll\u00e8ge, des activit\u00e9s seront men\u00e9es tout au long de la journ\u00e9e par les professeurs de langue vivante. Ce sera \u00e9galement l&rsquo;occasion de respecter les couleurs du drapeau europ\u00e9en dans votre tenue : BLEU et JAUNE. Des cadeaux seront \u00e0 gagner pour les plus investis.<\/p>\n<p style=\"text-align: right\">Mme C\u00e9cile PAYET, Professeur d&rsquo;Espagnol<\/p>\n<p style=\"text-align: right\"><a href=\"https:\/\/etab.ac-reunion.fr\/clg-jean-lafosse\/wp-content\/uploads\/sites\/101\/2023\/09\/JEL-PAGE-WEB-DU-COLLEGE.pdf\" class=\"pdfemb-viewer\" style=\"\" data-width=\"max\" data-height=\"max\" data-toolbar=\"bottom\" data-toolbar-fixed=\"off\">JEL PAGE WEB DU COLLEGE<\/a><\/p>\n","protected":false},"excerpt":{"rendered":"<p>Dans le cadre de la Journ\u00e9e Europ\u00e9enne des Langues qui se d\u00e9roulera le JEUDI 28 SEPTEMBRE au Coll\u00e8ge, des activit\u00e9s seront men\u00e9es tout au long de la journ\u00e9e par les professeurs de langue vivante. Ce sera \u00e9galement l&rsquo;occasion de respecter les couleurs du drapeau europ\u00e9en dans votre tenue : BLEU\u2026<\/p>\n<p> <a class=\"continue-reading-link\" href=\"https:\/\/etab.ac-reunion.fr\/clg-jean-lafosse\/journees-europeennes-des-langues-jeudi-28-septembre\/\"><span>Lire la suite&#8230;<\/span><i class=\"crycon-right-dir\"><\/i><\/a> <\/p>\n","protected":false},"author":4586,"featured_media":4300,"comment_status":"closed","ping_status":"closed","sticky":false,"template":"","format":"standard","meta":{"footnotes":""},"categories":[4],"tags":[],"class_list":["post-4298","post","type-post","status-publish","format-standard","has-post-thumbnail","hentry","category-actualites"],"_links":{"self":[{"href":"https:\/\/etab.ac-reunion.fr\/clg-jean-lafosse\/wp-json\/wp\/v2\/posts\/4298","targetHints":{"allow":["GET"]}}],"collection":[{"href":"https:\/\/etab.ac-reunion.fr\/clg-jean-lafosse\/wp-json\/wp\/v2\/posts"}],"about":[{"href":"https:\/\/etab.ac-reunion.fr\/clg-jean-lafosse\/wp-json\/wp\/v2\/types\/post"}],"author":[{"embeddable":true,"href":"https:\/\/etab.ac-reunion.fr\/clg-jean-lafosse\/wp-json\/wp\/v2\/users\/4586"}],"replies":[{"embeddable":true,"href":"https:\/\/etab.ac-reunion.fr\/clg-jean-lafosse\/wp-json\/wp\/v2\/comments?post=4298"}],"version-history":[{"count":3,"href":"https:\/\/etab.ac-reunion.fr\/clg-jean-lafosse\/wp-json\/wp\/v2\/posts\/4298\/revisions"}],"predecessor-version":[{"id":4303,"href":"https:\/\/etab.ac-reunion.fr\/clg-jean-lafosse\/wp-json\/wp\/v2\/posts\/4298\/revisions\/4303"}],"wp:featuredmedia":[{"embeddable":true,"href":"https:\/\/etab.ac-reunion.fr\/clg-jean-lafosse\/wp-json\/wp\/v2\/media\/4300"}],"wp:attachment":[{"href":"https:\/\/etab.ac-reunion.fr\/clg-jean-lafosse\/wp-json\/wp\/v2\/media?parent=4298"}],"wp:term":[{"taxonomy":"category","embeddable":true,"href":"https:\/\/etab.ac-reunion.fr\/clg-jean-lafosse\/wp-json\/wp\/v2\/categories?post=4298"},{"taxonomy":"post_tag","embeddable":true,"href":"https:\/\/etab.ac-reunion.fr\/clg-jean-lafosse\/wp-json\/wp\/v2\/tags?post=4298"}],"curies":[{"name":"wp","href":"https:\/\/api.w.org\/{rel}","templated":true}]}}