{"id":4324,"date":"2023-11-02T10:18:43","date_gmt":"2023-11-02T06:18:43","guid":{"rendered":"https:\/\/etab.ac-reunion.fr\/clg-jean-lafosse\/?p=4324"},"modified":"2023-11-13T16:06:07","modified_gmt":"2023-11-13T12:06:07","slug":"journee-europeenne-des-langues-2","status":"publish","type":"post","link":"https:\/\/etab.ac-reunion.fr\/clg-jean-lafosse\/journee-europeenne-des-langues-2\/","title":{"rendered":"Journ\u00e9e Europ\u00e9enne des Langues"},"content":{"rendered":"<p>Dans le cadre de la Journ\u00e9e Europ\u00e9enne des Langues, l&rsquo;\u00e9quipe de langues \u00e0 fait vivre ce volet OUVERTURE A L&rsquo;INTERNATIONAL.\u00a0 Les \u00e9l\u00e8ves et les professionnels se sont mis aux couleurs du drapeau europ\u00e9en et des activit\u00e9s ont \u00e9t\u00e9 propos\u00e9es tout au long de la journ\u00e9e dans la cour.<\/p>\n<p>Les meilleurs Dress Code et les plus courageux qui ont relev\u00e9 des d\u00e9fis se sont vus r\u00e9compens\u00e9s. \u00a0\u00bb<\/p>\n<p><iframe loading=\"lazy\" title=\"Journ\u00e9e Europ\u00e9ene Langues\" frameborder=\"0\" width=\"900\" height=\"506\" src=\"https:\/\/geo.dailymotion.com\/player.html?video=x8pa1ge&#038;\" allowfullscreen allow=\"autoplay; fullscreen; picture-in-picture\"><\/iframe><br \/>\n&nbsp;<\/p>\n<p style=\"text-align: center\"><a href=\"https:\/\/dai.ly\/x8pa1ge\">Vid\u00e9o<\/a><\/p>\n\n\t\t<style type=\"text\/css\">\n\t\t\t#gallery-1 {\n\t\t\t\tmargin: auto;\n\t\t\t}\n\t\t\t#gallery-1 .gallery-item {\n\t\t\t\tfloat: left;\n\t\t\t\tmargin-top: 10px;\n\t\t\t\ttext-align: center;\n\t\t\t\twidth: 33%;\n\t\t\t}\n\t\t\t#gallery-1 img {\n\t\t\t\tborder: 2px solid #cfcfcf;\n\t\t\t}\n\t\t\t#gallery-1 .gallery-caption {\n\t\t\t\tmargin-left: 0;\n\t\t\t}\n\t\t\t\/* see gallery_shortcode() in wp-includes\/media.php *\/\n\t\t<\/style>\n\t\t<div id='gallery-1' class='gallery galleryid-4324 gallery-columns-3 gallery-size-full'><dl class='gallery-item'>\n\t\t\t<dt class='gallery-icon landscape'>\n\t\t\t\t<a href='https:\/\/etab.ac-reunion.fr\/clg-jean-lafosse\/journee-europeenne-des-langues-2\/20230928_080926\/'><img loading=\"lazy\" decoding=\"async\" width=\"2560\" height=\"1920\" src=\"https:\/\/etab.ac-reunion.fr\/clg-jean-lafosse\/wp-content\/uploads\/sites\/101\/2023\/11\/20230928_080926-scaled.jpg\" class=\"attachment-full size-full\" alt=\"\" srcset=\"https:\/\/etab.ac-reunion.fr\/clg-jean-lafosse\/wp-content\/uploads\/sites\/101\/2023\/11\/20230928_080926-scaled.jpg 2560w, https:\/\/etab.ac-reunion.fr\/clg-jean-lafosse\/wp-content\/uploads\/sites\/101\/2023\/11\/20230928_080926-300x225.jpg 300w, https:\/\/etab.ac-reunion.fr\/clg-jean-lafosse\/wp-content\/uploads\/sites\/101\/2023\/11\/20230928_080926-1024x768.jpg 1024w, https:\/\/etab.ac-reunion.fr\/clg-jean-lafosse\/wp-content\/uploads\/sites\/101\/2023\/11\/20230928_080926-768x576.jpg 768w, https:\/\/etab.ac-reunion.fr\/clg-jean-lafosse\/wp-content\/uploads\/sites\/101\/2023\/11\/20230928_080926-1536x1152.jpg 1536w, https:\/\/etab.ac-reunion.fr\/clg-jean-lafosse\/wp-content\/uploads\/sites\/101\/2023\/11\/20230928_080926-2048x1536.jpg 2048w, https:\/\/etab.ac-reunion.fr\/clg-jean-lafosse\/wp-content\/uploads\/sites\/101\/2023\/11\/20230928_080926-150x113.jpg 150w, https:\/\/etab.ac-reunion.fr\/clg-jean-lafosse\/wp-content\/uploads\/sites\/101\/2023\/11\/20230928_080926-200x150.jpg 200w\" sizes=\"auto, (max-width: 2560px) 100vw, 2560px\" \/><\/a>\n\t\t\t<\/dt><\/dl><dl class='gallery-item'>\n\t\t\t<dt class='gallery-icon landscape'>\n\t\t\t\t<a href='https:\/\/etab.ac-reunion.fr\/clg-jean-lafosse\/journee-europeenne-des-langues-2\/20230928_081009\/'><img loading=\"lazy\" decoding=\"async\" width=\"2560\" height=\"1920\" src=\"https:\/\/etab.ac-reunion.fr\/clg-jean-lafosse\/wp-content\/uploads\/sites\/101\/2023\/11\/20230928_081009-scaled.jpg\" class=\"attachment-full size-full\" alt=\"\" srcset=\"https:\/\/etab.ac-reunion.fr\/clg-jean-lafosse\/wp-content\/uploads\/sites\/101\/2023\/11\/20230928_081009-scaled.jpg 2560w, https:\/\/etab.ac-reunion.fr\/clg-jean-lafosse\/wp-content\/uploads\/sites\/101\/2023\/11\/20230928_081009-300x225.jpg 300w, https:\/\/etab.ac-reunion.fr\/clg-jean-lafosse\/wp-content\/uploads\/sites\/101\/2023\/11\/20230928_081009-1024x768.jpg 1024w, https:\/\/etab.ac-reunion.fr\/clg-jean-lafosse\/wp-content\/uploads\/sites\/101\/2023\/11\/20230928_081009-768x576.jpg 768w, https:\/\/etab.ac-reunion.fr\/clg-jean-lafosse\/wp-content\/uploads\/sites\/101\/2023\/11\/20230928_081009-1536x1152.jpg 1536w, https:\/\/etab.ac-reunion.fr\/clg-jean-lafosse\/wp-content\/uploads\/sites\/101\/2023\/11\/20230928_081009-2048x1536.jpg 2048w, https:\/\/etab.ac-reunion.fr\/clg-jean-lafosse\/wp-content\/uploads\/sites\/101\/2023\/11\/20230928_081009-150x113.jpg 150w, https:\/\/etab.ac-reunion.fr\/clg-jean-lafosse\/wp-content\/uploads\/sites\/101\/2023\/11\/20230928_081009-200x150.jpg 200w\" sizes=\"auto, (max-width: 2560px) 100vw, 2560px\" \/><\/a>\n\t\t\t<\/dt><\/dl><dl class='gallery-item'>\n\t\t\t<dt class='gallery-icon landscape'>\n\t\t\t\t<a href='https:\/\/etab.ac-reunion.fr\/clg-jean-lafosse\/journee-europeenne-des-langues-2\/20230928_081126\/'><img loading=\"lazy\" decoding=\"async\" width=\"2560\" height=\"1920\" src=\"https:\/\/etab.ac-reunion.fr\/clg-jean-lafosse\/wp-content\/uploads\/sites\/101\/2023\/11\/20230928_081126-scaled.jpg\" class=\"attachment-full size-full\" alt=\"\" srcset=\"https:\/\/etab.ac-reunion.fr\/clg-jean-lafosse\/wp-content\/uploads\/sites\/101\/2023\/11\/20230928_081126-scaled.jpg 2560w, https:\/\/etab.ac-reunion.fr\/clg-jean-lafosse\/wp-content\/uploads\/sites\/101\/2023\/11\/20230928_081126-300x225.jpg 300w, https:\/\/etab.ac-reunion.fr\/clg-jean-lafosse\/wp-content\/uploads\/sites\/101\/2023\/11\/20230928_081126-1024x768.jpg 1024w, https:\/\/etab.ac-reunion.fr\/clg-jean-lafosse\/wp-content\/uploads\/sites\/101\/2023\/11\/20230928_081126-768x576.jpg 768w, https:\/\/etab.ac-reunion.fr\/clg-jean-lafosse\/wp-content\/uploads\/sites\/101\/2023\/11\/20230928_081126-1536x1152.jpg 1536w, https:\/\/etab.ac-reunion.fr\/clg-jean-lafosse\/wp-content\/uploads\/sites\/101\/2023\/11\/20230928_081126-2048x1536.jpg 2048w, https:\/\/etab.ac-reunion.fr\/clg-jean-lafosse\/wp-content\/uploads\/sites\/101\/2023\/11\/20230928_081126-150x113.jpg 150w, https:\/\/etab.ac-reunion.fr\/clg-jean-lafosse\/wp-content\/uploads\/sites\/101\/2023\/11\/20230928_081126-200x150.jpg 200w\" sizes=\"auto, (max-width: 2560px) 100vw, 2560px\" \/><\/a>\n\t\t\t<\/dt><\/dl><br style=\"clear: both\" \/><dl class='gallery-item'>\n\t\t\t<dt class='gallery-icon landscape'>\n\t\t\t\t<a href='https:\/\/etab.ac-reunion.fr\/clg-jean-lafosse\/journee-europeenne-des-langues-2\/20230928_081149\/'><img loading=\"lazy\" decoding=\"async\" width=\"2560\" height=\"1920\" src=\"https:\/\/etab.ac-reunion.fr\/clg-jean-lafosse\/wp-content\/uploads\/sites\/101\/2023\/11\/20230928_081149-scaled.jpg\" class=\"attachment-full size-full\" alt=\"\" srcset=\"https:\/\/etab.ac-reunion.fr\/clg-jean-lafosse\/wp-content\/uploads\/sites\/101\/2023\/11\/20230928_081149-scaled.jpg 2560w, https:\/\/etab.ac-reunion.fr\/clg-jean-lafosse\/wp-content\/uploads\/sites\/101\/2023\/11\/20230928_081149-300x225.jpg 300w, https:\/\/etab.ac-reunion.fr\/clg-jean-lafosse\/wp-content\/uploads\/sites\/101\/2023\/11\/20230928_081149-1024x768.jpg 1024w, https:\/\/etab.ac-reunion.fr\/clg-jean-lafosse\/wp-content\/uploads\/sites\/101\/2023\/11\/20230928_081149-768x576.jpg 768w, https:\/\/etab.ac-reunion.fr\/clg-jean-lafosse\/wp-content\/uploads\/sites\/101\/2023\/11\/20230928_081149-1536x1152.jpg 1536w, https:\/\/etab.ac-reunion.fr\/clg-jean-lafosse\/wp-content\/uploads\/sites\/101\/2023\/11\/20230928_081149-2048x1536.jpg 2048w, https:\/\/etab.ac-reunion.fr\/clg-jean-lafosse\/wp-content\/uploads\/sites\/101\/2023\/11\/20230928_081149-150x113.jpg 150w, https:\/\/etab.ac-reunion.fr\/clg-jean-lafosse\/wp-content\/uploads\/sites\/101\/2023\/11\/20230928_081149-200x150.jpg 200w\" sizes=\"auto, (max-width: 2560px) 100vw, 2560px\" \/><\/a>\n\t\t\t<\/dt><\/dl><dl class='gallery-item'>\n\t\t\t<dt class='gallery-icon landscape'>\n\t\t\t\t<a href='https:\/\/etab.ac-reunion.fr\/clg-jean-lafosse\/journee-europeenne-des-langues-2\/20230928_081209\/'><img loading=\"lazy\" decoding=\"async\" width=\"2560\" height=\"1920\" src=\"https:\/\/etab.ac-reunion.fr\/clg-jean-lafosse\/wp-content\/uploads\/sites\/101\/2023\/11\/20230928_081209-scaled.jpg\" class=\"attachment-full size-full\" alt=\"\" srcset=\"https:\/\/etab.ac-reunion.fr\/clg-jean-lafosse\/wp-content\/uploads\/sites\/101\/2023\/11\/20230928_081209-scaled.jpg 2560w, https:\/\/etab.ac-reunion.fr\/clg-jean-lafosse\/wp-content\/uploads\/sites\/101\/2023\/11\/20230928_081209-300x225.jpg 300w, https:\/\/etab.ac-reunion.fr\/clg-jean-lafosse\/wp-content\/uploads\/sites\/101\/2023\/11\/20230928_081209-1024x768.jpg 1024w, https:\/\/etab.ac-reunion.fr\/clg-jean-lafosse\/wp-content\/uploads\/sites\/101\/2023\/11\/20230928_081209-768x576.jpg 768w, https:\/\/etab.ac-reunion.fr\/clg-jean-lafosse\/wp-content\/uploads\/sites\/101\/2023\/11\/20230928_081209-1536x1152.jpg 1536w, https:\/\/etab.ac-reunion.fr\/clg-jean-lafosse\/wp-content\/uploads\/sites\/101\/2023\/11\/20230928_081209-2048x1536.jpg 2048w, https:\/\/etab.ac-reunion.fr\/clg-jean-lafosse\/wp-content\/uploads\/sites\/101\/2023\/11\/20230928_081209-150x113.jpg 150w, https:\/\/etab.ac-reunion.fr\/clg-jean-lafosse\/wp-content\/uploads\/sites\/101\/2023\/11\/20230928_081209-200x150.jpg 200w\" sizes=\"auto, (max-width: 2560px) 100vw, 2560px\" \/><\/a>\n\t\t\t<\/dt><\/dl><dl class='gallery-item'>\n\t\t\t<dt class='gallery-icon landscape'>\n\t\t\t\t<a href='https:\/\/etab.ac-reunion.fr\/clg-jean-lafosse\/journee-europeenne-des-langues-2\/20230928_081215\/'><img loading=\"lazy\" decoding=\"async\" width=\"2560\" height=\"1920\" src=\"https:\/\/etab.ac-reunion.fr\/clg-jean-lafosse\/wp-content\/uploads\/sites\/101\/2023\/11\/20230928_081215-scaled.jpg\" class=\"attachment-full size-full\" alt=\"\" srcset=\"https:\/\/etab.ac-reunion.fr\/clg-jean-lafosse\/wp-content\/uploads\/sites\/101\/2023\/11\/20230928_081215-scaled.jpg 2560w, https:\/\/etab.ac-reunion.fr\/clg-jean-lafosse\/wp-content\/uploads\/sites\/101\/2023\/11\/20230928_081215-300x225.jpg 300w, https:\/\/etab.ac-reunion.fr\/clg-jean-lafosse\/wp-content\/uploads\/sites\/101\/2023\/11\/20230928_081215-1024x768.jpg 1024w, https:\/\/etab.ac-reunion.fr\/clg-jean-lafosse\/wp-content\/uploads\/sites\/101\/2023\/11\/20230928_081215-768x576.jpg 768w, https:\/\/etab.ac-reunion.fr\/clg-jean-lafosse\/wp-content\/uploads\/sites\/101\/2023\/11\/20230928_081215-1536x1152.jpg 1536w, https:\/\/etab.ac-reunion.fr\/clg-jean-lafosse\/wp-content\/uploads\/sites\/101\/2023\/11\/20230928_081215-2048x1536.jpg 2048w, https:\/\/etab.ac-reunion.fr\/clg-jean-lafosse\/wp-content\/uploads\/sites\/101\/2023\/11\/20230928_081215-150x113.jpg 150w, https:\/\/etab.ac-reunion.fr\/clg-jean-lafosse\/wp-content\/uploads\/sites\/101\/2023\/11\/20230928_081215-200x150.jpg 200w\" sizes=\"auto, (max-width: 2560px) 100vw, 2560px\" \/><\/a>\n\t\t\t<\/dt><\/dl><br style=\"clear: both\" \/><dl class='gallery-item'>\n\t\t\t<dt class='gallery-icon landscape'>\n\t\t\t\t<a href='https:\/\/etab.ac-reunion.fr\/clg-jean-lafosse\/journee-europeenne-des-langues-2\/20230928_081224\/'><img loading=\"lazy\" decoding=\"async\" width=\"2560\" height=\"1920\" src=\"https:\/\/etab.ac-reunion.fr\/clg-jean-lafosse\/wp-content\/uploads\/sites\/101\/2023\/11\/20230928_081224-scaled.jpg\" class=\"attachment-full size-full\" alt=\"\" srcset=\"https:\/\/etab.ac-reunion.fr\/clg-jean-lafosse\/wp-content\/uploads\/sites\/101\/2023\/11\/20230928_081224-scaled.jpg 2560w, https:\/\/etab.ac-reunion.fr\/clg-jean-lafosse\/wp-content\/uploads\/sites\/101\/2023\/11\/20230928_081224-300x225.jpg 300w, https:\/\/etab.ac-reunion.fr\/clg-jean-lafosse\/wp-content\/uploads\/sites\/101\/2023\/11\/20230928_081224-1024x768.jpg 1024w, https:\/\/etab.ac-reunion.fr\/clg-jean-lafosse\/wp-content\/uploads\/sites\/101\/2023\/11\/20230928_081224-768x576.jpg 768w, https:\/\/etab.ac-reunion.fr\/clg-jean-lafosse\/wp-content\/uploads\/sites\/101\/2023\/11\/20230928_081224-1536x1152.jpg 1536w, https:\/\/etab.ac-reunion.fr\/clg-jean-lafosse\/wp-content\/uploads\/sites\/101\/2023\/11\/20230928_081224-2048x1536.jpg 2048w, https:\/\/etab.ac-reunion.fr\/clg-jean-lafosse\/wp-content\/uploads\/sites\/101\/2023\/11\/20230928_081224-150x113.jpg 150w, https:\/\/etab.ac-reunion.fr\/clg-jean-lafosse\/wp-content\/uploads\/sites\/101\/2023\/11\/20230928_081224-200x150.jpg 200w\" sizes=\"auto, (max-width: 2560px) 100vw, 2560px\" \/><\/a>\n\t\t\t<\/dt><\/dl><dl class='gallery-item'>\n\t\t\t<dt class='gallery-icon landscape'>\n\t\t\t\t<a href='https:\/\/etab.ac-reunion.fr\/clg-jean-lafosse\/journee-europeenne-des-langues-2\/20230928_081235\/'><img loading=\"lazy\" decoding=\"async\" width=\"2560\" height=\"1920\" src=\"https:\/\/etab.ac-reunion.fr\/clg-jean-lafosse\/wp-content\/uploads\/sites\/101\/2023\/11\/20230928_081235-scaled.jpg\" class=\"attachment-full size-full\" alt=\"\" srcset=\"https:\/\/etab.ac-reunion.fr\/clg-jean-lafosse\/wp-content\/uploads\/sites\/101\/2023\/11\/20230928_081235-scaled.jpg 2560w, https:\/\/etab.ac-reunion.fr\/clg-jean-lafosse\/wp-content\/uploads\/sites\/101\/2023\/11\/20230928_081235-300x225.jpg 300w, https:\/\/etab.ac-reunion.fr\/clg-jean-lafosse\/wp-content\/uploads\/sites\/101\/2023\/11\/20230928_081235-1024x768.jpg 1024w, https:\/\/etab.ac-reunion.fr\/clg-jean-lafosse\/wp-content\/uploads\/sites\/101\/2023\/11\/20230928_081235-768x576.jpg 768w, https:\/\/etab.ac-reunion.fr\/clg-jean-lafosse\/wp-content\/uploads\/sites\/101\/2023\/11\/20230928_081235-1536x1152.jpg 1536w, https:\/\/etab.ac-reunion.fr\/clg-jean-lafosse\/wp-content\/uploads\/sites\/101\/2023\/11\/20230928_081235-2048x1536.jpg 2048w, https:\/\/etab.ac-reunion.fr\/clg-jean-lafosse\/wp-content\/uploads\/sites\/101\/2023\/11\/20230928_081235-150x113.jpg 150w, https:\/\/etab.ac-reunion.fr\/clg-jean-lafosse\/wp-content\/uploads\/sites\/101\/2023\/11\/20230928_081235-200x150.jpg 200w\" sizes=\"auto, (max-width: 2560px) 100vw, 2560px\" \/><\/a>\n\t\t\t<\/dt><\/dl><dl class='gallery-item'>\n\t\t\t<dt class='gallery-icon landscape'>\n\t\t\t\t<a href='https:\/\/etab.ac-reunion.fr\/clg-jean-lafosse\/journee-europeenne-des-langues-2\/20230928_081315\/'><img loading=\"lazy\" decoding=\"async\" width=\"2560\" height=\"1920\" src=\"https:\/\/etab.ac-reunion.fr\/clg-jean-lafosse\/wp-content\/uploads\/sites\/101\/2023\/11\/20230928_081315-scaled.jpg\" class=\"attachment-full size-full\" alt=\"\" srcset=\"https:\/\/etab.ac-reunion.fr\/clg-jean-lafosse\/wp-content\/uploads\/sites\/101\/2023\/11\/20230928_081315-scaled.jpg 2560w, https:\/\/etab.ac-reunion.fr\/clg-jean-lafosse\/wp-content\/uploads\/sites\/101\/2023\/11\/20230928_081315-300x225.jpg 300w, https:\/\/etab.ac-reunion.fr\/clg-jean-lafosse\/wp-content\/uploads\/sites\/101\/2023\/11\/20230928_081315-1024x768.jpg 1024w, https:\/\/etab.ac-reunion.fr\/clg-jean-lafosse\/wp-content\/uploads\/sites\/101\/2023\/11\/20230928_081315-768x576.jpg 768w, https:\/\/etab.ac-reunion.fr\/clg-jean-lafosse\/wp-content\/uploads\/sites\/101\/2023\/11\/20230928_081315-1536x1152.jpg 1536w, https:\/\/etab.ac-reunion.fr\/clg-jean-lafosse\/wp-content\/uploads\/sites\/101\/2023\/11\/20230928_081315-2048x1536.jpg 2048w, https:\/\/etab.ac-reunion.fr\/clg-jean-lafosse\/wp-content\/uploads\/sites\/101\/2023\/11\/20230928_081315-150x113.jpg 150w, https:\/\/etab.ac-reunion.fr\/clg-jean-lafosse\/wp-content\/uploads\/sites\/101\/2023\/11\/20230928_081315-200x150.jpg 200w\" sizes=\"auto, (max-width: 2560px) 100vw, 2560px\" \/><\/a>\n\t\t\t<\/dt><\/dl><br style=\"clear: both\" \/><dl class='gallery-item'>\n\t\t\t<dt class='gallery-icon landscape'>\n\t\t\t\t<a href='https:\/\/etab.ac-reunion.fr\/clg-jean-lafosse\/journee-europeenne-des-langues-2\/20230928_081425\/'><img loading=\"lazy\" decoding=\"async\" width=\"2560\" height=\"1920\" src=\"https:\/\/etab.ac-reunion.fr\/clg-jean-lafosse\/wp-content\/uploads\/sites\/101\/2023\/11\/20230928_081425-scaled.jpg\" class=\"attachment-full size-full\" alt=\"\" srcset=\"https:\/\/etab.ac-reunion.fr\/clg-jean-lafosse\/wp-content\/uploads\/sites\/101\/2023\/11\/20230928_081425-scaled.jpg 2560w, https:\/\/etab.ac-reunion.fr\/clg-jean-lafosse\/wp-content\/uploads\/sites\/101\/2023\/11\/20230928_081425-300x225.jpg 300w, https:\/\/etab.ac-reunion.fr\/clg-jean-lafosse\/wp-content\/uploads\/sites\/101\/2023\/11\/20230928_081425-1024x768.jpg 1024w, https:\/\/etab.ac-reunion.fr\/clg-jean-lafosse\/wp-content\/uploads\/sites\/101\/2023\/11\/20230928_081425-768x576.jpg 768w, https:\/\/etab.ac-reunion.fr\/clg-jean-lafosse\/wp-content\/uploads\/sites\/101\/2023\/11\/20230928_081425-1536x1152.jpg 1536w, https:\/\/etab.ac-reunion.fr\/clg-jean-lafosse\/wp-content\/uploads\/sites\/101\/2023\/11\/20230928_081425-2048x1536.jpg 2048w, https:\/\/etab.ac-reunion.fr\/clg-jean-lafosse\/wp-content\/uploads\/sites\/101\/2023\/11\/20230928_081425-150x113.jpg 150w, https:\/\/etab.ac-reunion.fr\/clg-jean-lafosse\/wp-content\/uploads\/sites\/101\/2023\/11\/20230928_081425-200x150.jpg 200w\" sizes=\"auto, (max-width: 2560px) 100vw, 2560px\" \/><\/a>\n\t\t\t<\/dt><\/dl><dl class='gallery-item'>\n\t\t\t<dt class='gallery-icon landscape'>\n\t\t\t\t<a href='https:\/\/etab.ac-reunion.fr\/clg-jean-lafosse\/journee-europeenne-des-langues-2\/20230928_084227\/'><img loading=\"lazy\" decoding=\"async\" width=\"2560\" height=\"1920\" src=\"https:\/\/etab.ac-reunion.fr\/clg-jean-lafosse\/wp-content\/uploads\/sites\/101\/2023\/11\/20230928_084227-scaled.jpg\" class=\"attachment-full size-full\" alt=\"\" srcset=\"https:\/\/etab.ac-reunion.fr\/clg-jean-lafosse\/wp-content\/uploads\/sites\/101\/2023\/11\/20230928_084227-scaled.jpg 2560w, https:\/\/etab.ac-reunion.fr\/clg-jean-lafosse\/wp-content\/uploads\/sites\/101\/2023\/11\/20230928_084227-300x225.jpg 300w, https:\/\/etab.ac-reunion.fr\/clg-jean-lafosse\/wp-content\/uploads\/sites\/101\/2023\/11\/20230928_084227-1024x768.jpg 1024w, https:\/\/etab.ac-reunion.fr\/clg-jean-lafosse\/wp-content\/uploads\/sites\/101\/2023\/11\/20230928_084227-768x576.jpg 768w, https:\/\/etab.ac-reunion.fr\/clg-jean-lafosse\/wp-content\/uploads\/sites\/101\/2023\/11\/20230928_084227-1536x1152.jpg 1536w, https:\/\/etab.ac-reunion.fr\/clg-jean-lafosse\/wp-content\/uploads\/sites\/101\/2023\/11\/20230928_084227-2048x1536.jpg 2048w, https:\/\/etab.ac-reunion.fr\/clg-jean-lafosse\/wp-content\/uploads\/sites\/101\/2023\/11\/20230928_084227-150x113.jpg 150w, https:\/\/etab.ac-reunion.fr\/clg-jean-lafosse\/wp-content\/uploads\/sites\/101\/2023\/11\/20230928_084227-200x150.jpg 200w\" sizes=\"auto, (max-width: 2560px) 100vw, 2560px\" \/><\/a>\n\t\t\t<\/dt><\/dl><dl class='gallery-item'>\n\t\t\t<dt class='gallery-icon landscape'>\n\t\t\t\t<a href='https:\/\/etab.ac-reunion.fr\/clg-jean-lafosse\/journee-europeenne-des-langues-2\/20230928_085405\/'><img loading=\"lazy\" decoding=\"async\" width=\"2560\" height=\"1920\" src=\"https:\/\/etab.ac-reunion.fr\/clg-jean-lafosse\/wp-content\/uploads\/sites\/101\/2023\/11\/20230928_085405-scaled.jpg\" class=\"attachment-full size-full\" alt=\"\" srcset=\"https:\/\/etab.ac-reunion.fr\/clg-jean-lafosse\/wp-content\/uploads\/sites\/101\/2023\/11\/20230928_085405-scaled.jpg 2560w, https:\/\/etab.ac-reunion.fr\/clg-jean-lafosse\/wp-content\/uploads\/sites\/101\/2023\/11\/20230928_085405-300x225.jpg 300w, https:\/\/etab.ac-reunion.fr\/clg-jean-lafosse\/wp-content\/uploads\/sites\/101\/2023\/11\/20230928_085405-1024x768.jpg 1024w, https:\/\/etab.ac-reunion.fr\/clg-jean-lafosse\/wp-content\/uploads\/sites\/101\/2023\/11\/20230928_085405-768x576.jpg 768w, https:\/\/etab.ac-reunion.fr\/clg-jean-lafosse\/wp-content\/uploads\/sites\/101\/2023\/11\/20230928_085405-1536x1152.jpg 1536w, https:\/\/etab.ac-reunion.fr\/clg-jean-lafosse\/wp-content\/uploads\/sites\/101\/2023\/11\/20230928_085405-2048x1536.jpg 2048w, https:\/\/etab.ac-reunion.fr\/clg-jean-lafosse\/wp-content\/uploads\/sites\/101\/2023\/11\/20230928_085405-150x113.jpg 150w, https:\/\/etab.ac-reunion.fr\/clg-jean-lafosse\/wp-content\/uploads\/sites\/101\/2023\/11\/20230928_085405-200x150.jpg 200w\" sizes=\"auto, (max-width: 2560px) 100vw, 2560px\" \/><\/a>\n\t\t\t<\/dt><\/dl><br style=\"clear: both\" \/><dl class='gallery-item'>\n\t\t\t<dt class='gallery-icon landscape'>\n\t\t\t\t<a href='https:\/\/etab.ac-reunion.fr\/clg-jean-lafosse\/journee-europeenne-des-langues-2\/20230928_085410\/'><img loading=\"lazy\" decoding=\"async\" width=\"2560\" height=\"1920\" src=\"https:\/\/etab.ac-reunion.fr\/clg-jean-lafosse\/wp-content\/uploads\/sites\/101\/2023\/11\/20230928_085410-scaled.jpg\" class=\"attachment-full size-full\" alt=\"\" srcset=\"https:\/\/etab.ac-reunion.fr\/clg-jean-lafosse\/wp-content\/uploads\/sites\/101\/2023\/11\/20230928_085410-scaled.jpg 2560w, https:\/\/etab.ac-reunion.fr\/clg-jean-lafosse\/wp-content\/uploads\/sites\/101\/2023\/11\/20230928_085410-300x225.jpg 300w, https:\/\/etab.ac-reunion.fr\/clg-jean-lafosse\/wp-content\/uploads\/sites\/101\/2023\/11\/20230928_085410-1024x768.jpg 1024w, https:\/\/etab.ac-reunion.fr\/clg-jean-lafosse\/wp-content\/uploads\/sites\/101\/2023\/11\/20230928_085410-768x576.jpg 768w, https:\/\/etab.ac-reunion.fr\/clg-jean-lafosse\/wp-content\/uploads\/sites\/101\/2023\/11\/20230928_085410-1536x1152.jpg 1536w, https:\/\/etab.ac-reunion.fr\/clg-jean-lafosse\/wp-content\/uploads\/sites\/101\/2023\/11\/20230928_085410-2048x1536.jpg 2048w, https:\/\/etab.ac-reunion.fr\/clg-jean-lafosse\/wp-content\/uploads\/sites\/101\/2023\/11\/20230928_085410-150x113.jpg 150w, https:\/\/etab.ac-reunion.fr\/clg-jean-lafosse\/wp-content\/uploads\/sites\/101\/2023\/11\/20230928_085410-200x150.jpg 200w\" sizes=\"auto, (max-width: 2560px) 100vw, 2560px\" \/><\/a>\n\t\t\t<\/dt><\/dl><dl class='gallery-item'>\n\t\t\t<dt class='gallery-icon landscape'>\n\t\t\t\t<a href='https:\/\/etab.ac-reunion.fr\/clg-jean-lafosse\/journee-europeenne-des-langues-2\/20230928_074543\/'><img loading=\"lazy\" decoding=\"async\" width=\"2560\" height=\"1920\" src=\"https:\/\/etab.ac-reunion.fr\/clg-jean-lafosse\/wp-content\/uploads\/sites\/101\/2023\/11\/20230928_074543-scaled.jpg\" class=\"attachment-full size-full\" alt=\"\" srcset=\"https:\/\/etab.ac-reunion.fr\/clg-jean-lafosse\/wp-content\/uploads\/sites\/101\/2023\/11\/20230928_074543-scaled.jpg 2560w, https:\/\/etab.ac-reunion.fr\/clg-jean-lafosse\/wp-content\/uploads\/sites\/101\/2023\/11\/20230928_074543-300x225.jpg 300w, https:\/\/etab.ac-reunion.fr\/clg-jean-lafosse\/wp-content\/uploads\/sites\/101\/2023\/11\/20230928_074543-1024x768.jpg 1024w, https:\/\/etab.ac-reunion.fr\/clg-jean-lafosse\/wp-content\/uploads\/sites\/101\/2023\/11\/20230928_074543-768x576.jpg 768w, https:\/\/etab.ac-reunion.fr\/clg-jean-lafosse\/wp-content\/uploads\/sites\/101\/2023\/11\/20230928_074543-1536x1152.jpg 1536w, https:\/\/etab.ac-reunion.fr\/clg-jean-lafosse\/wp-content\/uploads\/sites\/101\/2023\/11\/20230928_074543-2048x1536.jpg 2048w, https:\/\/etab.ac-reunion.fr\/clg-jean-lafosse\/wp-content\/uploads\/sites\/101\/2023\/11\/20230928_074543-150x113.jpg 150w, https:\/\/etab.ac-reunion.fr\/clg-jean-lafosse\/wp-content\/uploads\/sites\/101\/2023\/11\/20230928_074543-200x150.jpg 200w\" sizes=\"auto, (max-width: 2560px) 100vw, 2560px\" \/><\/a>\n\t\t\t<\/dt><\/dl><dl class='gallery-item'>\n\t\t\t<dt class='gallery-icon landscape'>\n\t\t\t\t<a href='https:\/\/etab.ac-reunion.fr\/clg-jean-lafosse\/journee-europeenne-des-langues-2\/20230928_074555\/'><img loading=\"lazy\" decoding=\"async\" width=\"2560\" height=\"1920\" src=\"https:\/\/etab.ac-reunion.fr\/clg-jean-lafosse\/wp-content\/uploads\/sites\/101\/2023\/11\/20230928_074555-scaled.jpg\" class=\"attachment-full size-full\" alt=\"\" srcset=\"https:\/\/etab.ac-reunion.fr\/clg-jean-lafosse\/wp-content\/uploads\/sites\/101\/2023\/11\/20230928_074555-scaled.jpg 2560w, https:\/\/etab.ac-reunion.fr\/clg-jean-lafosse\/wp-content\/uploads\/sites\/101\/2023\/11\/20230928_074555-300x225.jpg 300w, https:\/\/etab.ac-reunion.fr\/clg-jean-lafosse\/wp-content\/uploads\/sites\/101\/2023\/11\/20230928_074555-1024x768.jpg 1024w, https:\/\/etab.ac-reunion.fr\/clg-jean-lafosse\/wp-content\/uploads\/sites\/101\/2023\/11\/20230928_074555-768x576.jpg 768w, https:\/\/etab.ac-reunion.fr\/clg-jean-lafosse\/wp-content\/uploads\/sites\/101\/2023\/11\/20230928_074555-1536x1152.jpg 1536w, https:\/\/etab.ac-reunion.fr\/clg-jean-lafosse\/wp-content\/uploads\/sites\/101\/2023\/11\/20230928_074555-2048x1536.jpg 2048w, https:\/\/etab.ac-reunion.fr\/clg-jean-lafosse\/wp-content\/uploads\/sites\/101\/2023\/11\/20230928_074555-150x113.jpg 150w, https:\/\/etab.ac-reunion.fr\/clg-jean-lafosse\/wp-content\/uploads\/sites\/101\/2023\/11\/20230928_074555-200x150.jpg 200w\" sizes=\"auto, (max-width: 2560px) 100vw, 2560px\" \/><\/a>\n\t\t\t<\/dt><\/dl><br style=\"clear: both\" \/><dl class='gallery-item'>\n\t\t\t<dt class='gallery-icon landscape'>\n\t\t\t\t<a href='https:\/\/etab.ac-reunion.fr\/clg-jean-lafosse\/journee-europeenne-des-langues-2\/20230928_074707\/'><img loading=\"lazy\" decoding=\"async\" width=\"2560\" height=\"1920\" src=\"https:\/\/etab.ac-reunion.fr\/clg-jean-lafosse\/wp-content\/uploads\/sites\/101\/2023\/11\/20230928_074707-scaled.jpg\" class=\"attachment-full size-full\" alt=\"\" srcset=\"https:\/\/etab.ac-reunion.fr\/clg-jean-lafosse\/wp-content\/uploads\/sites\/101\/2023\/11\/20230928_074707-scaled.jpg 2560w, https:\/\/etab.ac-reunion.fr\/clg-jean-lafosse\/wp-content\/uploads\/sites\/101\/2023\/11\/20230928_074707-300x225.jpg 300w, https:\/\/etab.ac-reunion.fr\/clg-jean-lafosse\/wp-content\/uploads\/sites\/101\/2023\/11\/20230928_074707-1024x768.jpg 1024w, https:\/\/etab.ac-reunion.fr\/clg-jean-lafosse\/wp-content\/uploads\/sites\/101\/2023\/11\/20230928_074707-768x576.jpg 768w, https:\/\/etab.ac-reunion.fr\/clg-jean-lafosse\/wp-content\/uploads\/sites\/101\/2023\/11\/20230928_074707-1536x1152.jpg 1536w, https:\/\/etab.ac-reunion.fr\/clg-jean-lafosse\/wp-content\/uploads\/sites\/101\/2023\/11\/20230928_074707-2048x1536.jpg 2048w, https:\/\/etab.ac-reunion.fr\/clg-jean-lafosse\/wp-content\/uploads\/sites\/101\/2023\/11\/20230928_074707-150x113.jpg 150w, https:\/\/etab.ac-reunion.fr\/clg-jean-lafosse\/wp-content\/uploads\/sites\/101\/2023\/11\/20230928_074707-200x150.jpg 200w\" sizes=\"auto, (max-width: 2560px) 100vw, 2560px\" \/><\/a>\n\t\t\t<\/dt><\/dl><dl class='gallery-item'>\n\t\t\t<dt class='gallery-icon landscape'>\n\t\t\t\t<a href='https:\/\/etab.ac-reunion.fr\/clg-jean-lafosse\/journee-europeenne-des-langues-2\/20230928_074709\/'><img loading=\"lazy\" decoding=\"async\" width=\"2560\" height=\"1920\" src=\"https:\/\/etab.ac-reunion.fr\/clg-jean-lafosse\/wp-content\/uploads\/sites\/101\/2023\/11\/20230928_074709-scaled.jpg\" class=\"attachment-full size-full\" alt=\"\" srcset=\"https:\/\/etab.ac-reunion.fr\/clg-jean-lafosse\/wp-content\/uploads\/sites\/101\/2023\/11\/20230928_074709-scaled.jpg 2560w, https:\/\/etab.ac-reunion.fr\/clg-jean-lafosse\/wp-content\/uploads\/sites\/101\/2023\/11\/20230928_074709-300x225.jpg 300w, https:\/\/etab.ac-reunion.fr\/clg-jean-lafosse\/wp-content\/uploads\/sites\/101\/2023\/11\/20230928_074709-1024x768.jpg 1024w, https:\/\/etab.ac-reunion.fr\/clg-jean-lafosse\/wp-content\/uploads\/sites\/101\/2023\/11\/20230928_074709-768x576.jpg 768w, https:\/\/etab.ac-reunion.fr\/clg-jean-lafosse\/wp-content\/uploads\/sites\/101\/2023\/11\/20230928_074709-1536x1152.jpg 1536w, https:\/\/etab.ac-reunion.fr\/clg-jean-lafosse\/wp-content\/uploads\/sites\/101\/2023\/11\/20230928_074709-2048x1536.jpg 2048w, https:\/\/etab.ac-reunion.fr\/clg-jean-lafosse\/wp-content\/uploads\/sites\/101\/2023\/11\/20230928_074709-150x113.jpg 150w, https:\/\/etab.ac-reunion.fr\/clg-jean-lafosse\/wp-content\/uploads\/sites\/101\/2023\/11\/20230928_074709-200x150.jpg 200w\" sizes=\"auto, (max-width: 2560px) 100vw, 2560px\" \/><\/a>\n\t\t\t<\/dt><\/dl><dl class='gallery-item'>\n\t\t\t<dt class='gallery-icon landscape'>\n\t\t\t\t<a href='https:\/\/etab.ac-reunion.fr\/clg-jean-lafosse\/journee-europeenne-des-langues-2\/20230928_074711\/'><img loading=\"lazy\" decoding=\"async\" width=\"2560\" height=\"1920\" src=\"https:\/\/etab.ac-reunion.fr\/clg-jean-lafosse\/wp-content\/uploads\/sites\/101\/2023\/11\/20230928_074711-scaled.jpg\" class=\"attachment-full size-full\" alt=\"\" srcset=\"https:\/\/etab.ac-reunion.fr\/clg-jean-lafosse\/wp-content\/uploads\/sites\/101\/2023\/11\/20230928_074711-scaled.jpg 2560w, https:\/\/etab.ac-reunion.fr\/clg-jean-lafosse\/wp-content\/uploads\/sites\/101\/2023\/11\/20230928_074711-300x225.jpg 300w, https:\/\/etab.ac-reunion.fr\/clg-jean-lafosse\/wp-content\/uploads\/sites\/101\/2023\/11\/20230928_074711-1024x768.jpg 1024w, https:\/\/etab.ac-reunion.fr\/clg-jean-lafosse\/wp-content\/uploads\/sites\/101\/2023\/11\/20230928_074711-768x576.jpg 768w, https:\/\/etab.ac-reunion.fr\/clg-jean-lafosse\/wp-content\/uploads\/sites\/101\/2023\/11\/20230928_074711-1536x1152.jpg 1536w, https:\/\/etab.ac-reunion.fr\/clg-jean-lafosse\/wp-content\/uploads\/sites\/101\/2023\/11\/20230928_074711-2048x1536.jpg 2048w, https:\/\/etab.ac-reunion.fr\/clg-jean-lafosse\/wp-content\/uploads\/sites\/101\/2023\/11\/20230928_074711-150x113.jpg 150w, https:\/\/etab.ac-reunion.fr\/clg-jean-lafosse\/wp-content\/uploads\/sites\/101\/2023\/11\/20230928_074711-200x150.jpg 200w\" sizes=\"auto, (max-width: 2560px) 100vw, 2560px\" \/><\/a>\n\t\t\t<\/dt><\/dl><br style=\"clear: both\" \/><dl class='gallery-item'>\n\t\t\t<dt class='gallery-icon landscape'>\n\t\t\t\t<a href='https:\/\/etab.ac-reunion.fr\/clg-jean-lafosse\/journee-europeenne-des-langues-2\/20230928_080330\/'><img loading=\"lazy\" decoding=\"async\" width=\"2560\" height=\"1920\" src=\"https:\/\/etab.ac-reunion.fr\/clg-jean-lafosse\/wp-content\/uploads\/sites\/101\/2023\/11\/20230928_080330-scaled.jpg\" class=\"attachment-full size-full\" alt=\"\" srcset=\"https:\/\/etab.ac-reunion.fr\/clg-jean-lafosse\/wp-content\/uploads\/sites\/101\/2023\/11\/20230928_080330-scaled.jpg 2560w, https:\/\/etab.ac-reunion.fr\/clg-jean-lafosse\/wp-content\/uploads\/sites\/101\/2023\/11\/20230928_080330-300x225.jpg 300w, https:\/\/etab.ac-reunion.fr\/clg-jean-lafosse\/wp-content\/uploads\/sites\/101\/2023\/11\/20230928_080330-1024x768.jpg 1024w, https:\/\/etab.ac-reunion.fr\/clg-jean-lafosse\/wp-content\/uploads\/sites\/101\/2023\/11\/20230928_080330-768x576.jpg 768w, https:\/\/etab.ac-reunion.fr\/clg-jean-lafosse\/wp-content\/uploads\/sites\/101\/2023\/11\/20230928_080330-1536x1152.jpg 1536w, https:\/\/etab.ac-reunion.fr\/clg-jean-lafosse\/wp-content\/uploads\/sites\/101\/2023\/11\/20230928_080330-2048x1536.jpg 2048w, https:\/\/etab.ac-reunion.fr\/clg-jean-lafosse\/wp-content\/uploads\/sites\/101\/2023\/11\/20230928_080330-150x113.jpg 150w, https:\/\/etab.ac-reunion.fr\/clg-jean-lafosse\/wp-content\/uploads\/sites\/101\/2023\/11\/20230928_080330-200x150.jpg 200w\" sizes=\"auto, (max-width: 2560px) 100vw, 2560px\" \/><\/a>\n\t\t\t<\/dt><\/dl><dl class='gallery-item'>\n\t\t\t<dt class='gallery-icon landscape'>\n\t\t\t\t<a href='https:\/\/etab.ac-reunion.fr\/clg-jean-lafosse\/journee-europeenne-des-langues-2\/20230928_080333\/'><img loading=\"lazy\" decoding=\"async\" width=\"2560\" height=\"1920\" src=\"https:\/\/etab.ac-reunion.fr\/clg-jean-lafosse\/wp-content\/uploads\/sites\/101\/2023\/11\/20230928_080333-scaled.jpg\" class=\"attachment-full size-full\" alt=\"\" srcset=\"https:\/\/etab.ac-reunion.fr\/clg-jean-lafosse\/wp-content\/uploads\/sites\/101\/2023\/11\/20230928_080333-scaled.jpg 2560w, https:\/\/etab.ac-reunion.fr\/clg-jean-lafosse\/wp-content\/uploads\/sites\/101\/2023\/11\/20230928_080333-300x225.jpg 300w, https:\/\/etab.ac-reunion.fr\/clg-jean-lafosse\/wp-content\/uploads\/sites\/101\/2023\/11\/20230928_080333-1024x768.jpg 1024w, https:\/\/etab.ac-reunion.fr\/clg-jean-lafosse\/wp-content\/uploads\/sites\/101\/2023\/11\/20230928_080333-768x576.jpg 768w, https:\/\/etab.ac-reunion.fr\/clg-jean-lafosse\/wp-content\/uploads\/sites\/101\/2023\/11\/20230928_080333-1536x1152.jpg 1536w, https:\/\/etab.ac-reunion.fr\/clg-jean-lafosse\/wp-content\/uploads\/sites\/101\/2023\/11\/20230928_080333-2048x1536.jpg 2048w, https:\/\/etab.ac-reunion.fr\/clg-jean-lafosse\/wp-content\/uploads\/sites\/101\/2023\/11\/20230928_080333-150x113.jpg 150w, https:\/\/etab.ac-reunion.fr\/clg-jean-lafosse\/wp-content\/uploads\/sites\/101\/2023\/11\/20230928_080333-200x150.jpg 200w\" sizes=\"auto, (max-width: 2560px) 100vw, 2560px\" \/><\/a>\n\t\t\t<\/dt><\/dl><dl class='gallery-item'>\n\t\t\t<dt class='gallery-icon landscape'>\n\t\t\t\t<a href='https:\/\/etab.ac-reunion.fr\/clg-jean-lafosse\/journee-europeenne-des-langues-2\/20230928_080535\/'><img loading=\"lazy\" decoding=\"async\" width=\"2560\" height=\"1920\" src=\"https:\/\/etab.ac-reunion.fr\/clg-jean-lafosse\/wp-content\/uploads\/sites\/101\/2023\/11\/20230928_080535-scaled.jpg\" class=\"attachment-full size-full\" alt=\"\" srcset=\"https:\/\/etab.ac-reunion.fr\/clg-jean-lafosse\/wp-content\/uploads\/sites\/101\/2023\/11\/20230928_080535-scaled.jpg 2560w, https:\/\/etab.ac-reunion.fr\/clg-jean-lafosse\/wp-content\/uploads\/sites\/101\/2023\/11\/20230928_080535-300x225.jpg 300w, https:\/\/etab.ac-reunion.fr\/clg-jean-lafosse\/wp-content\/uploads\/sites\/101\/2023\/11\/20230928_080535-1024x768.jpg 1024w, https:\/\/etab.ac-reunion.fr\/clg-jean-lafosse\/wp-content\/uploads\/sites\/101\/2023\/11\/20230928_080535-768x576.jpg 768w, https:\/\/etab.ac-reunion.fr\/clg-jean-lafosse\/wp-content\/uploads\/sites\/101\/2023\/11\/20230928_080535-1536x1152.jpg 1536w, https:\/\/etab.ac-reunion.fr\/clg-jean-lafosse\/wp-content\/uploads\/sites\/101\/2023\/11\/20230928_080535-2048x1536.jpg 2048w, https:\/\/etab.ac-reunion.fr\/clg-jean-lafosse\/wp-content\/uploads\/sites\/101\/2023\/11\/20230928_080535-150x113.jpg 150w, https:\/\/etab.ac-reunion.fr\/clg-jean-lafosse\/wp-content\/uploads\/sites\/101\/2023\/11\/20230928_080535-200x150.jpg 200w\" sizes=\"auto, (max-width: 2560px) 100vw, 2560px\" \/><\/a>\n\t\t\t<\/dt><\/dl><br style=\"clear: both\" \/><dl class='gallery-item'>\n\t\t\t<dt class='gallery-icon landscape'>\n\t\t\t\t<a href='https:\/\/etab.ac-reunion.fr\/clg-jean-lafosse\/journee-europeenne-des-langues-2\/20230928_080554\/'><img loading=\"lazy\" decoding=\"async\" width=\"2560\" height=\"1920\" src=\"https:\/\/etab.ac-reunion.fr\/clg-jean-lafosse\/wp-content\/uploads\/sites\/101\/2023\/11\/20230928_080554-scaled.jpg\" class=\"attachment-full size-full\" alt=\"\" srcset=\"https:\/\/etab.ac-reunion.fr\/clg-jean-lafosse\/wp-content\/uploads\/sites\/101\/2023\/11\/20230928_080554-scaled.jpg 2560w, https:\/\/etab.ac-reunion.fr\/clg-jean-lafosse\/wp-content\/uploads\/sites\/101\/2023\/11\/20230928_080554-300x225.jpg 300w, https:\/\/etab.ac-reunion.fr\/clg-jean-lafosse\/wp-content\/uploads\/sites\/101\/2023\/11\/20230928_080554-1024x768.jpg 1024w, https:\/\/etab.ac-reunion.fr\/clg-jean-lafosse\/wp-content\/uploads\/sites\/101\/2023\/11\/20230928_080554-768x576.jpg 768w, https:\/\/etab.ac-reunion.fr\/clg-jean-lafosse\/wp-content\/uploads\/sites\/101\/2023\/11\/20230928_080554-1536x1152.jpg 1536w, https:\/\/etab.ac-reunion.fr\/clg-jean-lafosse\/wp-content\/uploads\/sites\/101\/2023\/11\/20230928_080554-2048x1536.jpg 2048w, https:\/\/etab.ac-reunion.fr\/clg-jean-lafosse\/wp-content\/uploads\/sites\/101\/2023\/11\/20230928_080554-150x113.jpg 150w, https:\/\/etab.ac-reunion.fr\/clg-jean-lafosse\/wp-content\/uploads\/sites\/101\/2023\/11\/20230928_080554-200x150.jpg 200w\" sizes=\"auto, (max-width: 2560px) 100vw, 2560px\" \/><\/a>\n\t\t\t<\/dt><\/dl><dl class='gallery-item'>\n\t\t\t<dt class='gallery-icon landscape'>\n\t\t\t\t<a href='https:\/\/etab.ac-reunion.fr\/clg-jean-lafosse\/journee-europeenne-des-langues-2\/20230928_080608\/'><img loading=\"lazy\" decoding=\"async\" width=\"2560\" height=\"1920\" src=\"https:\/\/etab.ac-reunion.fr\/clg-jean-lafosse\/wp-content\/uploads\/sites\/101\/2023\/11\/20230928_080608-scaled.jpg\" class=\"attachment-full size-full\" alt=\"\" srcset=\"https:\/\/etab.ac-reunion.fr\/clg-jean-lafosse\/wp-content\/uploads\/sites\/101\/2023\/11\/20230928_080608-scaled.jpg 2560w, https:\/\/etab.ac-reunion.fr\/clg-jean-lafosse\/wp-content\/uploads\/sites\/101\/2023\/11\/20230928_080608-300x225.jpg 300w, https:\/\/etab.ac-reunion.fr\/clg-jean-lafosse\/wp-content\/uploads\/sites\/101\/2023\/11\/20230928_080608-1024x768.jpg 1024w, https:\/\/etab.ac-reunion.fr\/clg-jean-lafosse\/wp-content\/uploads\/sites\/101\/2023\/11\/20230928_080608-768x576.jpg 768w, https:\/\/etab.ac-reunion.fr\/clg-jean-lafosse\/wp-content\/uploads\/sites\/101\/2023\/11\/20230928_080608-1536x1152.jpg 1536w, https:\/\/etab.ac-reunion.fr\/clg-jean-lafosse\/wp-content\/uploads\/sites\/101\/2023\/11\/20230928_080608-2048x1536.jpg 2048w, https:\/\/etab.ac-reunion.fr\/clg-jean-lafosse\/wp-content\/uploads\/sites\/101\/2023\/11\/20230928_080608-150x113.jpg 150w, https:\/\/etab.ac-reunion.fr\/clg-jean-lafosse\/wp-content\/uploads\/sites\/101\/2023\/11\/20230928_080608-200x150.jpg 200w\" sizes=\"auto, (max-width: 2560px) 100vw, 2560px\" \/><\/a>\n\t\t\t<\/dt><\/dl><dl class='gallery-item'>\n\t\t\t<dt class='gallery-icon landscape'>\n\t\t\t\t<a href='https:\/\/etab.ac-reunion.fr\/clg-jean-lafosse\/journee-europeenne-des-langues-2\/20230928_080700\/'><img loading=\"lazy\" decoding=\"async\" width=\"2560\" height=\"1920\" src=\"https:\/\/etab.ac-reunion.fr\/clg-jean-lafosse\/wp-content\/uploads\/sites\/101\/2023\/11\/20230928_080700-scaled.jpg\" class=\"attachment-full size-full\" alt=\"\" srcset=\"https:\/\/etab.ac-reunion.fr\/clg-jean-lafosse\/wp-content\/uploads\/sites\/101\/2023\/11\/20230928_080700-scaled.jpg 2560w, https:\/\/etab.ac-reunion.fr\/clg-jean-lafosse\/wp-content\/uploads\/sites\/101\/2023\/11\/20230928_080700-300x225.jpg 300w, https:\/\/etab.ac-reunion.fr\/clg-jean-lafosse\/wp-content\/uploads\/sites\/101\/2023\/11\/20230928_080700-1024x768.jpg 1024w, https:\/\/etab.ac-reunion.fr\/clg-jean-lafosse\/wp-content\/uploads\/sites\/101\/2023\/11\/20230928_080700-768x576.jpg 768w, https:\/\/etab.ac-reunion.fr\/clg-jean-lafosse\/wp-content\/uploads\/sites\/101\/2023\/11\/20230928_080700-1536x1152.jpg 1536w, https:\/\/etab.ac-reunion.fr\/clg-jean-lafosse\/wp-content\/uploads\/sites\/101\/2023\/11\/20230928_080700-2048x1536.jpg 2048w, https:\/\/etab.ac-reunion.fr\/clg-jean-lafosse\/wp-content\/uploads\/sites\/101\/2023\/11\/20230928_080700-150x113.jpg 150w, https:\/\/etab.ac-reunion.fr\/clg-jean-lafosse\/wp-content\/uploads\/sites\/101\/2023\/11\/20230928_080700-200x150.jpg 200w\" sizes=\"auto, (max-width: 2560px) 100vw, 2560px\" \/><\/a>\n\t\t\t<\/dt><\/dl><br style=\"clear: both\" \/><dl class='gallery-item'>\n\t\t\t<dt class='gallery-icon landscape'>\n\t\t\t\t<a href='https:\/\/etab.ac-reunion.fr\/clg-jean-lafosse\/journee-europeenne-des-langues-2\/20230928_080715\/'><img loading=\"lazy\" decoding=\"async\" width=\"2560\" height=\"1920\" src=\"https:\/\/etab.ac-reunion.fr\/clg-jean-lafosse\/wp-content\/uploads\/sites\/101\/2023\/11\/20230928_080715-scaled.jpg\" class=\"attachment-full size-full\" alt=\"\" srcset=\"https:\/\/etab.ac-reunion.fr\/clg-jean-lafosse\/wp-content\/uploads\/sites\/101\/2023\/11\/20230928_080715-scaled.jpg 2560w, https:\/\/etab.ac-reunion.fr\/clg-jean-lafosse\/wp-content\/uploads\/sites\/101\/2023\/11\/20230928_080715-300x225.jpg 300w, https:\/\/etab.ac-reunion.fr\/clg-jean-lafosse\/wp-content\/uploads\/sites\/101\/2023\/11\/20230928_080715-1024x768.jpg 1024w, https:\/\/etab.ac-reunion.fr\/clg-jean-lafosse\/wp-content\/uploads\/sites\/101\/2023\/11\/20230928_080715-768x576.jpg 768w, https:\/\/etab.ac-reunion.fr\/clg-jean-lafosse\/wp-content\/uploads\/sites\/101\/2023\/11\/20230928_080715-1536x1152.jpg 1536w, https:\/\/etab.ac-reunion.fr\/clg-jean-lafosse\/wp-content\/uploads\/sites\/101\/2023\/11\/20230928_080715-2048x1536.jpg 2048w, https:\/\/etab.ac-reunion.fr\/clg-jean-lafosse\/wp-content\/uploads\/sites\/101\/2023\/11\/20230928_080715-150x113.jpg 150w, https:\/\/etab.ac-reunion.fr\/clg-jean-lafosse\/wp-content\/uploads\/sites\/101\/2023\/11\/20230928_080715-200x150.jpg 200w\" sizes=\"auto, (max-width: 2560px) 100vw, 2560px\" \/><\/a>\n\t\t\t<\/dt><\/dl><dl class='gallery-item'>\n\t\t\t<dt class='gallery-icon landscape'>\n\t\t\t\t<a href='https:\/\/etab.ac-reunion.fr\/clg-jean-lafosse\/journee-europeenne-des-langues-2\/20230928_080735\/'><img loading=\"lazy\" decoding=\"async\" width=\"2560\" height=\"1920\" src=\"https:\/\/etab.ac-reunion.fr\/clg-jean-lafosse\/wp-content\/uploads\/sites\/101\/2023\/11\/20230928_080735-scaled.jpg\" class=\"attachment-full size-full\" alt=\"\" srcset=\"https:\/\/etab.ac-reunion.fr\/clg-jean-lafosse\/wp-content\/uploads\/sites\/101\/2023\/11\/20230928_080735-scaled.jpg 2560w, https:\/\/etab.ac-reunion.fr\/clg-jean-lafosse\/wp-content\/uploads\/sites\/101\/2023\/11\/20230928_080735-300x225.jpg 300w, https:\/\/etab.ac-reunion.fr\/clg-jean-lafosse\/wp-content\/uploads\/sites\/101\/2023\/11\/20230928_080735-1024x768.jpg 1024w, https:\/\/etab.ac-reunion.fr\/clg-jean-lafosse\/wp-content\/uploads\/sites\/101\/2023\/11\/20230928_080735-768x576.jpg 768w, https:\/\/etab.ac-reunion.fr\/clg-jean-lafosse\/wp-content\/uploads\/sites\/101\/2023\/11\/20230928_080735-1536x1152.jpg 1536w, https:\/\/etab.ac-reunion.fr\/clg-jean-lafosse\/wp-content\/uploads\/sites\/101\/2023\/11\/20230928_080735-2048x1536.jpg 2048w, https:\/\/etab.ac-reunion.fr\/clg-jean-lafosse\/wp-content\/uploads\/sites\/101\/2023\/11\/20230928_080735-150x113.jpg 150w, https:\/\/etab.ac-reunion.fr\/clg-jean-lafosse\/wp-content\/uploads\/sites\/101\/2023\/11\/20230928_080735-200x150.jpg 200w\" sizes=\"auto, (max-width: 2560px) 100vw, 2560px\" \/><\/a>\n\t\t\t<\/dt><\/dl><dl class='gallery-item'>\n\t\t\t<dt class='gallery-icon landscape'>\n\t\t\t\t<a href='https:\/\/etab.ac-reunion.fr\/clg-jean-lafosse\/journee-europeenne-des-langues-2\/20230928_080743\/'><img loading=\"lazy\" decoding=\"async\" width=\"2560\" height=\"1920\" src=\"https:\/\/etab.ac-reunion.fr\/clg-jean-lafosse\/wp-content\/uploads\/sites\/101\/2023\/11\/20230928_080743-scaled.jpg\" class=\"attachment-full size-full\" alt=\"\" srcset=\"https:\/\/etab.ac-reunion.fr\/clg-jean-lafosse\/wp-content\/uploads\/sites\/101\/2023\/11\/20230928_080743-scaled.jpg 2560w, https:\/\/etab.ac-reunion.fr\/clg-jean-lafosse\/wp-content\/uploads\/sites\/101\/2023\/11\/20230928_080743-300x225.jpg 300w, https:\/\/etab.ac-reunion.fr\/clg-jean-lafosse\/wp-content\/uploads\/sites\/101\/2023\/11\/20230928_080743-1024x768.jpg 1024w, https:\/\/etab.ac-reunion.fr\/clg-jean-lafosse\/wp-content\/uploads\/sites\/101\/2023\/11\/20230928_080743-768x576.jpg 768w, https:\/\/etab.ac-reunion.fr\/clg-jean-lafosse\/wp-content\/uploads\/sites\/101\/2023\/11\/20230928_080743-1536x1152.jpg 1536w, https:\/\/etab.ac-reunion.fr\/clg-jean-lafosse\/wp-content\/uploads\/sites\/101\/2023\/11\/20230928_080743-2048x1536.jpg 2048w, https:\/\/etab.ac-reunion.fr\/clg-jean-lafosse\/wp-content\/uploads\/sites\/101\/2023\/11\/20230928_080743-150x113.jpg 150w, https:\/\/etab.ac-reunion.fr\/clg-jean-lafosse\/wp-content\/uploads\/sites\/101\/2023\/11\/20230928_080743-200x150.jpg 200w\" sizes=\"auto, (max-width: 2560px) 100vw, 2560px\" \/><\/a>\n\t\t\t<\/dt><\/dl><br style=\"clear: both\" \/><dl class='gallery-item'>\n\t\t\t<dt class='gallery-icon landscape'>\n\t\t\t\t<a href='https:\/\/etab.ac-reunion.fr\/clg-jean-lafosse\/journee-europeenne-des-langues-2\/20230928_080811\/'><img loading=\"lazy\" decoding=\"async\" width=\"2560\" height=\"1920\" src=\"https:\/\/etab.ac-reunion.fr\/clg-jean-lafosse\/wp-content\/uploads\/sites\/101\/2023\/11\/20230928_080811-scaled.jpg\" class=\"attachment-full size-full\" alt=\"\" srcset=\"https:\/\/etab.ac-reunion.fr\/clg-jean-lafosse\/wp-content\/uploads\/sites\/101\/2023\/11\/20230928_080811-scaled.jpg 2560w, https:\/\/etab.ac-reunion.fr\/clg-jean-lafosse\/wp-content\/uploads\/sites\/101\/2023\/11\/20230928_080811-300x225.jpg 300w, https:\/\/etab.ac-reunion.fr\/clg-jean-lafosse\/wp-content\/uploads\/sites\/101\/2023\/11\/20230928_080811-1024x768.jpg 1024w, https:\/\/etab.ac-reunion.fr\/clg-jean-lafosse\/wp-content\/uploads\/sites\/101\/2023\/11\/20230928_080811-768x576.jpg 768w, https:\/\/etab.ac-reunion.fr\/clg-jean-lafosse\/wp-content\/uploads\/sites\/101\/2023\/11\/20230928_080811-1536x1152.jpg 1536w, https:\/\/etab.ac-reunion.fr\/clg-jean-lafosse\/wp-content\/uploads\/sites\/101\/2023\/11\/20230928_080811-2048x1536.jpg 2048w, https:\/\/etab.ac-reunion.fr\/clg-jean-lafosse\/wp-content\/uploads\/sites\/101\/2023\/11\/20230928_080811-150x113.jpg 150w, https:\/\/etab.ac-reunion.fr\/clg-jean-lafosse\/wp-content\/uploads\/sites\/101\/2023\/11\/20230928_080811-200x150.jpg 200w\" sizes=\"auto, (max-width: 2560px) 100vw, 2560px\" \/><\/a>\n\t\t\t<\/dt><\/dl><dl class='gallery-item'>\n\t\t\t<dt class='gallery-icon landscape'>\n\t\t\t\t<a href='https:\/\/etab.ac-reunion.fr\/clg-jean-lafosse\/journee-europeenne-des-langues-2\/20230928_080826\/'><img loading=\"lazy\" decoding=\"async\" width=\"2560\" height=\"1920\" src=\"https:\/\/etab.ac-reunion.fr\/clg-jean-lafosse\/wp-content\/uploads\/sites\/101\/2023\/11\/20230928_080826-scaled.jpg\" class=\"attachment-full size-full\" alt=\"\" srcset=\"https:\/\/etab.ac-reunion.fr\/clg-jean-lafosse\/wp-content\/uploads\/sites\/101\/2023\/11\/20230928_080826-scaled.jpg 2560w, https:\/\/etab.ac-reunion.fr\/clg-jean-lafosse\/wp-content\/uploads\/sites\/101\/2023\/11\/20230928_080826-300x225.jpg 300w, https:\/\/etab.ac-reunion.fr\/clg-jean-lafosse\/wp-content\/uploads\/sites\/101\/2023\/11\/20230928_080826-1024x768.jpg 1024w, https:\/\/etab.ac-reunion.fr\/clg-jean-lafosse\/wp-content\/uploads\/sites\/101\/2023\/11\/20230928_080826-768x576.jpg 768w, https:\/\/etab.ac-reunion.fr\/clg-jean-lafosse\/wp-content\/uploads\/sites\/101\/2023\/11\/20230928_080826-1536x1152.jpg 1536w, https:\/\/etab.ac-reunion.fr\/clg-jean-lafosse\/wp-content\/uploads\/sites\/101\/2023\/11\/20230928_080826-2048x1536.jpg 2048w, https:\/\/etab.ac-reunion.fr\/clg-jean-lafosse\/wp-content\/uploads\/sites\/101\/2023\/11\/20230928_080826-150x113.jpg 150w, https:\/\/etab.ac-reunion.fr\/clg-jean-lafosse\/wp-content\/uploads\/sites\/101\/2023\/11\/20230928_080826-200x150.jpg 200w\" sizes=\"auto, (max-width: 2560px) 100vw, 2560px\" \/><\/a>\n\t\t\t<\/dt><\/dl><dl class='gallery-item'>\n\t\t\t<dt class='gallery-icon landscape'>\n\t\t\t\t<a href='https:\/\/etab.ac-reunion.fr\/clg-jean-lafosse\/journee-europeenne-des-langues-2\/20230928_080837\/'><img loading=\"lazy\" decoding=\"async\" width=\"2560\" height=\"1920\" src=\"https:\/\/etab.ac-reunion.fr\/clg-jean-lafosse\/wp-content\/uploads\/sites\/101\/2023\/11\/20230928_080837-scaled.jpg\" class=\"attachment-full size-full\" alt=\"\" srcset=\"https:\/\/etab.ac-reunion.fr\/clg-jean-lafosse\/wp-content\/uploads\/sites\/101\/2023\/11\/20230928_080837-scaled.jpg 2560w, https:\/\/etab.ac-reunion.fr\/clg-jean-lafosse\/wp-content\/uploads\/sites\/101\/2023\/11\/20230928_080837-300x225.jpg 300w, https:\/\/etab.ac-reunion.fr\/clg-jean-lafosse\/wp-content\/uploads\/sites\/101\/2023\/11\/20230928_080837-1024x768.jpg 1024w, https:\/\/etab.ac-reunion.fr\/clg-jean-lafosse\/wp-content\/uploads\/sites\/101\/2023\/11\/20230928_080837-768x576.jpg 768w, https:\/\/etab.ac-reunion.fr\/clg-jean-lafosse\/wp-content\/uploads\/sites\/101\/2023\/11\/20230928_080837-1536x1152.jpg 1536w, https:\/\/etab.ac-reunion.fr\/clg-jean-lafosse\/wp-content\/uploads\/sites\/101\/2023\/11\/20230928_080837-2048x1536.jpg 2048w, https:\/\/etab.ac-reunion.fr\/clg-jean-lafosse\/wp-content\/uploads\/sites\/101\/2023\/11\/20230928_080837-150x113.jpg 150w, https:\/\/etab.ac-reunion.fr\/clg-jean-lafosse\/wp-content\/uploads\/sites\/101\/2023\/11\/20230928_080837-200x150.jpg 200w\" sizes=\"auto, (max-width: 2560px) 100vw, 2560px\" \/><\/a>\n\t\t\t<\/dt><\/dl><br style=\"clear: both\" \/><dl class='gallery-item'>\n\t\t\t<dt class='gallery-icon landscape'>\n\t\t\t\t<a href='https:\/\/etab.ac-reunion.fr\/clg-jean-lafosse\/journee-europeenne-des-langues-2\/20230928_080844\/'><img loading=\"lazy\" decoding=\"async\" width=\"2560\" height=\"1920\" src=\"https:\/\/etab.ac-reunion.fr\/clg-jean-lafosse\/wp-content\/uploads\/sites\/101\/2023\/11\/20230928_080844-scaled.jpg\" class=\"attachment-full size-full\" alt=\"\" srcset=\"https:\/\/etab.ac-reunion.fr\/clg-jean-lafosse\/wp-content\/uploads\/sites\/101\/2023\/11\/20230928_080844-scaled.jpg 2560w, https:\/\/etab.ac-reunion.fr\/clg-jean-lafosse\/wp-content\/uploads\/sites\/101\/2023\/11\/20230928_080844-300x225.jpg 300w, https:\/\/etab.ac-reunion.fr\/clg-jean-lafosse\/wp-content\/uploads\/sites\/101\/2023\/11\/20230928_080844-1024x768.jpg 1024w, https:\/\/etab.ac-reunion.fr\/clg-jean-lafosse\/wp-content\/uploads\/sites\/101\/2023\/11\/20230928_080844-768x576.jpg 768w, https:\/\/etab.ac-reunion.fr\/clg-jean-lafosse\/wp-content\/uploads\/sites\/101\/2023\/11\/20230928_080844-1536x1152.jpg 1536w, https:\/\/etab.ac-reunion.fr\/clg-jean-lafosse\/wp-content\/uploads\/sites\/101\/2023\/11\/20230928_080844-2048x1536.jpg 2048w, https:\/\/etab.ac-reunion.fr\/clg-jean-lafosse\/wp-content\/uploads\/sites\/101\/2023\/11\/20230928_080844-150x113.jpg 150w, https:\/\/etab.ac-reunion.fr\/clg-jean-lafosse\/wp-content\/uploads\/sites\/101\/2023\/11\/20230928_080844-200x150.jpg 200w\" sizes=\"auto, (max-width: 2560px) 100vw, 2560px\" \/><\/a>\n\t\t\t<\/dt><\/dl><dl class='gallery-item'>\n\t\t\t<dt class='gallery-icon landscape'>\n\t\t\t\t<a href='https:\/\/etab.ac-reunion.fr\/clg-jean-lafosse\/journee-europeenne-des-langues-2\/20230928_080856\/'><img loading=\"lazy\" decoding=\"async\" width=\"2560\" height=\"1920\" src=\"https:\/\/etab.ac-reunion.fr\/clg-jean-lafosse\/wp-content\/uploads\/sites\/101\/2023\/11\/20230928_080856-scaled.jpg\" class=\"attachment-full size-full\" alt=\"\" srcset=\"https:\/\/etab.ac-reunion.fr\/clg-jean-lafosse\/wp-content\/uploads\/sites\/101\/2023\/11\/20230928_080856-scaled.jpg 2560w, https:\/\/etab.ac-reunion.fr\/clg-jean-lafosse\/wp-content\/uploads\/sites\/101\/2023\/11\/20230928_080856-300x225.jpg 300w, https:\/\/etab.ac-reunion.fr\/clg-jean-lafosse\/wp-content\/uploads\/sites\/101\/2023\/11\/20230928_080856-1024x768.jpg 1024w, https:\/\/etab.ac-reunion.fr\/clg-jean-lafosse\/wp-content\/uploads\/sites\/101\/2023\/11\/20230928_080856-768x576.jpg 768w, https:\/\/etab.ac-reunion.fr\/clg-jean-lafosse\/wp-content\/uploads\/sites\/101\/2023\/11\/20230928_080856-1536x1152.jpg 1536w, https:\/\/etab.ac-reunion.fr\/clg-jean-lafosse\/wp-content\/uploads\/sites\/101\/2023\/11\/20230928_080856-2048x1536.jpg 2048w, https:\/\/etab.ac-reunion.fr\/clg-jean-lafosse\/wp-content\/uploads\/sites\/101\/2023\/11\/20230928_080856-150x113.jpg 150w, https:\/\/etab.ac-reunion.fr\/clg-jean-lafosse\/wp-content\/uploads\/sites\/101\/2023\/11\/20230928_080856-200x150.jpg 200w\" sizes=\"auto, (max-width: 2560px) 100vw, 2560px\" \/><\/a>\n\t\t\t<\/dt><\/dl><dl class='gallery-item'>\n\t\t\t<dt class='gallery-icon landscape'>\n\t\t\t\t<a href='https:\/\/etab.ac-reunion.fr\/clg-jean-lafosse\/journee-europeenne-des-langues-2\/20230928_080906\/'><img loading=\"lazy\" decoding=\"async\" width=\"2560\" height=\"1920\" src=\"https:\/\/etab.ac-reunion.fr\/clg-jean-lafosse\/wp-content\/uploads\/sites\/101\/2023\/11\/20230928_080906-scaled.jpg\" class=\"attachment-full size-full\" alt=\"\" srcset=\"https:\/\/etab.ac-reunion.fr\/clg-jean-lafosse\/wp-content\/uploads\/sites\/101\/2023\/11\/20230928_080906-scaled.jpg 2560w, https:\/\/etab.ac-reunion.fr\/clg-jean-lafosse\/wp-content\/uploads\/sites\/101\/2023\/11\/20230928_080906-300x225.jpg 300w, https:\/\/etab.ac-reunion.fr\/clg-jean-lafosse\/wp-content\/uploads\/sites\/101\/2023\/11\/20230928_080906-1024x768.jpg 1024w, https:\/\/etab.ac-reunion.fr\/clg-jean-lafosse\/wp-content\/uploads\/sites\/101\/2023\/11\/20230928_080906-768x576.jpg 768w, https:\/\/etab.ac-reunion.fr\/clg-jean-lafosse\/wp-content\/uploads\/sites\/101\/2023\/11\/20230928_080906-1536x1152.jpg 1536w, https:\/\/etab.ac-reunion.fr\/clg-jean-lafosse\/wp-content\/uploads\/sites\/101\/2023\/11\/20230928_080906-2048x1536.jpg 2048w, https:\/\/etab.ac-reunion.fr\/clg-jean-lafosse\/wp-content\/uploads\/sites\/101\/2023\/11\/20230928_080906-150x113.jpg 150w, https:\/\/etab.ac-reunion.fr\/clg-jean-lafosse\/wp-content\/uploads\/sites\/101\/2023\/11\/20230928_080906-200x150.jpg 200w\" sizes=\"auto, (max-width: 2560px) 100vw, 2560px\" \/><\/a>\n\t\t\t<\/dt><\/dl><br style=\"clear: both\" \/>\n\t\t<\/div>\n\n<p>L&rsquo;\u00e9quipe de Langues<\/p>\n","protected":false},"excerpt":{"rendered":"<p>Dans le cadre de la Journ\u00e9e Europ\u00e9enne des Langues, l&rsquo;\u00e9quipe de langues \u00e0 fait vivre ce volet OUVERTURE A L&rsquo;INTERNATIONAL.\u00a0 Les \u00e9l\u00e8ves et les professionnels se sont mis aux couleurs du drapeau europ\u00e9en et des activit\u00e9s ont \u00e9t\u00e9 propos\u00e9es tout au long de la journ\u00e9e dans la cour. Les meilleurs\u2026<\/p>\n<p> <a class=\"continue-reading-link\" href=\"https:\/\/etab.ac-reunion.fr\/clg-jean-lafosse\/journee-europeenne-des-langues-2\/\"><span>Lire la suite&#8230;<\/span><i class=\"crycon-right-dir\"><\/i><\/a> <\/p>\n","protected":false},"author":4586,"featured_media":0,"comment_status":"closed","ping_status":"closed","sticky":false,"template":"","format":"standard","meta":{"footnotes":""},"categories":[4],"tags":[],"class_list":["post-4324","post","type-post","status-publish","format-standard","hentry","category-actualites"],"_links":{"self":[{"href":"https:\/\/etab.ac-reunion.fr\/clg-jean-lafosse\/wp-json\/wp\/v2\/posts\/4324","targetHints":{"allow":["GET"]}}],"collection":[{"href":"https:\/\/etab.ac-reunion.fr\/clg-jean-lafosse\/wp-json\/wp\/v2\/posts"}],"about":[{"href":"https:\/\/etab.ac-reunion.fr\/clg-jean-lafosse\/wp-json\/wp\/v2\/types\/post"}],"author":[{"embeddable":true,"href":"https:\/\/etab.ac-reunion.fr\/clg-jean-lafosse\/wp-json\/wp\/v2\/users\/4586"}],"replies":[{"embeddable":true,"href":"https:\/\/etab.ac-reunion.fr\/clg-jean-lafosse\/wp-json\/wp\/v2\/comments?post=4324"}],"version-history":[{"count":7,"href":"https:\/\/etab.ac-reunion.fr\/clg-jean-lafosse\/wp-json\/wp\/v2\/posts\/4324\/revisions"}],"predecessor-version":[{"id":4387,"href":"https:\/\/etab.ac-reunion.fr\/clg-jean-lafosse\/wp-json\/wp\/v2\/posts\/4324\/revisions\/4387"}],"wp:attachment":[{"href":"https:\/\/etab.ac-reunion.fr\/clg-jean-lafosse\/wp-json\/wp\/v2\/media?parent=4324"}],"wp:term":[{"taxonomy":"category","embeddable":true,"href":"https:\/\/etab.ac-reunion.fr\/clg-jean-lafosse\/wp-json\/wp\/v2\/categories?post=4324"},{"taxonomy":"post_tag","embeddable":true,"href":"https:\/\/etab.ac-reunion.fr\/clg-jean-lafosse\/wp-json\/wp\/v2\/tags?post=4324"}],"curies":[{"name":"wp","href":"https:\/\/api.w.org\/{rel}","templated":true}]}}