{"id":4611,"date":"2024-04-05T10:17:53","date_gmt":"2024-04-05T06:17:53","guid":{"rendered":"https:\/\/etab.ac-reunion.fr\/clg-jean-lafosse\/?p=4611"},"modified":"2024-04-05T10:32:54","modified_gmt":"2024-04-05T06:32:54","slug":"orientation-affectation3e","status":"publish","type":"post","link":"https:\/\/etab.ac-reunion.fr\/clg-jean-lafosse\/orientation-affectation3e\/","title":{"rendered":"Orientation &#8211; Affectation3e"},"content":{"rendered":"<p><img loading=\"lazy\" decoding=\"async\" class=\"alignnone wp-image-4612 aligncenter\" src=\"https:\/\/etab.ac-reunion.fr\/clg-jean-lafosse\/wp-content\/uploads\/sites\/101\/2024\/04\/Orientation-Affectation-300x77.png\" alt=\"\" width=\"542\" height=\"139\" srcset=\"https:\/\/etab.ac-reunion.fr\/clg-jean-lafosse\/wp-content\/uploads\/sites\/101\/2024\/04\/Orientation-Affectation-300x77.png 300w, https:\/\/etab.ac-reunion.fr\/clg-jean-lafosse\/wp-content\/uploads\/sites\/101\/2024\/04\/Orientation-Affectation-150x39.png 150w, https:\/\/etab.ac-reunion.fr\/clg-jean-lafosse\/wp-content\/uploads\/sites\/101\/2024\/04\/Orientation-Affectation-250x65.png 250w, https:\/\/etab.ac-reunion.fr\/clg-jean-lafosse\/wp-content\/uploads\/sites\/101\/2024\/04\/Orientation-Affectation.png 713w\" sizes=\"auto, (max-width: 542px) 100vw, 542px\" \/><\/p>\n<p>Madame, Monsieur,<\/p>\n<p>Dans le cadre de la pr\u00e9paration \u00e0 l&rsquo;orientation post-3e de vos enfants pour l&rsquo;ann\u00e9e scolaire 2024, nous vous informons que la consultation de l&rsquo;offre de formation post 3e sera accessible \u00e0 compter du vendredi 05 avril 2024, d\u00e8s 16h.<\/p>\n<p>Cette consultation vous permettra de d\u00e9couvrir les diff\u00e9rentes formations propos\u00e9es sous statut scolaire et en apprentissage, disponibles pour les \u00e9l\u00e8ves de niveau 3e dans l&rsquo;ensemble des acad\u00e9mies. Il s&rsquo;agit d&rsquo;une \u00e9tape importante pour vous aider \u00e0 orienter votre enfant vers le parcours qui correspondra le mieux \u00e0 ses aspirations et comp\u00e9tences.<\/p>\n<p>Vous pourrez acc\u00e9der \u00e0 l&rsquo;information par deux moyens :<\/p>\n<ol>\n<li><strong>Via le lien tout public<\/strong> : <a class=\"moz-txt-link-freetext\" href=\"https:\/\/affectation3e.phm.education.gouv.fr\/pna-public\/\" target=\"_blank\" rel=\"noopener noreferrer\">https:\/\/affectation3e.phm.education.gouv.fr\/pna-public\/<\/a><\/li>\n<li><strong>Par le portail Scolarit\u00e9 Services<\/strong> : en utilisant le compte Educonnect du repr\u00e9sentant l\u00e9gal sur <a href=\"https:\/\/teleservices.education.gouv.fr\/\" target=\"_blank\" rel=\"noopener noreferrer\">teleservices.education.gouv.fr<\/a>, et s\u00e9lectionner le service en ligne \u00ab\u00a0Affectation apr\u00e8s la 3e\u00a0\u00bb.<\/li>\n<\/ol>\n<p>Nous vous invitons \u00e0 exploiter ces ressources pour pr\u00e9parer au mieux l&rsquo;orientation post-3e de votre enfant.<\/p>\n<p><strong>Orientation Post-3e :<\/strong> Pour des conseils sur l&rsquo;orientation, prenez rendez-vous avec le professeur principal ou la PsyEN.<\/p>\n<p><strong>Assistance Technique :<\/strong> Pour toute difficult\u00e9 avec Educonnect ou Pronote, vous pouvez contacter la vie scolaire et demander l&rsquo;informaticien.<\/p>\n<p>Nous vous prions de croire, Madame, Monsieur, \u00e0 l&rsquo;assurance de notre engagement pour la r\u00e9ussite \u00e9ducative de chaque \u00e9l\u00e8ve.<\/p>\n<p>&nbsp;<\/p>\n","protected":false},"excerpt":{"rendered":"<p>Madame, Monsieur, Dans le cadre de la pr\u00e9paration \u00e0 l&rsquo;orientation post-3e de vos enfants pour l&rsquo;ann\u00e9e scolaire 2024, nous vous informons que la consultation de l&rsquo;offre de formation post 3e sera accessible \u00e0 compter du vendredi 05 avril 2024, d\u00e8s 16h. Cette consultation vous permettra de d\u00e9couvrir les diff\u00e9rentes formations\u2026<\/p>\n<p> <a class=\"continue-reading-link\" href=\"https:\/\/etab.ac-reunion.fr\/clg-jean-lafosse\/orientation-affectation3e\/\"><span>Lire la suite&#8230;<\/span><i class=\"crycon-right-dir\"><\/i><\/a> <\/p>\n","protected":false},"author":4586,"featured_media":4614,"comment_status":"closed","ping_status":"closed","sticky":false,"template":"","format":"standard","meta":{"footnotes":""},"categories":[4],"tags":[],"class_list":["post-4611","post","type-post","status-publish","format-standard","has-post-thumbnail","hentry","category-actualites"],"_links":{"self":[{"href":"https:\/\/etab.ac-reunion.fr\/clg-jean-lafosse\/wp-json\/wp\/v2\/posts\/4611","targetHints":{"allow":["GET"]}}],"collection":[{"href":"https:\/\/etab.ac-reunion.fr\/clg-jean-lafosse\/wp-json\/wp\/v2\/posts"}],"about":[{"href":"https:\/\/etab.ac-reunion.fr\/clg-jean-lafosse\/wp-json\/wp\/v2\/types\/post"}],"author":[{"embeddable":true,"href":"https:\/\/etab.ac-reunion.fr\/clg-jean-lafosse\/wp-json\/wp\/v2\/users\/4586"}],"replies":[{"embeddable":true,"href":"https:\/\/etab.ac-reunion.fr\/clg-jean-lafosse\/wp-json\/wp\/v2\/comments?post=4611"}],"version-history":[{"count":2,"href":"https:\/\/etab.ac-reunion.fr\/clg-jean-lafosse\/wp-json\/wp\/v2\/posts\/4611\/revisions"}],"predecessor-version":[{"id":4615,"href":"https:\/\/etab.ac-reunion.fr\/clg-jean-lafosse\/wp-json\/wp\/v2\/posts\/4611\/revisions\/4615"}],"wp:featuredmedia":[{"embeddable":true,"href":"https:\/\/etab.ac-reunion.fr\/clg-jean-lafosse\/wp-json\/wp\/v2\/media\/4614"}],"wp:attachment":[{"href":"https:\/\/etab.ac-reunion.fr\/clg-jean-lafosse\/wp-json\/wp\/v2\/media?parent=4611"}],"wp:term":[{"taxonomy":"category","embeddable":true,"href":"https:\/\/etab.ac-reunion.fr\/clg-jean-lafosse\/wp-json\/wp\/v2\/categories?post=4611"},{"taxonomy":"post_tag","embeddable":true,"href":"https:\/\/etab.ac-reunion.fr\/clg-jean-lafosse\/wp-json\/wp\/v2\/tags?post=4611"}],"curies":[{"name":"wp","href":"https:\/\/api.w.org\/{rel}","templated":true}]}}