{"id":4701,"date":"2024-05-03T08:28:04","date_gmt":"2024-05-03T04:28:04","guid":{"rendered":"https:\/\/etab.ac-reunion.fr\/clg-jean-lafosse\/?p=4701"},"modified":"2024-05-03T08:28:04","modified_gmt":"2024-05-03T04:28:04","slug":"semaine-de-la-sante-4-12-avril-2024","status":"publish","type":"post","link":"https:\/\/etab.ac-reunion.fr\/clg-jean-lafosse\/semaine-de-la-sante-4-12-avril-2024\/","title":{"rendered":"Semaine de la Sant\u00e9 4-12 avril 2024"},"content":{"rendered":"<p>La semaine de la sant\u00e9 s&rsquo;est d\u00e9roul\u00e9e du 4 au 12 avril au coll\u00e8ge Jean Lafosse.<br \/>\nSelon l&rsquo;organisation Mondiale de la Sant\u00e9 :<br \/>\n\u00ab\u00a0La sant\u00e9 est un \u00e9tat de complet bien-\u00eatre physique, mental et social, et ne consiste pas seulement en une absence de maladie ou d&rsquo;infirmit\u00e9\u00a0\u00bb.<br \/>\nPlusieurs activit\u00e9s ont eu lieu en ce sens avec les \u00e9l\u00e8ves du coll\u00e8ge:<br \/>\nLes \u00e9l\u00e8ves des classes d&rsquo; ULIS qui ont pr\u00e9par\u00e9 diff\u00e9rents th\u00e9 qui ont \u00e9t\u00e9 d\u00e9gust\u00e9s \u00e0 la fin des 3 ateliers propos\u00e9s \u00e0 tous le \u00e9l\u00e8ves de 5eme par le service sant\u00e9 sociale du coll\u00e8ge:<br \/>\n&#8211; Le challenge du sucre<br \/>\n&#8211; Le bocal du bonheur<br \/>\n&#8211; Le challenge d&rsquo;Archi et la coop\u00e9ration<\/p>\n<p style=\"text-align: left\">Le sujet de la sant\u00e9 a \u00e9t\u00e9 amen\u00e9 de mani\u00e8re globale aupr\u00e8s des \u00e9l\u00e8ves et des professionnels du coll\u00e8ge.<\/p>\n<p style=\"text-align: right\">\n\u00c9quipe sant\u00e9 Sociale<\/p>\n\n\t\t<style type=\"text\/css\">\n\t\t\t#gallery-1 {\n\t\t\t\tmargin: auto;\n\t\t\t}\n\t\t\t#gallery-1 .gallery-item {\n\t\t\t\tfloat: left;\n\t\t\t\tmargin-top: 10px;\n\t\t\t\ttext-align: center;\n\t\t\t\twidth: 33%;\n\t\t\t}\n\t\t\t#gallery-1 img {\n\t\t\t\tborder: 2px solid #cfcfcf;\n\t\t\t}\n\t\t\t#gallery-1 .gallery-caption {\n\t\t\t\tmargin-left: 0;\n\t\t\t}\n\t\t\t\/* see gallery_shortcode() in wp-includes\/media.php *\/\n\t\t<\/style>\n\t\t<div id='gallery-1' class='gallery galleryid-4701 gallery-columns-3 gallery-size-large'><dl class='gallery-item'>\n\t\t\t<dt class='gallery-icon landscape'>\n\t\t\t\t<a href='https:\/\/etab.ac-reunion.fr\/clg-jean-lafosse\/semaine-de-la-sante-4-12-avril-2024\/photo-2024-04-30-11-15-26\/'><img loading=\"lazy\" decoding=\"async\" width=\"900\" height=\"675\" src=\"https:\/\/etab.ac-reunion.fr\/clg-jean-lafosse\/wp-content\/uploads\/sites\/101\/2024\/05\/PHOTO-2024-04-30-11-15-26-1024x768.jpg\" class=\"attachment-large size-large\" alt=\"\" srcset=\"https:\/\/etab.ac-reunion.fr\/clg-jean-lafosse\/wp-content\/uploads\/sites\/101\/2024\/05\/PHOTO-2024-04-30-11-15-26-1024x768.jpg 1024w, https:\/\/etab.ac-reunion.fr\/clg-jean-lafosse\/wp-content\/uploads\/sites\/101\/2024\/05\/PHOTO-2024-04-30-11-15-26-300x225.jpg 300w, https:\/\/etab.ac-reunion.fr\/clg-jean-lafosse\/wp-content\/uploads\/sites\/101\/2024\/05\/PHOTO-2024-04-30-11-15-26-768x576.jpg 768w, https:\/\/etab.ac-reunion.fr\/clg-jean-lafosse\/wp-content\/uploads\/sites\/101\/2024\/05\/PHOTO-2024-04-30-11-15-26-150x113.jpg 150w, https:\/\/etab.ac-reunion.fr\/clg-jean-lafosse\/wp-content\/uploads\/sites\/101\/2024\/05\/PHOTO-2024-04-30-11-15-26-200x150.jpg 200w, https:\/\/etab.ac-reunion.fr\/clg-jean-lafosse\/wp-content\/uploads\/sites\/101\/2024\/05\/PHOTO-2024-04-30-11-15-26.jpg 1280w\" sizes=\"auto, (max-width: 900px) 100vw, 900px\" \/><\/a>\n\t\t\t<\/dt><\/dl><dl class='gallery-item'>\n\t\t\t<dt class='gallery-icon landscape'>\n\t\t\t\t<a href='https:\/\/etab.ac-reunion.fr\/clg-jean-lafosse\/semaine-de-la-sante-4-12-avril-2024\/photo-2024-04-30-11-14-06\/'><img loading=\"lazy\" decoding=\"async\" width=\"900\" height=\"900\" src=\"https:\/\/etab.ac-reunion.fr\/clg-jean-lafosse\/wp-content\/uploads\/sites\/101\/2024\/05\/PHOTO-2024-04-30-11-14-06-1024x1024.jpg\" class=\"attachment-large size-large\" alt=\"\" srcset=\"https:\/\/etab.ac-reunion.fr\/clg-jean-lafosse\/wp-content\/uploads\/sites\/101\/2024\/05\/PHOTO-2024-04-30-11-14-06-1024x1024.jpg 1024w, https:\/\/etab.ac-reunion.fr\/clg-jean-lafosse\/wp-content\/uploads\/sites\/101\/2024\/05\/PHOTO-2024-04-30-11-14-06-300x300.jpg 300w, https:\/\/etab.ac-reunion.fr\/clg-jean-lafosse\/wp-content\/uploads\/sites\/101\/2024\/05\/PHOTO-2024-04-30-11-14-06-150x150.jpg 150w, https:\/\/etab.ac-reunion.fr\/clg-jean-lafosse\/wp-content\/uploads\/sites\/101\/2024\/05\/PHOTO-2024-04-30-11-14-06-768x768.jpg 768w, https:\/\/etab.ac-reunion.fr\/clg-jean-lafosse\/wp-content\/uploads\/sites\/101\/2024\/05\/PHOTO-2024-04-30-11-14-06.jpg 1280w\" sizes=\"auto, (max-width: 900px) 100vw, 900px\" \/><\/a>\n\t\t\t<\/dt><\/dl><dl class='gallery-item'>\n\t\t\t<dt class='gallery-icon landscape'>\n\t\t\t\t<a href='https:\/\/etab.ac-reunion.fr\/clg-jean-lafosse\/semaine-de-la-sante-4-12-avril-2024\/photo-2024-04-30-11-14-051\/'><img loading=\"lazy\" decoding=\"async\" width=\"900\" height=\"900\" src=\"https:\/\/etab.ac-reunion.fr\/clg-jean-lafosse\/wp-content\/uploads\/sites\/101\/2024\/05\/PHOTO-2024-04-30-11-14-051-1024x1024.jpg\" class=\"attachment-large size-large\" alt=\"\" srcset=\"https:\/\/etab.ac-reunion.fr\/clg-jean-lafosse\/wp-content\/uploads\/sites\/101\/2024\/05\/PHOTO-2024-04-30-11-14-051-1024x1024.jpg 1024w, https:\/\/etab.ac-reunion.fr\/clg-jean-lafosse\/wp-content\/uploads\/sites\/101\/2024\/05\/PHOTO-2024-04-30-11-14-051-300x300.jpg 300w, https:\/\/etab.ac-reunion.fr\/clg-jean-lafosse\/wp-content\/uploads\/sites\/101\/2024\/05\/PHOTO-2024-04-30-11-14-051-150x150.jpg 150w, https:\/\/etab.ac-reunion.fr\/clg-jean-lafosse\/wp-content\/uploads\/sites\/101\/2024\/05\/PHOTO-2024-04-30-11-14-051-768x768.jpg 768w, https:\/\/etab.ac-reunion.fr\/clg-jean-lafosse\/wp-content\/uploads\/sites\/101\/2024\/05\/PHOTO-2024-04-30-11-14-051.jpg 1280w\" sizes=\"auto, (max-width: 900px) 100vw, 900px\" \/><\/a>\n\t\t\t<\/dt><\/dl><br style=\"clear: both\" \/><dl class='gallery-item'>\n\t\t\t<dt class='gallery-icon landscape'>\n\t\t\t\t<a href='https:\/\/etab.ac-reunion.fr\/clg-jean-lafosse\/semaine-de-la-sante-4-12-avril-2024\/photo-2024-04-30-11-14-05\/'><img loading=\"lazy\" decoding=\"async\" width=\"900\" height=\"900\" src=\"https:\/\/etab.ac-reunion.fr\/clg-jean-lafosse\/wp-content\/uploads\/sites\/101\/2024\/05\/PHOTO-2024-04-30-11-14-05-1024x1024.jpg\" class=\"attachment-large size-large\" alt=\"\" srcset=\"https:\/\/etab.ac-reunion.fr\/clg-jean-lafosse\/wp-content\/uploads\/sites\/101\/2024\/05\/PHOTO-2024-04-30-11-14-05-1024x1024.jpg 1024w, https:\/\/etab.ac-reunion.fr\/clg-jean-lafosse\/wp-content\/uploads\/sites\/101\/2024\/05\/PHOTO-2024-04-30-11-14-05-300x300.jpg 300w, https:\/\/etab.ac-reunion.fr\/clg-jean-lafosse\/wp-content\/uploads\/sites\/101\/2024\/05\/PHOTO-2024-04-30-11-14-05-150x150.jpg 150w, https:\/\/etab.ac-reunion.fr\/clg-jean-lafosse\/wp-content\/uploads\/sites\/101\/2024\/05\/PHOTO-2024-04-30-11-14-05-768x768.jpg 768w, https:\/\/etab.ac-reunion.fr\/clg-jean-lafosse\/wp-content\/uploads\/sites\/101\/2024\/05\/PHOTO-2024-04-30-11-14-05.jpg 1280w\" sizes=\"auto, (max-width: 900px) 100vw, 900px\" \/><\/a>\n\t\t\t<\/dt><\/dl>\n\t\t\t<br style='clear: both' \/>\n\t\t<\/div>\n\n<p>&nbsp;<\/p>\n","protected":false},"excerpt":{"rendered":"<p>La semaine de la sant\u00e9 s&rsquo;est d\u00e9roul\u00e9e du 4 au 12 avril au coll\u00e8ge Jean Lafosse. Selon l&rsquo;organisation Mondiale de la Sant\u00e9 : \u00ab\u00a0La sant\u00e9 est un \u00e9tat de complet bien-\u00eatre physique, mental et social, et ne consiste pas seulement en une absence de maladie ou d&rsquo;infirmit\u00e9\u00a0\u00bb. Plusieurs activit\u00e9s ont\u2026<\/p>\n<p> <a class=\"continue-reading-link\" href=\"https:\/\/etab.ac-reunion.fr\/clg-jean-lafosse\/semaine-de-la-sante-4-12-avril-2024\/\"><span>Lire la suite&#8230;<\/span><i class=\"crycon-right-dir\"><\/i><\/a> <\/p>\n","protected":false},"author":4586,"featured_media":0,"comment_status":"closed","ping_status":"closed","sticky":false,"template":"","format":"standard","meta":{"footnotes":""},"categories":[4],"tags":[],"class_list":["post-4701","post","type-post","status-publish","format-standard","hentry","category-actualites"],"_links":{"self":[{"href":"https:\/\/etab.ac-reunion.fr\/clg-jean-lafosse\/wp-json\/wp\/v2\/posts\/4701","targetHints":{"allow":["GET"]}}],"collection":[{"href":"https:\/\/etab.ac-reunion.fr\/clg-jean-lafosse\/wp-json\/wp\/v2\/posts"}],"about":[{"href":"https:\/\/etab.ac-reunion.fr\/clg-jean-lafosse\/wp-json\/wp\/v2\/types\/post"}],"author":[{"embeddable":true,"href":"https:\/\/etab.ac-reunion.fr\/clg-jean-lafosse\/wp-json\/wp\/v2\/users\/4586"}],"replies":[{"embeddable":true,"href":"https:\/\/etab.ac-reunion.fr\/clg-jean-lafosse\/wp-json\/wp\/v2\/comments?post=4701"}],"version-history":[{"count":1,"href":"https:\/\/etab.ac-reunion.fr\/clg-jean-lafosse\/wp-json\/wp\/v2\/posts\/4701\/revisions"}],"predecessor-version":[{"id":4706,"href":"https:\/\/etab.ac-reunion.fr\/clg-jean-lafosse\/wp-json\/wp\/v2\/posts\/4701\/revisions\/4706"}],"wp:attachment":[{"href":"https:\/\/etab.ac-reunion.fr\/clg-jean-lafosse\/wp-json\/wp\/v2\/media?parent=4701"}],"wp:term":[{"taxonomy":"category","embeddable":true,"href":"https:\/\/etab.ac-reunion.fr\/clg-jean-lafosse\/wp-json\/wp\/v2\/categories?post=4701"},{"taxonomy":"post_tag","embeddable":true,"href":"https:\/\/etab.ac-reunion.fr\/clg-jean-lafosse\/wp-json\/wp\/v2\/tags?post=4701"}],"curies":[{"name":"wp","href":"https:\/\/api.w.org\/{rel}","templated":true}]}}