{"id":496,"date":"2015-06-03T14:56:43","date_gmt":"2015-06-03T10:56:43","guid":{"rendered":"http:\/\/college-jean-lafosse.ac-reunion.fr\/?p=496"},"modified":"2015-06-20T09:48:20","modified_gmt":"2015-06-20T05:48:20","slug":"concours-de-poesies-au-cdi","status":"publish","type":"post","link":"https:\/\/etab.ac-reunion.fr\/clg-jean-lafosse\/concours-de-poesies-au-cdi\/","title":{"rendered":"Concours de po\u00e9sies"},"content":{"rendered":"<p><a href=\"https:\/\/etab.ac-reunion.fr\/clg-jean-lafosse\/wp-content\/uploads\/sites\/101\/2015\/06\/2015-05-concours-de-po\u00e9sies.jpg\"><img loading=\"lazy\" decoding=\"async\" class=\"alignleft wp-image-498 size-medium\" src=\"https:\/\/etab.ac-reunion.fr\/clg-jean-lafosse\/wp-content\/uploads\/sites\/101\/2015\/06\/2015-05-concours-de-po\u00e9sies-300x224.jpg\" alt=\"2015 05 concours de po\u00e9sies\" width=\"300\" height=\"224\" srcset=\"https:\/\/etab.ac-reunion.fr\/clg-jean-lafosse\/wp-content\/uploads\/sites\/101\/2015\/06\/2015-05-concours-de-po\u00e9sies-300x224.jpg 300w, https:\/\/etab.ac-reunion.fr\/clg-jean-lafosse\/wp-content\/uploads\/sites\/101\/2015\/06\/2015-05-concours-de-po\u00e9sies.jpg 900w\" sizes=\"auto, (max-width: 300px) 100vw, 300px\" \/><\/a><span style=\"font-family: Liberation Serif,serif\"><span style=\"font-size: medium\">Un concours de po\u00e9sies a eu lieu au coll\u00e8ge. Des \u00e9l\u00e8ves ont \u00e9crit des po\u00e9sies et des ha\u00efkus \u00e0 l\u2019occasion de la journ\u00e9e po\u00e9sie.<\/span><\/span><\/p>\n<p><span style=\"font-family: Liberation Serif,serif\"><span style=\"font-size: medium\">Un ha\u00efku est un po\u00e8me extr\u00eamement bref qui veut exprimer quelque chose d\u2019\u00e9ph\u00e9m\u00e8re, de fugace. C\u2019est un style de po\u00e8me tr\u00e8s codifi\u00e9 d\u2019origine japonaise.<\/span><\/span><\/p>\n<p><span style=\"font-family: Liberation Serif,serif\"><span style=\"font-size: medium\">A l\u2019occasion de la journ\u00e9e po\u00e9sie, les \u00e9l\u00e8ves devaient reconstituer un po\u00e8me cach\u00e9 et pour cela parcourir le coll\u00e8ge pour trouver 13 textes. Dans chacune de ces po\u00e9sies se trouvait un mot qui fait partie de la phrase \u00e0 reconstituer.<\/span><\/span><\/p>\n<p><span style=\"font-family: Liberation Serif,serif\"><span style=\"font-size: medium\">En recopiant dans l\u2019ordre les 13 mots trouv\u00e9s, ils ont pu d\u00e9couvrir un ha\u00efku de Issa Kobayashi:<\/span><\/span><\/p>\n<p style=\"text-align: center\" align=\"center\"><span style=\"color: #0000ff\"><em><span style=\"font-family: Liberation Serif,serif\"><span style=\"font-size: medium\">Rien qui m\u2019appartienne<\/span><\/span><\/em><\/span><\/p>\n<p style=\"text-align: center\" align=\"center\"><span style=\"color: #0000ff\"><em><span style=\"font-family: Liberation Serif,serif\"><span style=\"font-size: medium\">Sinon la paix du c\u0153ur<\/span><\/span><\/em><\/span><\/p>\n<p style=\"text-align: center\" align=\"center\"><span style=\"color: #0000ff\"><em><span style=\"font-family: Liberation Serif,serif\"><span style=\"font-size: medium\">Et la fra\u00eecheur de l\u2019air<\/span><\/span><\/em><\/span><\/p>\n<p style=\"text-align: center\" align=\"center\"><a href=\"https:\/\/etab.ac-reunion.fr\/clg-jean-lafosse\/wp-content\/uploads\/sites\/101\/2015\/06\/ISSA_Kobayashi.jpg\"><img loading=\"lazy\" decoding=\"async\" class=\" size-thumbnail wp-image-497 aligncenter\" src=\"https:\/\/etab.ac-reunion.fr\/clg-jean-lafosse\/wp-content\/uploads\/sites\/101\/2015\/06\/ISSA_Kobayashi-150x150.jpg\" alt=\"ISSA_Kobayashi\" width=\"150\" height=\"150\" srcset=\"https:\/\/etab.ac-reunion.fr\/clg-jean-lafosse\/wp-content\/uploads\/sites\/101\/2015\/06\/ISSA_Kobayashi-150x150.jpg 150w, https:\/\/etab.ac-reunion.fr\/clg-jean-lafosse\/wp-content\/uploads\/sites\/101\/2015\/06\/ISSA_Kobayashi-48x48.jpg 48w, https:\/\/etab.ac-reunion.fr\/clg-jean-lafosse\/wp-content\/uploads\/sites\/101\/2015\/06\/ISSA_Kobayashi-186x186.jpg 186w, https:\/\/etab.ac-reunion.fr\/clg-jean-lafosse\/wp-content\/uploads\/sites\/101\/2015\/06\/ISSA_Kobayashi-184x184.jpg 184w\" sizes=\"auto, (max-width: 150px) 100vw, 150px\" \/><\/a><\/p>\n<p align=\"center\"><span style=\"font-family: Liberation Serif,serif;color: #808080\"><span style=\"font-size: medium\"><i>Issa Kobayashi, plus connu sous son seul pr\u00e9nom de plume Issa, <\/i><\/span><\/span><\/p>\n<p align=\"center\"><span style=\"font-family: Liberation Serif,serif;color: #808080\"><span style=\"font-size: medium\"><i>est un po\u00e8te japonais du XIX\u00e8me si\u00e8cle.<\/i><\/span><\/span><\/p>\n<pre class=\"western\"><span style=\"color: #808080\"><span style=\"font-family: Liberation Serif,serif\"><span style=\"font-size: medium\">Retenons nos trois premiers laur\u00e9ats :<\/span><\/span>\r\n<span style=\"font-family: Liberation Serif,serif\"><span style=\"font-size: medium\">1er prix : M\u00e9lissa Maret 6\u00e8me Arum<\/span><\/span>\r\n<span style=\"font-family: Liberation Serif,serif\"><span style=\"font-size: medium\">2\u00e8me prix : Marie-Leslie Hoareau 6\u00e8me Citronnelle<\/span><\/span>\r\n<span style=\"font-family: Liberation Serif,serif\"><span style=\"font-size: medium\">3\u00e8me prix : Cassandra Rivi\u00e8re de 6\u00e8me Arum\r\n\r\n \r\n<\/span><\/span><\/span><\/pre>\n<p>&nbsp;<\/p>\n","protected":false},"excerpt":{"rendered":"<p>Un concours de po\u00e9sies a eu lieu au coll\u00e8ge. Des \u00e9l\u00e8ves ont \u00e9crit des po\u00e9sies et des ha\u00efkus \u00e0 l\u2019occasion de la journ\u00e9e po\u00e9sie. Un ha\u00efku est un po\u00e8me extr\u00eamement bref qui veut exprimer quelque chose d\u2019\u00e9ph\u00e9m\u00e8re, de fugace. C\u2019est un style de po\u00e8me tr\u00e8s codifi\u00e9 d\u2019origine japonaise. A l\u2019occasion\u2026<\/p>\n<p> <a class=\"continue-reading-link\" href=\"https:\/\/etab.ac-reunion.fr\/clg-jean-lafosse\/concours-de-poesies-au-cdi\/\"><span>Lire la suite&#8230;<\/span><i class=\"crycon-right-dir\"><\/i><\/a> <\/p>\n","protected":false},"author":3653,"featured_media":0,"comment_status":"open","ping_status":"open","sticky":false,"template":"","format":"standard","meta":{"footnotes":""},"categories":[4],"tags":[],"class_list":["post-496","post","type-post","status-publish","format-standard","hentry","category-actualites"],"_links":{"self":[{"href":"https:\/\/etab.ac-reunion.fr\/clg-jean-lafosse\/wp-json\/wp\/v2\/posts\/496","targetHints":{"allow":["GET"]}}],"collection":[{"href":"https:\/\/etab.ac-reunion.fr\/clg-jean-lafosse\/wp-json\/wp\/v2\/posts"}],"about":[{"href":"https:\/\/etab.ac-reunion.fr\/clg-jean-lafosse\/wp-json\/wp\/v2\/types\/post"}],"author":[{"embeddable":true,"href":"https:\/\/etab.ac-reunion.fr\/clg-jean-lafosse\/wp-json\/wp\/v2\/users\/3653"}],"replies":[{"embeddable":true,"href":"https:\/\/etab.ac-reunion.fr\/clg-jean-lafosse\/wp-json\/wp\/v2\/comments?post=496"}],"version-history":[{"count":9,"href":"https:\/\/etab.ac-reunion.fr\/clg-jean-lafosse\/wp-json\/wp\/v2\/posts\/496\/revisions"}],"predecessor-version":[{"id":510,"href":"https:\/\/etab.ac-reunion.fr\/clg-jean-lafosse\/wp-json\/wp\/v2\/posts\/496\/revisions\/510"}],"wp:attachment":[{"href":"https:\/\/etab.ac-reunion.fr\/clg-jean-lafosse\/wp-json\/wp\/v2\/media?parent=496"}],"wp:term":[{"taxonomy":"category","embeddable":true,"href":"https:\/\/etab.ac-reunion.fr\/clg-jean-lafosse\/wp-json\/wp\/v2\/categories?post=496"},{"taxonomy":"post_tag","embeddable":true,"href":"https:\/\/etab.ac-reunion.fr\/clg-jean-lafosse\/wp-json\/wp\/v2\/tags?post=496"}],"curies":[{"name":"wp","href":"https:\/\/api.w.org\/{rel}","templated":true}]}}