{"id":4991,"date":"2024-06-20T16:05:50","date_gmt":"2024-06-20T12:05:50","guid":{"rendered":"https:\/\/etab.ac-reunion.fr\/clg-jean-lafosse\/?p=4991"},"modified":"2024-06-20T16:05:50","modified_gmt":"2024-06-20T12:05:50","slug":"interventions-theatrales-et-musicales","status":"publish","type":"post","link":"https:\/\/etab.ac-reunion.fr\/clg-jean-lafosse\/interventions-theatrales-et-musicales\/","title":{"rendered":"Interventions th\u00e9\u00e2trales et musicales\u00a0"},"content":{"rendered":"<p><strong>Interventions th\u00e9\u00e2trales et musicales\u00a0: les coll\u00e9giens \u00e0 l\u2019honneur dans les \u00e9coles du r\u00e9seau <\/strong><\/p>\n<p>Les coll\u00e9giens de notre \u00e9tablissement ont r\u00e9cemment r\u00e9alis\u00e9 une intervention th\u00e9\u00e2tre exceptionnelle dans les \u00e9coles d\u00e9pendantes de notre r\u00e9seau. C\u2019est pendant la pause m\u00e9ridienne que ces jeunes talents ont pr\u00e9par\u00e9 leur pi\u00e8ce de th\u00e9\u00e2tre accompagn\u00e9e de musique, d\u00e9montrant leur engagement et leur cr\u00e9ativit\u00e9.<\/p>\n<p>Ce projet a \u00e9t\u00e9 orchestr\u00e9 par une \u00e9quipe de trois enseignants\u00a0: une professeure de fran\u00e7ais, un professeur d\u2019histoire-g\u00e9ographie et un professeur de musique. C\u2019est ensemble qu\u2019ils ont canalis\u00e9 les \u00e9nergies et les talents des coll\u00e9giens pour cr\u00e9er un spectacle d\u2019une grande richesse. Deux ateliers ont d\u2019abord \u00e9t\u00e9 mis en place, l\u2019un pour le th\u00e9\u00e2tre et l\u2019autre pour la musique. Rapidement, afin de maximiser les comp\u00e9tences et les synergies, les ateliers ont fusionn\u00e9s, permettant aux \u00e9l\u00e8ves de b\u00e9n\u00e9ficier d\u2019une pr\u00e9paration pluridisciplinaire compl\u00e8te.<\/p>\n<p>Les interventions dans les \u00e9coles ont \u00e9t\u00e9 un v\u00e9ritable succ\u00e8s car les coll\u00e9giens ont eu l\u2019opportunit\u00e9 de partager leur travail avec un public plus jeune, suscitant l\u2019enthousiasme et l\u2019admiration. Les \u00e9coles visit\u00e9es ont chaleureusement accueilli cette initiative qui offrait \u00e0 leurs \u00e9l\u00e8ves une occasion de d\u00e9couvrir le th\u00e9\u00e2tre sous un angle nouveau.<\/p>\n<p>Les coll\u00e9giens se sont sentis valoris\u00e9s et ont d\u00e9velopp\u00e9 de nouvelles comp\u00e9tences tandis que les jeunes spectateurs ont \u00e9t\u00e9 captiv\u00e9s par la performance de leurs a\u00een\u00e9s. Cette exp\u00e9rience a renforc\u00e9 les liens au sein du r\u00e9seau et a mis en lumi\u00e8re l\u2019importance des activit\u00e9s artistiques dans le parcours \u00e9ducatif.<\/p>\n<p>Bravo encore \u00e0 nos jeunes\u00a0!<\/p>\n<p style=\"text-align: right\">Ra\u00efssa MAILLOT<\/p>\n\n\t\t<style type=\"text\/css\">\n\t\t\t#gallery-1 {\n\t\t\t\tmargin: auto;\n\t\t\t}\n\t\t\t#gallery-1 .gallery-item {\n\t\t\t\tfloat: left;\n\t\t\t\tmargin-top: 10px;\n\t\t\t\ttext-align: center;\n\t\t\t\twidth: 33%;\n\t\t\t}\n\t\t\t#gallery-1 img {\n\t\t\t\tborder: 2px solid #cfcfcf;\n\t\t\t}\n\t\t\t#gallery-1 .gallery-caption {\n\t\t\t\tmargin-left: 0;\n\t\t\t}\n\t\t\t\/* see gallery_shortcode() in wp-includes\/media.php *\/\n\t\t<\/style>\n\t\t<div id='gallery-1' class='gallery galleryid-4991 gallery-columns-3 gallery-size-full'><dl class='gallery-item'>\n\t\t\t<dt class='gallery-icon landscape'>\n\t\t\t\t<a href='https:\/\/etab.ac-reunion.fr\/clg-jean-lafosse\/wp-content\/uploads\/sites\/101\/2024\/06\/IMG_2877.jpeg'><img loading=\"lazy\" decoding=\"async\" width=\"640\" height=\"480\" src=\"https:\/\/etab.ac-reunion.fr\/clg-jean-lafosse\/wp-content\/uploads\/sites\/101\/2024\/06\/IMG_2877.jpeg\" class=\"attachment-full size-full\" alt=\"\" srcset=\"https:\/\/etab.ac-reunion.fr\/clg-jean-lafosse\/wp-content\/uploads\/sites\/101\/2024\/06\/IMG_2877.jpeg 640w, https:\/\/etab.ac-reunion.fr\/clg-jean-lafosse\/wp-content\/uploads\/sites\/101\/2024\/06\/IMG_2877-300x225.jpeg 300w, https:\/\/etab.ac-reunion.fr\/clg-jean-lafosse\/wp-content\/uploads\/sites\/101\/2024\/06\/IMG_2877-150x113.jpeg 150w, https:\/\/etab.ac-reunion.fr\/clg-jean-lafosse\/wp-content\/uploads\/sites\/101\/2024\/06\/IMG_2877-200x150.jpeg 200w\" sizes=\"auto, (max-width: 640px) 100vw, 640px\" \/><\/a>\n\t\t\t<\/dt><\/dl><dl class='gallery-item'>\n\t\t\t<dt class='gallery-icon landscape'>\n\t\t\t\t<a href='https:\/\/etab.ac-reunion.fr\/clg-jean-lafosse\/wp-content\/uploads\/sites\/101\/2024\/06\/IMG_2878.jpeg'><img loading=\"lazy\" decoding=\"async\" width=\"480\" height=\"480\" src=\"https:\/\/etab.ac-reunion.fr\/clg-jean-lafosse\/wp-content\/uploads\/sites\/101\/2024\/06\/IMG_2878.jpeg\" class=\"attachment-full size-full\" alt=\"\" srcset=\"https:\/\/etab.ac-reunion.fr\/clg-jean-lafosse\/wp-content\/uploads\/sites\/101\/2024\/06\/IMG_2878.jpeg 480w, https:\/\/etab.ac-reunion.fr\/clg-jean-lafosse\/wp-content\/uploads\/sites\/101\/2024\/06\/IMG_2878-300x300.jpeg 300w, https:\/\/etab.ac-reunion.fr\/clg-jean-lafosse\/wp-content\/uploads\/sites\/101\/2024\/06\/IMG_2878-150x150.jpeg 150w\" sizes=\"auto, (max-width: 480px) 100vw, 480px\" \/><\/a>\n\t\t\t<\/dt><\/dl><dl class='gallery-item'>\n\t\t\t<dt class='gallery-icon portrait'>\n\t\t\t\t<a href='https:\/\/etab.ac-reunion.fr\/clg-jean-lafosse\/wp-content\/uploads\/sites\/101\/2024\/06\/IMG_2885-rotated.jpeg'><img loading=\"lazy\" decoding=\"async\" width=\"480\" height=\"640\" src=\"https:\/\/etab.ac-reunion.fr\/clg-jean-lafosse\/wp-content\/uploads\/sites\/101\/2024\/06\/IMG_2885-rotated.jpeg\" class=\"attachment-full size-full\" alt=\"\" srcset=\"https:\/\/etab.ac-reunion.fr\/clg-jean-lafosse\/wp-content\/uploads\/sites\/101\/2024\/06\/IMG_2885-rotated.jpeg 480w, https:\/\/etab.ac-reunion.fr\/clg-jean-lafosse\/wp-content\/uploads\/sites\/101\/2024\/06\/IMG_2885-225x300.jpeg 225w, https:\/\/etab.ac-reunion.fr\/clg-jean-lafosse\/wp-content\/uploads\/sites\/101\/2024\/06\/IMG_2885-113x150.jpeg 113w, https:\/\/etab.ac-reunion.fr\/clg-jean-lafosse\/wp-content\/uploads\/sites\/101\/2024\/06\/IMG_2885-300x400.jpeg 300w\" sizes=\"auto, (max-width: 480px) 100vw, 480px\" \/><\/a>\n\t\t\t<\/dt><\/dl><br style=\"clear: both\" \/><dl class='gallery-item'>\n\t\t\t<dt class='gallery-icon portrait'>\n\t\t\t\t<a href='https:\/\/etab.ac-reunion.fr\/clg-jean-lafosse\/wp-content\/uploads\/sites\/101\/2024\/06\/IMG_2887-rotated.jpeg'><img loading=\"lazy\" decoding=\"async\" width=\"480\" height=\"640\" src=\"https:\/\/etab.ac-reunion.fr\/clg-jean-lafosse\/wp-content\/uploads\/sites\/101\/2024\/06\/IMG_2887-rotated.jpeg\" class=\"attachment-full size-full\" alt=\"\" srcset=\"https:\/\/etab.ac-reunion.fr\/clg-jean-lafosse\/wp-content\/uploads\/sites\/101\/2024\/06\/IMG_2887-rotated.jpeg 480w, https:\/\/etab.ac-reunion.fr\/clg-jean-lafosse\/wp-content\/uploads\/sites\/101\/2024\/06\/IMG_2887-225x300.jpeg 225w, https:\/\/etab.ac-reunion.fr\/clg-jean-lafosse\/wp-content\/uploads\/sites\/101\/2024\/06\/IMG_2887-113x150.jpeg 113w, https:\/\/etab.ac-reunion.fr\/clg-jean-lafosse\/wp-content\/uploads\/sites\/101\/2024\/06\/IMG_2887-300x400.jpeg 300w\" sizes=\"auto, (max-width: 480px) 100vw, 480px\" \/><\/a>\n\t\t\t<\/dt><\/dl><dl class='gallery-item'>\n\t\t\t<dt class='gallery-icon portrait'>\n\t\t\t\t<a href='https:\/\/etab.ac-reunion.fr\/clg-jean-lafosse\/wp-content\/uploads\/sites\/101\/2024\/06\/IMG_2895-rotated.jpeg'><img loading=\"lazy\" decoding=\"async\" width=\"480\" height=\"640\" src=\"https:\/\/etab.ac-reunion.fr\/clg-jean-lafosse\/wp-content\/uploads\/sites\/101\/2024\/06\/IMG_2895-rotated.jpeg\" class=\"attachment-full size-full\" alt=\"\" srcset=\"https:\/\/etab.ac-reunion.fr\/clg-jean-lafosse\/wp-content\/uploads\/sites\/101\/2024\/06\/IMG_2895-rotated.jpeg 480w, https:\/\/etab.ac-reunion.fr\/clg-jean-lafosse\/wp-content\/uploads\/sites\/101\/2024\/06\/IMG_2895-225x300.jpeg 225w, https:\/\/etab.ac-reunion.fr\/clg-jean-lafosse\/wp-content\/uploads\/sites\/101\/2024\/06\/IMG_2895-113x150.jpeg 113w, https:\/\/etab.ac-reunion.fr\/clg-jean-lafosse\/wp-content\/uploads\/sites\/101\/2024\/06\/IMG_2895-300x400.jpeg 300w\" sizes=\"auto, (max-width: 480px) 100vw, 480px\" \/><\/a>\n\t\t\t<\/dt><\/dl><dl class='gallery-item'>\n\t\t\t<dt class='gallery-icon landscape'>\n\t\t\t\t<a href='https:\/\/etab.ac-reunion.fr\/clg-jean-lafosse\/wp-content\/uploads\/sites\/101\/2024\/06\/IMG_2899.jpeg'><img loading=\"lazy\" decoding=\"async\" width=\"640\" height=\"480\" src=\"https:\/\/etab.ac-reunion.fr\/clg-jean-lafosse\/wp-content\/uploads\/sites\/101\/2024\/06\/IMG_2899.jpeg\" class=\"attachment-full size-full\" alt=\"\" srcset=\"https:\/\/etab.ac-reunion.fr\/clg-jean-lafosse\/wp-content\/uploads\/sites\/101\/2024\/06\/IMG_2899.jpeg 640w, https:\/\/etab.ac-reunion.fr\/clg-jean-lafosse\/wp-content\/uploads\/sites\/101\/2024\/06\/IMG_2899-300x225.jpeg 300w, https:\/\/etab.ac-reunion.fr\/clg-jean-lafosse\/wp-content\/uploads\/sites\/101\/2024\/06\/IMG_2899-150x113.jpeg 150w, https:\/\/etab.ac-reunion.fr\/clg-jean-lafosse\/wp-content\/uploads\/sites\/101\/2024\/06\/IMG_2899-200x150.jpeg 200w\" sizes=\"auto, (max-width: 640px) 100vw, 640px\" \/><\/a>\n\t\t\t<\/dt><\/dl><br style=\"clear: both\" \/><dl class='gallery-item'>\n\t\t\t<dt class='gallery-icon landscape'>\n\t\t\t\t<a href='https:\/\/etab.ac-reunion.fr\/clg-jean-lafosse\/wp-content\/uploads\/sites\/101\/2024\/06\/IMG_2906-rotated.jpeg'><img loading=\"lazy\" decoding=\"async\" width=\"640\" height=\"480\" src=\"https:\/\/etab.ac-reunion.fr\/clg-jean-lafosse\/wp-content\/uploads\/sites\/101\/2024\/06\/IMG_2906-rotated.jpeg\" class=\"attachment-full size-full\" alt=\"\" srcset=\"https:\/\/etab.ac-reunion.fr\/clg-jean-lafosse\/wp-content\/uploads\/sites\/101\/2024\/06\/IMG_2906-rotated.jpeg 640w, https:\/\/etab.ac-reunion.fr\/clg-jean-lafosse\/wp-content\/uploads\/sites\/101\/2024\/06\/IMG_2906-300x225.jpeg 300w, https:\/\/etab.ac-reunion.fr\/clg-jean-lafosse\/wp-content\/uploads\/sites\/101\/2024\/06\/IMG_2906-150x113.jpeg 150w, https:\/\/etab.ac-reunion.fr\/clg-jean-lafosse\/wp-content\/uploads\/sites\/101\/2024\/06\/IMG_2906-200x150.jpeg 200w\" sizes=\"auto, (max-width: 640px) 100vw, 640px\" \/><\/a>\n\t\t\t<\/dt><\/dl>\n\t\t\t<br style='clear: both' \/>\n\t\t<\/div>\n\n","protected":false},"excerpt":{"rendered":"<p>Interventions th\u00e9\u00e2trales et musicales\u00a0: les coll\u00e9giens \u00e0 l\u2019honneur dans les \u00e9coles du r\u00e9seau Les coll\u00e9giens de notre \u00e9tablissement ont r\u00e9cemment r\u00e9alis\u00e9 une intervention th\u00e9\u00e2tre exceptionnelle dans les \u00e9coles d\u00e9pendantes de notre r\u00e9seau. C\u2019est pendant la pause m\u00e9ridienne que ces jeunes talents ont pr\u00e9par\u00e9 leur pi\u00e8ce de th\u00e9\u00e2tre accompagn\u00e9e de musique,\u2026<\/p>\n<p> <a class=\"continue-reading-link\" href=\"https:\/\/etab.ac-reunion.fr\/clg-jean-lafosse\/interventions-theatrales-et-musicales\/\"><span>Lire la suite&#8230;<\/span><i class=\"crycon-right-dir\"><\/i><\/a> <\/p>\n","protected":false},"author":4586,"featured_media":0,"comment_status":"closed","ping_status":"closed","sticky":false,"template":"","format":"standard","meta":{"footnotes":""},"categories":[4],"tags":[],"class_list":["post-4991","post","type-post","status-publish","format-standard","hentry","category-actualites"],"_links":{"self":[{"href":"https:\/\/etab.ac-reunion.fr\/clg-jean-lafosse\/wp-json\/wp\/v2\/posts\/4991","targetHints":{"allow":["GET"]}}],"collection":[{"href":"https:\/\/etab.ac-reunion.fr\/clg-jean-lafosse\/wp-json\/wp\/v2\/posts"}],"about":[{"href":"https:\/\/etab.ac-reunion.fr\/clg-jean-lafosse\/wp-json\/wp\/v2\/types\/post"}],"author":[{"embeddable":true,"href":"https:\/\/etab.ac-reunion.fr\/clg-jean-lafosse\/wp-json\/wp\/v2\/users\/4586"}],"replies":[{"embeddable":true,"href":"https:\/\/etab.ac-reunion.fr\/clg-jean-lafosse\/wp-json\/wp\/v2\/comments?post=4991"}],"version-history":[{"count":1,"href":"https:\/\/etab.ac-reunion.fr\/clg-jean-lafosse\/wp-json\/wp\/v2\/posts\/4991\/revisions"}],"predecessor-version":[{"id":4999,"href":"https:\/\/etab.ac-reunion.fr\/clg-jean-lafosse\/wp-json\/wp\/v2\/posts\/4991\/revisions\/4999"}],"wp:attachment":[{"href":"https:\/\/etab.ac-reunion.fr\/clg-jean-lafosse\/wp-json\/wp\/v2\/media?parent=4991"}],"wp:term":[{"taxonomy":"category","embeddable":true,"href":"https:\/\/etab.ac-reunion.fr\/clg-jean-lafosse\/wp-json\/wp\/v2\/categories?post=4991"},{"taxonomy":"post_tag","embeddable":true,"href":"https:\/\/etab.ac-reunion.fr\/clg-jean-lafosse\/wp-json\/wp\/v2\/tags?post=4991"}],"curies":[{"name":"wp","href":"https:\/\/api.w.org\/{rel}","templated":true}]}}