{"id":5006,"date":"2024-06-25T15:05:08","date_gmt":"2024-06-25T11:05:08","guid":{"rendered":"https:\/\/etab.ac-reunion.fr\/clg-jean-lafosse\/?p=5006"},"modified":"2024-07-02T17:53:59","modified_gmt":"2024-07-02T13:53:59","slug":"rentree-2024-2025-liste-des-effets-scolaires","status":"publish","type":"post","link":"https:\/\/etab.ac-reunion.fr\/clg-jean-lafosse\/rentree-2024-2025-liste-des-effets-scolaires\/","title":{"rendered":"Liste des effets scolaires \u00e9l\u00e8ves de 6e &#8211; Rentr\u00e9e 2024-2025"},"content":{"rendered":"<p style=\"text-align: center\"><strong>Liste des effets scolaires \u00c9l\u00e8ves de 6e &#8211; Pr\u00e9voir 15\u20ac pour l&rsquo;achat de livres et de cahier d&rsquo;activit\u00e9s<br \/>\n<\/strong><\/p>\n<a href=\"https:\/\/etab.ac-reunion.fr\/clg-jean-lafosse\/wp-content\/uploads\/sites\/101\/2024\/06\/liste-effet-scolaire-6e-2024-2025.pdf\" class=\"pdfemb-viewer\" style=\"\" data-width=\"max\" data-height=\"max\" data-toolbar=\"bottom\" data-toolbar-fixed=\"off\">liste effet scolaire 6e 2024-2025<\/a>\n","protected":false},"excerpt":{"rendered":"<p>Liste des effets scolaires \u00c9l\u00e8ves de 6e &#8211; Pr\u00e9voir 15\u20ac pour l&rsquo;achat de livres et de cahier d&rsquo;activit\u00e9s<\/p>\n<p> <a class=\"continue-reading-link\" href=\"https:\/\/etab.ac-reunion.fr\/clg-jean-lafosse\/rentree-2024-2025-liste-des-effets-scolaires\/\"><span>Lire la suite&#8230;<\/span><i class=\"crycon-right-dir\"><\/i><\/a> <\/p>\n","protected":false},"author":4586,"featured_media":0,"comment_status":"closed","ping_status":"closed","sticky":false,"template":"","format":"standard","meta":{"footnotes":""},"categories":[4],"tags":[],"class_list":["post-5006","post","type-post","status-publish","format-standard","hentry","category-actualites"],"_links":{"self":[{"href":"https:\/\/etab.ac-reunion.fr\/clg-jean-lafosse\/wp-json\/wp\/v2\/posts\/5006","targetHints":{"allow":["GET"]}}],"collection":[{"href":"https:\/\/etab.ac-reunion.fr\/clg-jean-lafosse\/wp-json\/wp\/v2\/posts"}],"about":[{"href":"https:\/\/etab.ac-reunion.fr\/clg-jean-lafosse\/wp-json\/wp\/v2\/types\/post"}],"author":[{"embeddable":true,"href":"https:\/\/etab.ac-reunion.fr\/clg-jean-lafosse\/wp-json\/wp\/v2\/users\/4586"}],"replies":[{"embeddable":true,"href":"https:\/\/etab.ac-reunion.fr\/clg-jean-lafosse\/wp-json\/wp\/v2\/comments?post=5006"}],"version-history":[{"count":5,"href":"https:\/\/etab.ac-reunion.fr\/clg-jean-lafosse\/wp-json\/wp\/v2\/posts\/5006\/revisions"}],"predecessor-version":[{"id":5027,"href":"https:\/\/etab.ac-reunion.fr\/clg-jean-lafosse\/wp-json\/wp\/v2\/posts\/5006\/revisions\/5027"}],"wp:attachment":[{"href":"https:\/\/etab.ac-reunion.fr\/clg-jean-lafosse\/wp-json\/wp\/v2\/media?parent=5006"}],"wp:term":[{"taxonomy":"category","embeddable":true,"href":"https:\/\/etab.ac-reunion.fr\/clg-jean-lafosse\/wp-json\/wp\/v2\/categories?post=5006"},{"taxonomy":"post_tag","embeddable":true,"href":"https:\/\/etab.ac-reunion.fr\/clg-jean-lafosse\/wp-json\/wp\/v2\/tags?post=5006"}],"curies":[{"name":"wp","href":"https:\/\/api.w.org\/{rel}","templated":true}]}}