{"id":5015,"date":"2024-06-27T10:16:51","date_gmt":"2024-06-27T06:16:51","guid":{"rendered":"https:\/\/etab.ac-reunion.fr\/clg-jean-lafosse\/?p=5015"},"modified":"2024-07-02T17:54:20","modified_gmt":"2024-07-02T13:54:20","slug":"liste-des-effets-scolaires-eleves-de-5e-4e-3e-rentree-2024-2025","status":"publish","type":"post","link":"https:\/\/etab.ac-reunion.fr\/clg-jean-lafosse\/liste-des-effets-scolaires-eleves-de-5e-4e-3e-rentree-2024-2025\/","title":{"rendered":"Liste des effets scolaires \u00e9l\u00e8ves de 5e, 4e, 3e &#8211; Rentr\u00e9e 2024-2025"},"content":{"rendered":"<p style=\"text-align: center\"><strong>Liste des effets scolaires \u00e9l\u00e8ves de 5e, 4e, 3e &#8211; <\/strong><strong>Pr\u00e9voir 15\u20ac pour l&rsquo;achat de livres et de cahier d&rsquo;activit\u00e9s<\/strong><\/p>\n<a href=\"https:\/\/etab.ac-reunion.fr\/clg-jean-lafosse\/wp-content\/uploads\/sites\/101\/2024\/06\/liste-effet-scolaire-5-4-3e-2024-2025.pdf\" class=\"pdfemb-viewer\" style=\"\" data-width=\"max\" data-height=\"max\" data-toolbar=\"bottom\" data-toolbar-fixed=\"off\">liste effet scolaire 5 4 3e 2024-2025<\/a>\n<p>&nbsp;<\/p>\n","protected":false},"excerpt":{"rendered":"<p>Liste des effets scolaires \u00e9l\u00e8ves de 5e, 4e, 3e &#8211; Pr\u00e9voir 15\u20ac pour l&rsquo;achat de livres et de cahier d&rsquo;activit\u00e9s &nbsp;<\/p>\n<p> <a class=\"continue-reading-link\" href=\"https:\/\/etab.ac-reunion.fr\/clg-jean-lafosse\/liste-des-effets-scolaires-eleves-de-5e-4e-3e-rentree-2024-2025\/\"><span>Lire la suite&#8230;<\/span><i class=\"crycon-right-dir\"><\/i><\/a> <\/p>\n","protected":false},"author":4586,"featured_media":0,"comment_status":"closed","ping_status":"closed","sticky":false,"template":"","format":"standard","meta":{"footnotes":""},"categories":[4],"tags":[],"class_list":["post-5015","post","type-post","status-publish","format-standard","hentry","category-actualites"],"_links":{"self":[{"href":"https:\/\/etab.ac-reunion.fr\/clg-jean-lafosse\/wp-json\/wp\/v2\/posts\/5015","targetHints":{"allow":["GET"]}}],"collection":[{"href":"https:\/\/etab.ac-reunion.fr\/clg-jean-lafosse\/wp-json\/wp\/v2\/posts"}],"about":[{"href":"https:\/\/etab.ac-reunion.fr\/clg-jean-lafosse\/wp-json\/wp\/v2\/types\/post"}],"author":[{"embeddable":true,"href":"https:\/\/etab.ac-reunion.fr\/clg-jean-lafosse\/wp-json\/wp\/v2\/users\/4586"}],"replies":[{"embeddable":true,"href":"https:\/\/etab.ac-reunion.fr\/clg-jean-lafosse\/wp-json\/wp\/v2\/comments?post=5015"}],"version-history":[{"count":4,"href":"https:\/\/etab.ac-reunion.fr\/clg-jean-lafosse\/wp-json\/wp\/v2\/posts\/5015\/revisions"}],"predecessor-version":[{"id":5025,"href":"https:\/\/etab.ac-reunion.fr\/clg-jean-lafosse\/wp-json\/wp\/v2\/posts\/5015\/revisions\/5025"}],"wp:attachment":[{"href":"https:\/\/etab.ac-reunion.fr\/clg-jean-lafosse\/wp-json\/wp\/v2\/media?parent=5015"}],"wp:term":[{"taxonomy":"category","embeddable":true,"href":"https:\/\/etab.ac-reunion.fr\/clg-jean-lafosse\/wp-json\/wp\/v2\/categories?post=5015"},{"taxonomy":"post_tag","embeddable":true,"href":"https:\/\/etab.ac-reunion.fr\/clg-jean-lafosse\/wp-json\/wp\/v2\/tags?post=5015"}],"curies":[{"name":"wp","href":"https:\/\/api.w.org\/{rel}","templated":true}]}}