{"id":5031,"date":"2024-09-03T14:09:08","date_gmt":"2024-09-03T10:09:08","guid":{"rendered":"https:\/\/etab.ac-reunion.fr\/clg-jean-lafosse\/?p=5031"},"modified":"2024-09-03T14:14:03","modified_gmt":"2024-09-03T10:14:03","slug":"concours-mangarun-exposition-des-dessins-de-nos-eleves-a-la-mediatheque-f-mitterrand","status":"publish","type":"post","link":"https:\/\/etab.ac-reunion.fr\/clg-jean-lafosse\/concours-mangarun-exposition-des-dessins-de-nos-eleves-a-la-mediatheque-f-mitterrand\/","title":{"rendered":"Concours Mangarun\u00a0: Exposition des dessins de nos \u00e9l\u00e8ves \u00e0 la M\u00e9diath\u00e8que F. Mitterrand"},"content":{"rendered":"<p><strong>Concours Mangarun\u00a0: <\/strong><strong>Exposition des dessins de nos \u00e9l\u00e8ves <\/strong><strong>\u00e0 la M\u00e9diath\u00e8que Fran\u00e7ois Mitterrand<\/strong><\/p>\n<p>Nous avons le plaisir de vous annoncer que les dessins r\u00e9alis\u00e9s par nos \u00e9l\u00e8ves dans le cadre du concours Mangarun sont actuellement expos\u00e9s \u00e0 la m\u00e9diath\u00e8que Fran\u00e7ois Mitterrand. Cette exposition se d\u00e9roule du 29 ao\u00fbt au 11octobre 2024.<\/p>\n<p>Nous invitons les tous les \u00e9l\u00e8ves, parents et membres de la communaut\u00e9 \u00e9ducative \u00e0 venir admirer le talent et la cr\u00e9ativit\u00e9 de nos jeunes artistes. Ne manquez pas l\u2019occasion unique de d\u00e9couvrir leurs \u0153uvres et de soutenir leur passion pour le manga.<\/p>\n<p>Pour les \u00e9l\u00e8ves qui ne pourront pas se rendre \u00e0 St-Denis, pour voir l\u2019exposition, une vid\u00e9o de celle-ci sera mise \u00e0 leur disposition. Ainsi, ils pourront malgr\u00e9 tout admirer leurs \u0153uvres et celles de leurs camarades.<\/p>\n<p style=\"text-align: right\">Ra\u00efssa MAILLOT<\/p>\n<p><img loading=\"lazy\" decoding=\"async\" class=\"wp-image-5032 aligncenter\" src=\"https:\/\/etab.ac-reunion.fr\/clg-jean-lafosse\/wp-content\/uploads\/sites\/101\/2024\/09\/Expo-Mangarun-300x169.jpg\" alt=\"\" width=\"467\" height=\"263\" srcset=\"https:\/\/etab.ac-reunion.fr\/clg-jean-lafosse\/wp-content\/uploads\/sites\/101\/2024\/09\/Expo-Mangarun-300x169.jpg 300w, https:\/\/etab.ac-reunion.fr\/clg-jean-lafosse\/wp-content\/uploads\/sites\/101\/2024\/09\/Expo-Mangarun-150x84.jpg 150w, https:\/\/etab.ac-reunion.fr\/clg-jean-lafosse\/wp-content\/uploads\/sites\/101\/2024\/09\/Expo-Mangarun-250x141.jpg 250w, https:\/\/etab.ac-reunion.fr\/clg-jean-lafosse\/wp-content\/uploads\/sites\/101\/2024\/09\/Expo-Mangarun.jpg 640w\" sizes=\"auto, (max-width: 467px) 100vw, 467px\" \/><\/p>\n","protected":false},"excerpt":{"rendered":"<p>Concours Mangarun\u00a0: Exposition des dessins de nos \u00e9l\u00e8ves \u00e0 la M\u00e9diath\u00e8que Fran\u00e7ois Mitterrand Nous avons le plaisir de vous annoncer que les dessins r\u00e9alis\u00e9s par nos \u00e9l\u00e8ves dans le cadre du concours Mangarun sont actuellement expos\u00e9s \u00e0 la m\u00e9diath\u00e8que Fran\u00e7ois Mitterrand. Cette exposition se d\u00e9roule du 29 ao\u00fbt au 11octobre\u2026<\/p>\n<p> <a class=\"continue-reading-link\" href=\"https:\/\/etab.ac-reunion.fr\/clg-jean-lafosse\/concours-mangarun-exposition-des-dessins-de-nos-eleves-a-la-mediatheque-f-mitterrand\/\"><span>Lire la suite&#8230;<\/span><i class=\"crycon-right-dir\"><\/i><\/a> <\/p>\n","protected":false},"author":4586,"featured_media":0,"comment_status":"closed","ping_status":"closed","sticky":false,"template":"","format":"standard","meta":{"footnotes":""},"categories":[4],"tags":[],"class_list":["post-5031","post","type-post","status-publish","format-standard","hentry","category-actualites"],"_links":{"self":[{"href":"https:\/\/etab.ac-reunion.fr\/clg-jean-lafosse\/wp-json\/wp\/v2\/posts\/5031","targetHints":{"allow":["GET"]}}],"collection":[{"href":"https:\/\/etab.ac-reunion.fr\/clg-jean-lafosse\/wp-json\/wp\/v2\/posts"}],"about":[{"href":"https:\/\/etab.ac-reunion.fr\/clg-jean-lafosse\/wp-json\/wp\/v2\/types\/post"}],"author":[{"embeddable":true,"href":"https:\/\/etab.ac-reunion.fr\/clg-jean-lafosse\/wp-json\/wp\/v2\/users\/4586"}],"replies":[{"embeddable":true,"href":"https:\/\/etab.ac-reunion.fr\/clg-jean-lafosse\/wp-json\/wp\/v2\/comments?post=5031"}],"version-history":[{"count":1,"href":"https:\/\/etab.ac-reunion.fr\/clg-jean-lafosse\/wp-json\/wp\/v2\/posts\/5031\/revisions"}],"predecessor-version":[{"id":5033,"href":"https:\/\/etab.ac-reunion.fr\/clg-jean-lafosse\/wp-json\/wp\/v2\/posts\/5031\/revisions\/5033"}],"wp:attachment":[{"href":"https:\/\/etab.ac-reunion.fr\/clg-jean-lafosse\/wp-json\/wp\/v2\/media?parent=5031"}],"wp:term":[{"taxonomy":"category","embeddable":true,"href":"https:\/\/etab.ac-reunion.fr\/clg-jean-lafosse\/wp-json\/wp\/v2\/categories?post=5031"},{"taxonomy":"post_tag","embeddable":true,"href":"https:\/\/etab.ac-reunion.fr\/clg-jean-lafosse\/wp-json\/wp\/v2\/tags?post=5031"}],"curies":[{"name":"wp","href":"https:\/\/api.w.org\/{rel}","templated":true}]}}