{"id":582,"date":"2016-02-12T17:15:29","date_gmt":"2016-02-12T13:15:29","guid":{"rendered":"http:\/\/college-jean-lafosse.ac-reunion.fr\/?p=582"},"modified":"2016-06-05T16:41:06","modified_gmt":"2016-06-05T12:41:06","slug":"les-4eme-papaye-et-mangoustan-au-volcan","status":"publish","type":"post","link":"https:\/\/etab.ac-reunion.fr\/clg-jean-lafosse\/les-4eme-papaye-et-mangoustan-au-volcan\/","title":{"rendered":"Les 4\u00e8me Papaye et Mangoustan au volcan"},"content":{"rendered":"<p><a href=\"https:\/\/etab.ac-reunion.fr\/clg-jean-lafosse\/wp-content\/uploads\/sites\/101\/2016\/02\/Volcan_2015.jpg\" rel=\"attachment wp-att-587\"><img loading=\"lazy\" decoding=\"async\" class=\"size-medium wp-image-587 aligncenter\" src=\"https:\/\/etab.ac-reunion.fr\/clg-jean-lafosse\/wp-content\/uploads\/sites\/101\/2016\/02\/Volcan_2015-300x225.jpg\" alt=\"Volcan_2015\" width=\"300\" height=\"225\" srcset=\"https:\/\/etab.ac-reunion.fr\/clg-jean-lafosse\/wp-content\/uploads\/sites\/101\/2016\/02\/Volcan_2015-300x225.jpg 300w, https:\/\/etab.ac-reunion.fr\/clg-jean-lafosse\/wp-content\/uploads\/sites\/101\/2016\/02\/Volcan_2015.jpg 900w\" sizes=\"auto, (max-width: 300px) 100vw, 300px\" \/><\/a><\/p>\n<p>Dans le cadre des APPN, les 4\u00e8me Papaye et Mangoustan ont pu d\u00e9couvrir le magnifique site du volcan par une superbe journ\u00e9e.<\/p>\n<p>Cliquez pour d\u00e9couvrir leur p\u00e9riple:<\/p>\n<p><a href=\"http:\/\/www.dailymotion.com\/video\/x3rpq6i_des-eleves-au-volcan-2015_travel\" target=\"_blank\">Des \u00e9l\u00e8ves au Volcan_2015<\/a><br \/>\n&nbsp;<\/p>\n","protected":false},"excerpt":{"rendered":"<p>Dans le cadre des APPN, les 4\u00e8me Papaye et Mangoustan ont pu d\u00e9couvrir le magnifique site du volcan par une superbe journ\u00e9e. Cliquez pour d\u00e9couvrir leur p\u00e9riple: Des \u00e9l\u00e8ves au Volcan_2015 &nbsp;<\/p>\n<p> <a class=\"continue-reading-link\" href=\"https:\/\/etab.ac-reunion.fr\/clg-jean-lafosse\/les-4eme-papaye-et-mangoustan-au-volcan\/\"><span>Lire la suite&#8230;<\/span><i class=\"crycon-right-dir\"><\/i><\/a> <\/p>\n","protected":false},"author":3653,"featured_media":0,"comment_status":"open","ping_status":"open","sticky":false,"template":"","format":"standard","meta":{"footnotes":""},"categories":[4,9],"tags":[],"class_list":["post-582","post","type-post","status-publish","format-standard","hentry","category-actualites","category-eps"],"_links":{"self":[{"href":"https:\/\/etab.ac-reunion.fr\/clg-jean-lafosse\/wp-json\/wp\/v2\/posts\/582","targetHints":{"allow":["GET"]}}],"collection":[{"href":"https:\/\/etab.ac-reunion.fr\/clg-jean-lafosse\/wp-json\/wp\/v2\/posts"}],"about":[{"href":"https:\/\/etab.ac-reunion.fr\/clg-jean-lafosse\/wp-json\/wp\/v2\/types\/post"}],"author":[{"embeddable":true,"href":"https:\/\/etab.ac-reunion.fr\/clg-jean-lafosse\/wp-json\/wp\/v2\/users\/3653"}],"replies":[{"embeddable":true,"href":"https:\/\/etab.ac-reunion.fr\/clg-jean-lafosse\/wp-json\/wp\/v2\/comments?post=582"}],"version-history":[{"count":7,"href":"https:\/\/etab.ac-reunion.fr\/clg-jean-lafosse\/wp-json\/wp\/v2\/posts\/582\/revisions"}],"predecessor-version":[{"id":648,"href":"https:\/\/etab.ac-reunion.fr\/clg-jean-lafosse\/wp-json\/wp\/v2\/posts\/582\/revisions\/648"}],"wp:attachment":[{"href":"https:\/\/etab.ac-reunion.fr\/clg-jean-lafosse\/wp-json\/wp\/v2\/media?parent=582"}],"wp:term":[{"taxonomy":"category","embeddable":true,"href":"https:\/\/etab.ac-reunion.fr\/clg-jean-lafosse\/wp-json\/wp\/v2\/categories?post=582"},{"taxonomy":"post_tag","embeddable":true,"href":"https:\/\/etab.ac-reunion.fr\/clg-jean-lafosse\/wp-json\/wp\/v2\/tags?post=582"}],"curies":[{"name":"wp","href":"https:\/\/api.w.org\/{rel}","templated":true}]}}