{"id":668,"date":"2016-06-21T14:15:45","date_gmt":"2016-06-21T10:15:45","guid":{"rendered":"http:\/\/college-jean-lafosse.ac-reunion.fr\/?p=668"},"modified":"2016-06-21T14:16:35","modified_gmt":"2016-06-21T10:16:35","slug":"exposition-des-4eme-mangoustan","status":"publish","type":"post","link":"https:\/\/etab.ac-reunion.fr\/clg-jean-lafosse\/exposition-des-4eme-mangoustan\/","title":{"rendered":"Exposition des 4\u00e8me Mangoustan"},"content":{"rendered":"<p>Le \u00ab\u00a0Mon quartier, ma famille, ma vie\u00a0\u00bb est le troisi\u00e8me projet photographique port\u00e9 par le coll\u00e8ge Jean Lafosse. Il est le r\u00e9sultat d\u2019une politique de d\u00e9veloppement de la culture artistique aupr\u00e8s des \u00e9l\u00e8ves et les sensibilise \u00e0 une approche pratique de l\u2019\u0153uvre d\u2019art. Le projet d\u2019\u00e9tablissement favorise cette rencontre entre les \u00e9l\u00e8ves et les artistes, dans les diff\u00e9rents domaines artistiques, d\u2019autant plus que depuis deux ans, le coll\u00e8ge a ouvert sa propre galerie et re\u00e7oit diff\u00e9rentes expositions artistiques et culturelles (gravures de Philippe Turpin, panneaux c\u00e9l\u00e9brant les 20 ans des TAAF, illustrations d\u2019Elise Perly, travaux d\u2019\u00e9l\u00e8ves, etc.).<\/p>\n<p>Tout au long du premier trimestre, les \u00e9l\u00e8ves de 4e Mangoustan ont travaill\u00e9 sur la perception du quartier du Gol, d\u2019o\u00f9 viennent une majorit\u00e9 des \u00e9l\u00e8ves du coll\u00e8ge. Les \u00e9l\u00e8ves ont ainsi \u00e9labor\u00e9 un questionnaire et ont interrog\u00e9 plusieurs habitants du quartier. Ils ont \u00e9galement \u00e9nonc\u00e9 leur propre vision de leur cadre de vie et ont fait des propositions pour l\u2019am\u00e9liorer. En parall\u00e8le, ils ont fait des sorties de rep\u00e9rage dans le quartier et ont visit\u00e9 la centrale thermique du Gol. Ils ont aussi assist\u00e9 \u00e0 une conf\u00e9rence sur la photographie au Lyc\u00e9e Antoine Roussin faite par Martina Bacigalupo, photographe italienne.<\/p>\n<p>Durant les vacances de d\u00e9cembre-janvier, ils ont choisi leur lieu pr\u00e9f\u00e9r\u00e9 et celui qu\u2019ils aiment le moins dans leur quartier. L\u2019objectif est qu\u2019ils choisissent le lieu qu\u2019ils aimeraient prendre en photo.<\/p>\n<p>En f\u00e9vrier se sont d\u00e9roul\u00e9es les prises de vue. Des groupes de 5\/6 \u00e9l\u00e8ves ont \u00e9t\u00e9 constitu\u00e9s afin de faciliter la prise en charge des \u00e9l\u00e8ves lors des d\u00e9placements et pour que chacun puisse manipuler l\u2019appareil du photographe. Les prises de vues ont eu lieu en ext\u00e9rieur et les \u00e9l\u00e8ves se sont mis en sc\u00e8ne dans un lieu qu\u2019ils souhaitaient mettre en valeur. Il a donc fallu g\u00e9rer la lumi\u00e8re, la m\u00e9t\u00e9o, les personnes mobiles, etc. puisque le travail \u00e9tait fait en ext\u00e9rieur.<\/p>\n<p>Chaque \u00e9l\u00e8ve a \u00e9t\u00e9 tour \u00e0 tour photographe et sujet. Le photographe a accompagn\u00e9 chaque photographe et l\u2019a guid\u00e9, par ses conseils, dans la mise en situation de chaque sujet. Il a insist\u00e9 particuli\u00e8rement sur les notions de plan, de luminosit\u00e9, de cadrage, d\u2019expression du visage et de posture.<\/p>\n<p>Enfin, les \u00e9l\u00e8ves ont eu un rapide aper\u00e7u du travail de post-production pour leur montrer qu\u2019un photographe ne faisait pas que de la prise de vue. Ils ont ainsi pu voir les \u00e9tapes de \u00ab\u00a0cr\u00e9ation\u00a0\u00bb d\u2019une photographie. Le r\u00e9sultat final a \u00e9t\u00e9 expos\u00e9 en mai dans la salle d\u2019exposition du Coll\u00e8ge Jean Lafosse puis en septembre \u00e0 la salle Moulin Ma\u00efs et vous pouvez voir quelques unes des photos prises lors de cet atelier.<\/p>\n<p><a href=\"https:\/\/etab.ac-reunion.fr\/clg-jean-lafosse\/wp-content\/uploads\/sites\/101\/2016\/06\/photo-damandine.jpg\"><img loading=\"lazy\" decoding=\"async\" class=\"wp-image-670 size-thumbnail alignleft\" src=\"https:\/\/etab.ac-reunion.fr\/clg-jean-lafosse\/wp-content\/uploads\/sites\/101\/2016\/06\/photo-damandine-150x150.jpg\" width=\"150\" height=\"150\" srcset=\"https:\/\/etab.ac-reunion.fr\/clg-jean-lafosse\/wp-content\/uploads\/sites\/101\/2016\/06\/photo-damandine-150x150.jpg 150w, https:\/\/etab.ac-reunion.fr\/clg-jean-lafosse\/wp-content\/uploads\/sites\/101\/2016\/06\/photo-damandine-48x48.jpg 48w, https:\/\/etab.ac-reunion.fr\/clg-jean-lafosse\/wp-content\/uploads\/sites\/101\/2016\/06\/photo-damandine-186x186.jpg 186w, https:\/\/etab.ac-reunion.fr\/clg-jean-lafosse\/wp-content\/uploads\/sites\/101\/2016\/06\/photo-damandine-184x184.jpg 184w\" sizes=\"auto, (max-width: 150px) 100vw, 150px\" \/><\/a><\/p>\n<p><a href=\"https:\/\/etab.ac-reunion.fr\/clg-jean-lafosse\/wp-content\/uploads\/sites\/101\/2016\/06\/photo-d\u00e9lena.jpg\"><img loading=\"lazy\" decoding=\"async\" class=\"wp-image-671 size-thumbnail alignleft\" src=\"https:\/\/etab.ac-reunion.fr\/clg-jean-lafosse\/wp-content\/uploads\/sites\/101\/2016\/06\/photo-d\u00e9lena-150x150.jpg\" width=\"150\" height=\"150\" srcset=\"https:\/\/etab.ac-reunion.fr\/clg-jean-lafosse\/wp-content\/uploads\/sites\/101\/2016\/06\/photo-d\u00e9lena-150x150.jpg 150w, https:\/\/etab.ac-reunion.fr\/clg-jean-lafosse\/wp-content\/uploads\/sites\/101\/2016\/06\/photo-d\u00e9lena-48x48.jpg 48w, https:\/\/etab.ac-reunion.fr\/clg-jean-lafosse\/wp-content\/uploads\/sites\/101\/2016\/06\/photo-d\u00e9lena-186x186.jpg 186w, https:\/\/etab.ac-reunion.fr\/clg-jean-lafosse\/wp-content\/uploads\/sites\/101\/2016\/06\/photo-d\u00e9lena-184x184.jpg 184w\" sizes=\"auto, (max-width: 150px) 100vw, 150px\" \/><\/a><\/p>\n<p><a href=\"https:\/\/etab.ac-reunion.fr\/clg-jean-lafosse\/wp-content\/uploads\/sites\/101\/2016\/06\/expo-photo-de-groupe.jpg\"><img loading=\"lazy\" decoding=\"async\" class=\"wp-image-669 size-thumbnail alignleft\" src=\"https:\/\/etab.ac-reunion.fr\/clg-jean-lafosse\/wp-content\/uploads\/sites\/101\/2016\/06\/expo-photo-de-groupe-150x150.jpg\" width=\"150\" height=\"150\" srcset=\"https:\/\/etab.ac-reunion.fr\/clg-jean-lafosse\/wp-content\/uploads\/sites\/101\/2016\/06\/expo-photo-de-groupe-150x150.jpg 150w, https:\/\/etab.ac-reunion.fr\/clg-jean-lafosse\/wp-content\/uploads\/sites\/101\/2016\/06\/expo-photo-de-groupe-48x48.jpg 48w, https:\/\/etab.ac-reunion.fr\/clg-jean-lafosse\/wp-content\/uploads\/sites\/101\/2016\/06\/expo-photo-de-groupe-186x186.jpg 186w, https:\/\/etab.ac-reunion.fr\/clg-jean-lafosse\/wp-content\/uploads\/sites\/101\/2016\/06\/expo-photo-de-groupe-184x184.jpg 184w\" sizes=\"auto, (max-width: 150px) 100vw, 150px\" \/><\/a><\/p>\n<p>&nbsp;<\/p>\n<p>&nbsp;<\/p>\n<p>&nbsp;<\/p>\n<p>&nbsp;<\/p>\n<p>&nbsp;<\/p>\n<p>&nbsp;<\/p>\n<p><strong>Texte et photos<\/strong>: M. Fossard<\/p>\n","protected":false},"excerpt":{"rendered":"<p>Le \u00ab\u00a0Mon quartier, ma famille, ma vie\u00a0\u00bb est le troisi\u00e8me projet photographique port\u00e9 par le coll\u00e8ge Jean Lafosse. Il est le r\u00e9sultat d\u2019une politique de d\u00e9veloppement de la culture artistique aupr\u00e8s des \u00e9l\u00e8ves et les sensibilise \u00e0 une approche pratique de l\u2019\u0153uvre d\u2019art. Le projet d\u2019\u00e9tablissement favorise cette rencontre entre\u2026<\/p>\n<p> <a class=\"continue-reading-link\" href=\"https:\/\/etab.ac-reunion.fr\/clg-jean-lafosse\/exposition-des-4eme-mangoustan\/\"><span>Lire la suite&#8230;<\/span><i class=\"crycon-right-dir\"><\/i><\/a> <\/p>\n","protected":false},"author":3653,"featured_media":0,"comment_status":"open","ping_status":"open","sticky":false,"template":"","format":"standard","meta":{"footnotes":""},"categories":[4,10],"tags":[],"class_list":["post-668","post","type-post","status-publish","format-standard","hentry","category-actualites","category-francais"],"_links":{"self":[{"href":"https:\/\/etab.ac-reunion.fr\/clg-jean-lafosse\/wp-json\/wp\/v2\/posts\/668","targetHints":{"allow":["GET"]}}],"collection":[{"href":"https:\/\/etab.ac-reunion.fr\/clg-jean-lafosse\/wp-json\/wp\/v2\/posts"}],"about":[{"href":"https:\/\/etab.ac-reunion.fr\/clg-jean-lafosse\/wp-json\/wp\/v2\/types\/post"}],"author":[{"embeddable":true,"href":"https:\/\/etab.ac-reunion.fr\/clg-jean-lafosse\/wp-json\/wp\/v2\/users\/3653"}],"replies":[{"embeddable":true,"href":"https:\/\/etab.ac-reunion.fr\/clg-jean-lafosse\/wp-json\/wp\/v2\/comments?post=668"}],"version-history":[{"count":1,"href":"https:\/\/etab.ac-reunion.fr\/clg-jean-lafosse\/wp-json\/wp\/v2\/posts\/668\/revisions"}],"predecessor-version":[{"id":672,"href":"https:\/\/etab.ac-reunion.fr\/clg-jean-lafosse\/wp-json\/wp\/v2\/posts\/668\/revisions\/672"}],"wp:attachment":[{"href":"https:\/\/etab.ac-reunion.fr\/clg-jean-lafosse\/wp-json\/wp\/v2\/media?parent=668"}],"wp:term":[{"taxonomy":"category","embeddable":true,"href":"https:\/\/etab.ac-reunion.fr\/clg-jean-lafosse\/wp-json\/wp\/v2\/categories?post=668"},{"taxonomy":"post_tag","embeddable":true,"href":"https:\/\/etab.ac-reunion.fr\/clg-jean-lafosse\/wp-json\/wp\/v2\/tags?post=668"}],"curies":[{"name":"wp","href":"https:\/\/api.w.org\/{rel}","templated":true}]}}