{"id":878,"date":"2016-11-04T16:33:52","date_gmt":"2016-11-04T12:33:52","guid":{"rendered":"http:\/\/college-jean-lafosse.ac-reunion.fr\/?p=878"},"modified":"2016-11-04T16:45:36","modified_gmt":"2016-11-04T12:45:36","slug":"exposition-diles-en-eles","status":"publish","type":"post","link":"https:\/\/etab.ac-reunion.fr\/clg-jean-lafosse\/exposition-diles-en-eles\/","title":{"rendered":"Exposition D&rsquo;\u00eel(es en Elle(s"},"content":{"rendered":"<p>Vous pouvez voir en salle d&rsquo;exposition les \u0153uvres de Jean-Marc Lacaze.<\/p>\n<p>Voici une pr\u00e9sentation de son travail: <a href=\"https:\/\/etab.ac-reunion.fr\/clg-jean-lafosse\/wp-content\/uploads\/sites\/101\/2016\/11\/D\u00eeles-en-Elles.pdf\" target=\"_blank\">diles-en-elles <\/a>et quelques photos en avant-go\u00fbt:<\/p>\n<p><a href=\"https:\/\/etab.ac-reunion.fr\/clg-jean-lafosse\/wp-content\/uploads\/sites\/101\/2016\/11\/IlesEnElle1.png\"><img loading=\"lazy\" decoding=\"async\" class=\"size-thumbnail wp-image-882 alignleft\" src=\"https:\/\/etab.ac-reunion.fr\/clg-jean-lafosse\/wp-content\/uploads\/sites\/101\/2016\/11\/IlesEnElle1-150x150.png\" alt=\"ilesenelle1\" width=\"150\" height=\"150\" srcset=\"https:\/\/etab.ac-reunion.fr\/clg-jean-lafosse\/wp-content\/uploads\/sites\/101\/2016\/11\/IlesEnElle1-150x150.png 150w, https:\/\/etab.ac-reunion.fr\/clg-jean-lafosse\/wp-content\/uploads\/sites\/101\/2016\/11\/IlesEnElle1-48x48.png 48w, https:\/\/etab.ac-reunion.fr\/clg-jean-lafosse\/wp-content\/uploads\/sites\/101\/2016\/11\/IlesEnElle1-186x186.png 186w, https:\/\/etab.ac-reunion.fr\/clg-jean-lafosse\/wp-content\/uploads\/sites\/101\/2016\/11\/IlesEnElle1-184x184.png 184w\" sizes=\"auto, (max-width: 150px) 100vw, 150px\" \/><\/a> <a href=\"https:\/\/etab.ac-reunion.fr\/clg-jean-lafosse\/wp-content\/uploads\/sites\/101\/2016\/11\/IlesEnElle2.jpg\"><img loading=\"lazy\" decoding=\"async\" class=\"size-thumbnail wp-image-883 alignleft\" src=\"https:\/\/etab.ac-reunion.fr\/clg-jean-lafosse\/wp-content\/uploads\/sites\/101\/2016\/11\/IlesEnElle2-150x150.jpg\" alt=\"ilesenelle2\" width=\"150\" height=\"150\" srcset=\"https:\/\/etab.ac-reunion.fr\/clg-jean-lafosse\/wp-content\/uploads\/sites\/101\/2016\/11\/IlesEnElle2-150x150.jpg 150w, https:\/\/etab.ac-reunion.fr\/clg-jean-lafosse\/wp-content\/uploads\/sites\/101\/2016\/11\/IlesEnElle2-48x48.jpg 48w, https:\/\/etab.ac-reunion.fr\/clg-jean-lafosse\/wp-content\/uploads\/sites\/101\/2016\/11\/IlesEnElle2-186x186.jpg 186w, https:\/\/etab.ac-reunion.fr\/clg-jean-lafosse\/wp-content\/uploads\/sites\/101\/2016\/11\/IlesEnElle2-184x184.jpg 184w\" sizes=\"auto, (max-width: 150px) 100vw, 150px\" \/><\/a> <a href=\"https:\/\/etab.ac-reunion.fr\/clg-jean-lafosse\/wp-content\/uploads\/sites\/101\/2016\/11\/IlesEnElle3.jpg\"><img loading=\"lazy\" decoding=\"async\" class=\"size-thumbnail wp-image-884 alignleft\" src=\"https:\/\/etab.ac-reunion.fr\/clg-jean-lafosse\/wp-content\/uploads\/sites\/101\/2016\/11\/IlesEnElle3-150x150.jpg\" alt=\"ilesenelle3\" width=\"150\" height=\"150\" srcset=\"https:\/\/etab.ac-reunion.fr\/clg-jean-lafosse\/wp-content\/uploads\/sites\/101\/2016\/11\/IlesEnElle3-150x150.jpg 150w, https:\/\/etab.ac-reunion.fr\/clg-jean-lafosse\/wp-content\/uploads\/sites\/101\/2016\/11\/IlesEnElle3-48x48.jpg 48w, https:\/\/etab.ac-reunion.fr\/clg-jean-lafosse\/wp-content\/uploads\/sites\/101\/2016\/11\/IlesEnElle3-186x186.jpg 186w, https:\/\/etab.ac-reunion.fr\/clg-jean-lafosse\/wp-content\/uploads\/sites\/101\/2016\/11\/IlesEnElle3-184x184.jpg 184w\" sizes=\"auto, (max-width: 150px) 100vw, 150px\" \/><\/a><\/p>\n","protected":false},"excerpt":{"rendered":"<p>Vous pouvez voir en salle d&rsquo;exposition les \u0153uvres de Jean-Marc Lacaze. Voici une pr\u00e9sentation de son travail: diles-en-elles et quelques photos en avant-go\u00fbt:<\/p>\n<p> <a class=\"continue-reading-link\" href=\"https:\/\/etab.ac-reunion.fr\/clg-jean-lafosse\/exposition-diles-en-eles\/\"><span>Lire la suite&#8230;<\/span><i class=\"crycon-right-dir\"><\/i><\/a> <\/p>\n","protected":false},"author":3653,"featured_media":0,"comment_status":"open","ping_status":"open","sticky":false,"template":"","format":"standard","meta":{"footnotes":""},"categories":[4,12],"tags":[],"class_list":["post-878","post","type-post","status-publish","format-standard","hentry","category-actualites","category-cdi"],"_links":{"self":[{"href":"https:\/\/etab.ac-reunion.fr\/clg-jean-lafosse\/wp-json\/wp\/v2\/posts\/878","targetHints":{"allow":["GET"]}}],"collection":[{"href":"https:\/\/etab.ac-reunion.fr\/clg-jean-lafosse\/wp-json\/wp\/v2\/posts"}],"about":[{"href":"https:\/\/etab.ac-reunion.fr\/clg-jean-lafosse\/wp-json\/wp\/v2\/types\/post"}],"author":[{"embeddable":true,"href":"https:\/\/etab.ac-reunion.fr\/clg-jean-lafosse\/wp-json\/wp\/v2\/users\/3653"}],"replies":[{"embeddable":true,"href":"https:\/\/etab.ac-reunion.fr\/clg-jean-lafosse\/wp-json\/wp\/v2\/comments?post=878"}],"version-history":[{"count":5,"href":"https:\/\/etab.ac-reunion.fr\/clg-jean-lafosse\/wp-json\/wp\/v2\/posts\/878\/revisions"}],"predecessor-version":[{"id":889,"href":"https:\/\/etab.ac-reunion.fr\/clg-jean-lafosse\/wp-json\/wp\/v2\/posts\/878\/revisions\/889"}],"wp:attachment":[{"href":"https:\/\/etab.ac-reunion.fr\/clg-jean-lafosse\/wp-json\/wp\/v2\/media?parent=878"}],"wp:term":[{"taxonomy":"category","embeddable":true,"href":"https:\/\/etab.ac-reunion.fr\/clg-jean-lafosse\/wp-json\/wp\/v2\/categories?post=878"},{"taxonomy":"post_tag","embeddable":true,"href":"https:\/\/etab.ac-reunion.fr\/clg-jean-lafosse\/wp-json\/wp\/v2\/tags?post=878"}],"curies":[{"name":"wp","href":"https:\/\/api.w.org\/{rel}","templated":true}]}}