{"id":15487,"date":"2023-12-13T11:06:19","date_gmt":"2023-12-13T07:06:19","guid":{"rendered":"https:\/\/etab.ac-reunion.fr\/clg-joseph-bedier\/?p=15487"},"modified":"2023-12-13T11:07:21","modified_gmt":"2023-12-13T07:07:21","slug":"productions-sur-la-laicite","status":"publish","type":"post","link":"https:\/\/etab.ac-reunion.fr\/clg-joseph-bedier\/productions-sur-la-laicite\/","title":{"rendered":"Productions sur la La\u00cfcit\u00e9"},"content":{"rendered":"\n<p class=\"has-medium-font-size\">  Les productions engag\u00e9es des \u00e9l\u00e8ves de l\u2019atelier arts plastiques sur la th\u00e9matique de la La\u00efcit\u00e9 sont visibles dans la cour de notre \u00e9tablissement.<\/p>\n\n\n\n<p class=\"has-medium-font-size\">Bravo \u00e0 tous pour votre engagement citoyen\u00a0!!!<\/p>\n\n\n\n<p class=\"has-medium-font-size\">Projet citoyen port\u00e9 par Mme Duchemann\u00a0<\/p>\n\n\n\n<figure class=\"wp-block-gallery has-nested-images columns-default is-cropped wp-block-gallery-2 is-layout-flex wp-block-gallery-is-layout-flex\">\n<figure class=\"wp-block-image size-large\"><img loading=\"lazy\" decoding=\"async\" width=\"1024\" height=\"768\" data-id=\"15493\" src=\"https:\/\/etab.ac-reunion.fr\/clg-joseph-bedier\/wp-content\/uploads\/sites\/79\/2023\/12\/IMG_1948-1024x768.jpg\" alt=\"\" class=\"wp-image-15493\" srcset=\"https:\/\/etab.ac-reunion.fr\/clg-joseph-bedier\/wp-content\/uploads\/sites\/79\/2023\/12\/IMG_1948-980x735.jpg 980w, https:\/\/etab.ac-reunion.fr\/clg-joseph-bedier\/wp-content\/uploads\/sites\/79\/2023\/12\/IMG_1948-480x360.jpg 480w\" sizes=\"(min-width: 0px) and (max-width: 480px) 480px, (min-width: 481px) and (max-width: 980px) 980px, (min-width: 981px) 1024px, 100vw\" \/><\/figure>\n\n\n\n<figure class=\"wp-block-image size-large\"><img loading=\"lazy\" decoding=\"async\" width=\"1024\" height=\"768\" data-id=\"15492\" src=\"https:\/\/etab.ac-reunion.fr\/clg-joseph-bedier\/wp-content\/uploads\/sites\/79\/2023\/12\/IMG_1955-1024x768.jpg\" alt=\"\" class=\"wp-image-15492\" srcset=\"https:\/\/etab.ac-reunion.fr\/clg-joseph-bedier\/wp-content\/uploads\/sites\/79\/2023\/12\/IMG_1955-980x735.jpg 980w, https:\/\/etab.ac-reunion.fr\/clg-joseph-bedier\/wp-content\/uploads\/sites\/79\/2023\/12\/IMG_1955-480x360.jpg 480w\" sizes=\"(min-width: 0px) and (max-width: 480px) 480px, (min-width: 481px) and (max-width: 980px) 980px, (min-width: 981px) 1024px, 100vw\" \/><\/figure>\n\n\n\n<figure class=\"wp-block-image size-large\"><img loading=\"lazy\" decoding=\"async\" width=\"1024\" height=\"768\" data-id=\"15489\" src=\"https:\/\/etab.ac-reunion.fr\/clg-joseph-bedier\/wp-content\/uploads\/sites\/79\/2023\/12\/IMG_1949-1024x768.jpg\" alt=\"\" class=\"wp-image-15489\" srcset=\"https:\/\/etab.ac-reunion.fr\/clg-joseph-bedier\/wp-content\/uploads\/sites\/79\/2023\/12\/IMG_1949-980x735.jpg 980w, https:\/\/etab.ac-reunion.fr\/clg-joseph-bedier\/wp-content\/uploads\/sites\/79\/2023\/12\/IMG_1949-480x360.jpg 480w\" sizes=\"(min-width: 0px) and (max-width: 480px) 480px, (min-width: 481px) and (max-width: 980px) 980px, (min-width: 981px) 1024px, 100vw\" \/><\/figure>\n\n\n\n<figure class=\"wp-block-image size-large\"><img loading=\"lazy\" decoding=\"async\" width=\"1024\" height=\"768\" data-id=\"15491\" src=\"https:\/\/etab.ac-reunion.fr\/clg-joseph-bedier\/wp-content\/uploads\/sites\/79\/2023\/12\/IMG_1953-1024x768.jpg\" alt=\"\" class=\"wp-image-15491\" srcset=\"https:\/\/etab.ac-reunion.fr\/clg-joseph-bedier\/wp-content\/uploads\/sites\/79\/2023\/12\/IMG_1953-980x735.jpg 980w, https:\/\/etab.ac-reunion.fr\/clg-joseph-bedier\/wp-content\/uploads\/sites\/79\/2023\/12\/IMG_1953-480x360.jpg 480w\" sizes=\"(min-width: 0px) and (max-width: 480px) 480px, (min-width: 481px) and (max-width: 980px) 980px, (min-width: 981px) 1024px, 100vw\" \/><\/figure>\n\n\n\n<figure class=\"wp-block-image size-large\"><img loading=\"lazy\" decoding=\"async\" width=\"1024\" height=\"768\" data-id=\"15490\" src=\"https:\/\/etab.ac-reunion.fr\/clg-joseph-bedier\/wp-content\/uploads\/sites\/79\/2023\/12\/IMG_1954-1024x768.jpg\" alt=\"\" class=\"wp-image-15490\" srcset=\"https:\/\/etab.ac-reunion.fr\/clg-joseph-bedier\/wp-content\/uploads\/sites\/79\/2023\/12\/IMG_1954-980x735.jpg 980w, https:\/\/etab.ac-reunion.fr\/clg-joseph-bedier\/wp-content\/uploads\/sites\/79\/2023\/12\/IMG_1954-480x360.jpg 480w\" sizes=\"(min-width: 0px) and (max-width: 480px) 480px, (min-width: 481px) and (max-width: 980px) 980px, (min-width: 981px) 1024px, 100vw\" \/><\/figure>\n\n\n\n<figure class=\"wp-block-image size-large\"><img loading=\"lazy\" decoding=\"async\" width=\"1024\" height=\"768\" data-id=\"15488\" src=\"https:\/\/etab.ac-reunion.fr\/clg-joseph-bedier\/wp-content\/uploads\/sites\/79\/2023\/12\/IMG_1956-1024x768.jpg\" alt=\"\" class=\"wp-image-15488\" srcset=\"https:\/\/etab.ac-reunion.fr\/clg-joseph-bedier\/wp-content\/uploads\/sites\/79\/2023\/12\/IMG_1956-980x735.jpg 980w, https:\/\/etab.ac-reunion.fr\/clg-joseph-bedier\/wp-content\/uploads\/sites\/79\/2023\/12\/IMG_1956-480x360.jpg 480w\" sizes=\"(min-width: 0px) and (max-width: 480px) 480px, (min-width: 481px) and (max-width: 980px) 980px, (min-width: 981px) 1024px, 100vw\" \/><\/figure>\n\n\n\n<figure class=\"wp-block-image size-large\"><img loading=\"lazy\" decoding=\"async\" width=\"1024\" height=\"768\" data-id=\"15494\" src=\"https:\/\/etab.ac-reunion.fr\/clg-joseph-bedier\/wp-content\/uploads\/sites\/79\/2023\/12\/IMG_1950-1024x768.jpg\" alt=\"\" class=\"wp-image-15494\" srcset=\"https:\/\/etab.ac-reunion.fr\/clg-joseph-bedier\/wp-content\/uploads\/sites\/79\/2023\/12\/IMG_1950-980x735.jpg 980w, https:\/\/etab.ac-reunion.fr\/clg-joseph-bedier\/wp-content\/uploads\/sites\/79\/2023\/12\/IMG_1950-480x360.jpg 480w\" sizes=\"(min-width: 0px) and (max-width: 480px) 480px, (min-width: 481px) and (max-width: 980px) 980px, (min-width: 981px) 1024px, 100vw\" \/><\/figure>\n\n\n\n<figure class=\"wp-block-image size-large\"><img loading=\"lazy\" decoding=\"async\" width=\"1024\" height=\"768\" data-id=\"15495\" src=\"https:\/\/etab.ac-reunion.fr\/clg-joseph-bedier\/wp-content\/uploads\/sites\/79\/2023\/12\/IMG_1952-1024x768.jpg\" alt=\"\" class=\"wp-image-15495\" srcset=\"https:\/\/etab.ac-reunion.fr\/clg-joseph-bedier\/wp-content\/uploads\/sites\/79\/2023\/12\/IMG_1952-980x735.jpg 980w, https:\/\/etab.ac-reunion.fr\/clg-joseph-bedier\/wp-content\/uploads\/sites\/79\/2023\/12\/IMG_1952-480x360.jpg 480w\" sizes=\"(min-width: 0px) and (max-width: 480px) 480px, (min-width: 481px) and (max-width: 980px) 980px, (min-width: 981px) 1024px, 100vw\" \/><\/figure>\n\n\n\n<figure class=\"wp-block-image size-large\"><img loading=\"lazy\" decoding=\"async\" width=\"1024\" height=\"768\" data-id=\"15496\" src=\"https:\/\/etab.ac-reunion.fr\/clg-joseph-bedier\/wp-content\/uploads\/sites\/79\/2023\/12\/IMG_1947-1024x768.jpg\" alt=\"\" class=\"wp-image-15496\" srcset=\"https:\/\/etab.ac-reunion.fr\/clg-joseph-bedier\/wp-content\/uploads\/sites\/79\/2023\/12\/IMG_1947-980x735.jpg 980w, https:\/\/etab.ac-reunion.fr\/clg-joseph-bedier\/wp-content\/uploads\/sites\/79\/2023\/12\/IMG_1947-480x360.jpg 480w\" sizes=\"(min-width: 0px) and (max-width: 480px) 480px, (min-width: 481px) and (max-width: 980px) 980px, (min-width: 981px) 1024px, 100vw\" \/><\/figure>\n\n\n\n<figure class=\"wp-block-image size-large\"><img loading=\"lazy\" decoding=\"async\" width=\"1024\" height=\"768\" data-id=\"15497\" src=\"https:\/\/etab.ac-reunion.fr\/clg-joseph-bedier\/wp-content\/uploads\/sites\/79\/2023\/12\/IMG_1951-1024x768.jpg\" alt=\"\" class=\"wp-image-15497\" srcset=\"https:\/\/etab.ac-reunion.fr\/clg-joseph-bedier\/wp-content\/uploads\/sites\/79\/2023\/12\/IMG_1951-980x735.jpg 980w, https:\/\/etab.ac-reunion.fr\/clg-joseph-bedier\/wp-content\/uploads\/sites\/79\/2023\/12\/IMG_1951-480x360.jpg 480w\" sizes=\"(min-width: 0px) and (max-width: 480px) 480px, (min-width: 481px) and (max-width: 980px) 980px, (min-width: 981px) 1024px, 100vw\" \/><\/figure>\n<\/figure>\n","protected":false},"excerpt":{"rendered":"<p>Les productions engag\u00e9es des \u00e9l\u00e8ves de l\u2019atelier arts plastiques sur la th\u00e9matique de la La\u00efcit\u00e9 sont visibles dans la cour de notre \u00e9tablissement. Bravo \u00e0 tous pour votre engagement citoyen\u00a0!!! [&hellip;]<\/p>\n","protected":false},"author":1583,"featured_media":0,"comment_status":"closed","ping_status":"closed","sticky":false,"template":"","format":"standard","meta":{"_et_pb_use_builder":"off","_et_pb_old_content":"","_et_gb_content_width":"","footnotes":"","_links_to":"","_links_to_target":""},"categories":[207],"tags":[],"class_list":["post-15487","post","type-post","status-publish","format-standard","hentry","category-parcours-citoyen"],"_links":{"self":[{"href":"https:\/\/etab.ac-reunion.fr\/clg-joseph-bedier\/wp-json\/wp\/v2\/posts\/15487","targetHints":{"allow":["GET"]}}],"collection":[{"href":"https:\/\/etab.ac-reunion.fr\/clg-joseph-bedier\/wp-json\/wp\/v2\/posts"}],"about":[{"href":"https:\/\/etab.ac-reunion.fr\/clg-joseph-bedier\/wp-json\/wp\/v2\/types\/post"}],"author":[{"embeddable":true,"href":"https:\/\/etab.ac-reunion.fr\/clg-joseph-bedier\/wp-json\/wp\/v2\/users\/1583"}],"replies":[{"embeddable":true,"href":"https:\/\/etab.ac-reunion.fr\/clg-joseph-bedier\/wp-json\/wp\/v2\/comments?post=15487"}],"version-history":[{"count":1,"href":"https:\/\/etab.ac-reunion.fr\/clg-joseph-bedier\/wp-json\/wp\/v2\/posts\/15487\/revisions"}],"predecessor-version":[{"id":15498,"href":"https:\/\/etab.ac-reunion.fr\/clg-joseph-bedier\/wp-json\/wp\/v2\/posts\/15487\/revisions\/15498"}],"wp:attachment":[{"href":"https:\/\/etab.ac-reunion.fr\/clg-joseph-bedier\/wp-json\/wp\/v2\/media?parent=15487"}],"wp:term":[{"taxonomy":"category","embeddable":true,"href":"https:\/\/etab.ac-reunion.fr\/clg-joseph-bedier\/wp-json\/wp\/v2\/categories?post=15487"},{"taxonomy":"post_tag","embeddable":true,"href":"https:\/\/etab.ac-reunion.fr\/clg-joseph-bedier\/wp-json\/wp\/v2\/tags?post=15487"}],"curies":[{"name":"wp","href":"https:\/\/api.w.org\/{rel}","templated":true}]}}