{"id":20962,"date":"2026-03-29T18:36:14","date_gmt":"2026-03-29T14:36:14","guid":{"rendered":"https:\/\/etab.ac-reunion.fr\/clg-joseph-bedier\/?p=20962"},"modified":"2026-03-29T18:36:15","modified_gmt":"2026-03-29T14:36:15","slug":"semaine-des-langues-2026","status":"publish","type":"post","link":"https:\/\/etab.ac-reunion.fr\/clg-joseph-bedier\/semaine-des-langues-2026\/","title":{"rendered":"Semaine des langues 2026"},"content":{"rendered":"\n[et_pb_section fb_built=\u00a0\u00bb1&Prime; theme_builder_area=\u00a0\u00bbpost_content\u00a0\u00bb _builder_version=\u00a0\u00bb4.27.6&Prime; _module_preset=\u00a0\u00bbdefault\u00a0\u00bb][et_pb_row _builder_version=\u00a0\u00bb4.27.6&Prime; _module_preset=\u00a0\u00bbdefault\u00a0\u00bb theme_builder_area=\u00a0\u00bbpost_content\u00a0\u00bb][et_pb_column _builder_version=\u00a0\u00bb4.27.6&Prime; _module_preset=\u00a0\u00bbdefault\u00a0\u00bb type=\u00a0\u00bb4_4&Prime; theme_builder_area=\u00a0\u00bbpost_content\u00a0\u00bb][et_pb_text _builder_version=\u00a0\u00bb4.27.6&Prime; _module_preset=\u00a0\u00bbdefault\u00a0\u00bb theme_builder_area=\u00a0\u00bbpost_content\u00a0\u00bb text_text_color=\u00a0\u00bb#0047E0&Prime; text_line_height=\u00a0\u00bb2em\u00a0\u00bb text_font_size=\u00a0\u00bb21px\u00a0\u00bb text_orientation=\u00a0\u00bbcenter\u00a0\u00bb hover_enabled=\u00a0\u00bb0&Prime; sticky_enabled=\u00a0\u00bb0&Prime;]<p>La semaine derni\u00e8re s&rsquo;est tenue la semaine des langues 2026.<\/p>\n<p>Le coll\u00e8ge s&rsquo;est par\u00e9 des diff\u00e9rents drapeaux, et les \u00e9l\u00e8ves ont pu assister \u00e0 diff\u00e9rents ateliers sur les langues parl\u00e9es dans le monde.<\/p>\n<p>Un grand merci \u00e0 tous les personnels ayant permis cette manifestation, ainsi qu&rsquo;aux \u00e9l\u00e8ves animateurs.<\/p>[\/et_pb_text][et_pb_gallery _builder_version=\u00a0\u00bb4.27.6&Prime; _module_preset=\u00a0\u00bbdefault\u00a0\u00bb theme_builder_area=\u00a0\u00bbpost_content\u00a0\u00bb gallery_ids=\u00a0\u00bb20965,20966,20967,20968,20972,20990,20991,20977,20973,20974,20975,20976,20978,20979,20980,20981,20982,20983,20984,20985,20986,20987,20988,20989&Prime; posts_number=\u00a0\u00bb30&Prime; show_title_and_caption=\u00a0\u00bboff\u00a0\u00bb show_pagination=\u00a0\u00bboff\u00a0\u00bb hover_enabled=\u00a0\u00bb0&Prime; sticky_enabled=\u00a0\u00bb0&Prime;][\/et_pb_gallery][\/et_pb_column][\/et_pb_row][\/et_pb_section]\n","protected":false},"excerpt":{"rendered":"<p>La semaine derni\u00e8re s&rsquo;est tenue la semaine des langues 2026. Le coll\u00e8ge s&rsquo;est par\u00e9 des diff\u00e9rents drapeaux, et les \u00e9l\u00e8ves ont pu assister \u00e0 diff\u00e9rents ateliers sur les langues parl\u00e9es [&hellip;]<\/p>\n","protected":false},"author":24375,"featured_media":20965,"comment_status":"closed","ping_status":"closed","sticky":false,"template":"","format":"standard","meta":{"_et_pb_use_builder":"on","_et_pb_old_content":"","_et_gb_content_width":"","footnotes":"","_links_to":"","_links_to_target":""},"categories":[407,189],"tags":[],"class_list":["post-20962","post","type-post","status-publish","format-standard","has-post-thumbnail","hentry","category-sem-langue26","category-vie-de-letablissement"],"_links":{"self":[{"href":"https:\/\/etab.ac-reunion.fr\/clg-joseph-bedier\/wp-json\/wp\/v2\/posts\/20962","targetHints":{"allow":["GET"]}}],"collection":[{"href":"https:\/\/etab.ac-reunion.fr\/clg-joseph-bedier\/wp-json\/wp\/v2\/posts"}],"about":[{"href":"https:\/\/etab.ac-reunion.fr\/clg-joseph-bedier\/wp-json\/wp\/v2\/types\/post"}],"author":[{"embeddable":true,"href":"https:\/\/etab.ac-reunion.fr\/clg-joseph-bedier\/wp-json\/wp\/v2\/users\/24375"}],"replies":[{"embeddable":true,"href":"https:\/\/etab.ac-reunion.fr\/clg-joseph-bedier\/wp-json\/wp\/v2\/comments?post=20962"}],"version-history":[{"count":3,"href":"https:\/\/etab.ac-reunion.fr\/clg-joseph-bedier\/wp-json\/wp\/v2\/posts\/20962\/revisions"}],"predecessor-version":[{"id":20994,"href":"https:\/\/etab.ac-reunion.fr\/clg-joseph-bedier\/wp-json\/wp\/v2\/posts\/20962\/revisions\/20994"}],"wp:featuredmedia":[{"embeddable":true,"href":"https:\/\/etab.ac-reunion.fr\/clg-joseph-bedier\/wp-json\/wp\/v2\/media\/20965"}],"wp:attachment":[{"href":"https:\/\/etab.ac-reunion.fr\/clg-joseph-bedier\/wp-json\/wp\/v2\/media?parent=20962"}],"wp:term":[{"taxonomy":"category","embeddable":true,"href":"https:\/\/etab.ac-reunion.fr\/clg-joseph-bedier\/wp-json\/wp\/v2\/categories?post=20962"},{"taxonomy":"post_tag","embeddable":true,"href":"https:\/\/etab.ac-reunion.fr\/clg-joseph-bedier\/wp-json\/wp\/v2\/tags?post=20962"}],"curies":[{"name":"wp","href":"https:\/\/api.w.org\/{rel}","templated":true}]}}