{"id":21281,"date":"2026-04-28T21:24:49","date_gmt":"2026-04-28T17:24:49","guid":{"rendered":"https:\/\/etab.ac-reunion.fr\/clg-joseph-bedier\/?p=21281"},"modified":"2026-04-28T21:27:41","modified_gmt":"2026-04-28T17:27:41","slug":"saisie-des-voeux-definitifs-orientation-3e","status":"publish","type":"post","link":"https:\/\/etab.ac-reunion.fr\/clg-joseph-bedier\/saisie-des-voeux-definitifs-orientation-3e\/","title":{"rendered":"Saisie des voeux d\u00e9finitifs orientation 3e"},"content":{"rendered":"\n[et_pb_section fb_built=\u00a0\u00bb1&Prime; _builder_version=\u00a0\u00bb4.27.6&Prime; _module_preset=\u00a0\u00bbdefault\u00a0\u00bb global_colors_info=\u00a0\u00bb{}\u00a0\u00bb][et_pb_row _builder_version=\u00a0\u00bb4.27.6&Prime; _module_preset=\u00a0\u00bbdefault\u00a0\u00bb global_colors_info=\u00a0\u00bb{}\u00a0\u00bb][et_pb_column type=\u00a0\u00bb4_4&Prime; _builder_version=\u00a0\u00bb4.27.6&Prime; _module_preset=\u00a0\u00bbdefault\u00a0\u00bb global_colors_info=\u00a0\u00bb{}\u00a0\u00bb][et_pb_text _builder_version=\u00a0\u00bb4.27.6&Prime; _module_preset=\u00a0\u00bbdefault\u00a0\u00bb text_text_color=\u00a0\u00bb#0047E0&Prime; text_font_size=\u00a0\u00bb23px\u00a0\u00bb text_orientation=\u00a0\u00bbcenter\u00a0\u00bb hover_enabled=\u00a0\u00bb0&Prime; global_colors_info=\u00a0\u00bb{}\u00a0\u00bb sticky_enabled=\u00a0\u00bb0&Prime;]<p>La saisie des voeux d\u00e9finitifs pour les 3e aura lieu du mardi 5 mai au mercredi 27 mai 2026, par EDUCONNECT.<\/p>\n<p>Vous trouverez la d\u00e9marche\u00a0 suivre sur le diaporama suivant.<\/p>\n<p>Une aide sera propos\u00e9e aux parents la semaine du 18 mai, les\u00a0 inscriptions se font \u00e0 l&rsquo;accueil du coll\u00e8ge.<\/p>\n<p>Si vous rencontrez des difficult\u00e9s, n&rsquo;h\u00e9sitez pas \u00e0 contacter le professeur principal de votre enfant, ou l&rsquo;accueil du coll\u00e8ge.<\/p>[\/et_pb_text][et_pb_image src=\u00a0\u00bbhttps:\/\/etab.ac-reunion.fr\/clg-joseph-bedier\/wp-content\/uploads\/sites\/79\/2026\/04\/page-de-garde.jpg\u00a0\u00bb _builder_version=\u00a0\u00bb4.27.6&Prime; _module_preset=\u00a0\u00bbdefault\u00a0\u00bb url=\u00a0\u00bbhttps:\/\/etab.ac-reunion.fr\/clg-joseph-bedier\/wp-content\/uploads\/sites\/79\/2026\/04\/Guide-saisie-des-voeux-definitifs-2026.pdf\u00a0\u00bb title_text=\u00a0\u00bbpage de garde\u00a0\u00bb hover_enabled=\u00a0\u00bb0&Prime; sticky_enabled=\u00a0\u00bb0&Prime;][\/et_pb_image][\/et_pb_column][\/et_pb_row][\/et_pb_section]\n","protected":false},"excerpt":{"rendered":"<p>La saisie des voeux d\u00e9finitifs pour les 3e aura lieu du mardi 5 mai au mercredi 27 mai 2026, par EDUCONNECT. Vous trouverez la d\u00e9marche\u00a0 suivre sur le diaporama suivant. [&hellip;]<\/p>\n","protected":false},"author":24375,"featured_media":0,"comment_status":"closed","ping_status":"closed","sticky":false,"template":"","format":"standard","meta":{"_et_pb_use_builder":"on","_et_pb_old_content":"","_et_gb_content_width":"","footnotes":"","_links_to":"","_links_to_target":""},"categories":[270,189],"tags":[],"class_list":["post-21281","post","type-post","status-publish","format-standard","hentry","category-orientation-3e","category-vie-de-letablissement"],"_links":{"self":[{"href":"https:\/\/etab.ac-reunion.fr\/clg-joseph-bedier\/wp-json\/wp\/v2\/posts\/21281","targetHints":{"allow":["GET"]}}],"collection":[{"href":"https:\/\/etab.ac-reunion.fr\/clg-joseph-bedier\/wp-json\/wp\/v2\/posts"}],"about":[{"href":"https:\/\/etab.ac-reunion.fr\/clg-joseph-bedier\/wp-json\/wp\/v2\/types\/post"}],"author":[{"embeddable":true,"href":"https:\/\/etab.ac-reunion.fr\/clg-joseph-bedier\/wp-json\/wp\/v2\/users\/24375"}],"replies":[{"embeddable":true,"href":"https:\/\/etab.ac-reunion.fr\/clg-joseph-bedier\/wp-json\/wp\/v2\/comments?post=21281"}],"version-history":[{"count":4,"href":"https:\/\/etab.ac-reunion.fr\/clg-joseph-bedier\/wp-json\/wp\/v2\/posts\/21281\/revisions"}],"predecessor-version":[{"id":21291,"href":"https:\/\/etab.ac-reunion.fr\/clg-joseph-bedier\/wp-json\/wp\/v2\/posts\/21281\/revisions\/21291"}],"wp:attachment":[{"href":"https:\/\/etab.ac-reunion.fr\/clg-joseph-bedier\/wp-json\/wp\/v2\/media?parent=21281"}],"wp:term":[{"taxonomy":"category","embeddable":true,"href":"https:\/\/etab.ac-reunion.fr\/clg-joseph-bedier\/wp-json\/wp\/v2\/categories?post=21281"},{"taxonomy":"post_tag","embeddable":true,"href":"https:\/\/etab.ac-reunion.fr\/clg-joseph-bedier\/wp-json\/wp\/v2\/tags?post=21281"}],"curies":[{"name":"wp","href":"https:\/\/api.w.org\/{rel}","templated":true}]}}