{"id":21317,"date":"2026-04-30T14:38:55","date_gmt":"2026-04-30T10:38:55","guid":{"rendered":"https:\/\/etab.ac-reunion.fr\/clg-joseph-bedier\/?p=21317"},"modified":"2026-04-30T14:38:56","modified_gmt":"2026-04-30T10:38:56","slug":"cross-sponsorise","status":"publish","type":"post","link":"https:\/\/etab.ac-reunion.fr\/clg-joseph-bedier\/cross-sponsorise\/","title":{"rendered":"Cross sponsoris\u00e9"},"content":{"rendered":"\n[et_pb_section fb_built=\u00a0\u00bb1&Prime; _builder_version=\u00a0\u00bb4.27.6&Prime; _module_preset=\u00a0\u00bbdefault\u00a0\u00bb global_colors_info=\u00a0\u00bb{}\u00a0\u00bb][et_pb_row _builder_version=\u00a0\u00bb4.27.6&Prime; _module_preset=\u00a0\u00bbdefault\u00a0\u00bb global_colors_info=\u00a0\u00bb{}\u00a0\u00bb][et_pb_column type=\u00a0\u00bb4_4&Prime; _builder_version=\u00a0\u00bb4.27.6&Prime; _module_preset=\u00a0\u00bbdefault\u00a0\u00bb global_colors_info=\u00a0\u00bb{}\u00a0\u00bb][et_pb_text _builder_version=\u00a0\u00bb4.27.6&Prime; _module_preset=\u00a0\u00bbdefault\u00a0\u00bb text_text_color=\u00a0\u00bb#E02B20&Prime; text_font_size=\u00a0\u00bb23px\u00a0\u00bb text_letter_spacing=\u00a0\u00bb4px\u00a0\u00bb text_orientation=\u00a0\u00bbcenter\u00a0\u00bb global_colors_info=\u00a0\u00bb{}\u00a0\u00bb]<p>Ce mercredi apr\u00e8s-midi, les \u00e9l\u00e8ves de l&rsquo;Association sportive se sont relay\u00e9s lors d&rsquo;un cross sponsoris\u00e9, afin de r\u00e9colter de l&rsquo;argent pour les activit\u00e9s de l&rsquo;AS du coll\u00e8ge.<\/p>\n<p>Auparavant, ils avaient cherch\u00e9 des sponsors aupr\u00e8s de leurs famille, amis ou enseignants, qui ont promis une somme d&rsquo;argent par tour effectu\u00e9.<\/p>\n<p>Les \u00e9l\u00e8ves ont ensuite couru pendant 20 minutes, encha\u00eenant les tours de 200m.<\/p>\n<p>Les 24 \u00e9l\u00e8ves participant devraient r\u00e9colter 2092 euros de promesse de don ! Il leur reste maintenant \u00e0 r\u00e9cup\u00e9rer cette somme aupr\u00e8s de leurs sponsors.<\/p>\n<p>Un grand bravo \u00e0 eux, et un grand merci \u00e0 tous les sponsors !<\/p>\n<p>Merci \u00e0 l&rsquo;\u00e9quipe d&rsquo;EPS pour l&rsquo;organisation de cet \u00e9v\u00e9nement.<\/p>[\/et_pb_text][et_pb_gallery gallery_ids=\u00a0\u00bb21324,21326,21327,21328,21329,21330,21325&Prime; posts_number=\u00a0\u00bb8&Prime; show_title_and_caption=\u00a0\u00bboff\u00a0\u00bb show_pagination=\u00a0\u00bboff\u00a0\u00bb _builder_version=\u00a0\u00bb4.27.6&Prime; _module_preset=\u00a0\u00bbdefault\u00a0\u00bb global_colors_info=\u00a0\u00bb{}\u00a0\u00bb][\/et_pb_gallery][\/et_pb_column][\/et_pb_row][\/et_pb_section]\n","protected":false},"excerpt":{"rendered":"<p>Ce mercredi apr\u00e8s-midi, les \u00e9l\u00e8ves de l&rsquo;Association sportive se sont relay\u00e9s lors d&rsquo;un cross sponsoris\u00e9, afin de r\u00e9colter de l&rsquo;argent pour les activit\u00e9s de l&rsquo;AS du coll\u00e8ge. Auparavant, ils avaient [&hellip;]<\/p>\n","protected":false},"author":24375,"featured_media":21324,"comment_status":"closed","ping_status":"closed","sticky":false,"template":"","format":"standard","meta":{"_et_pb_use_builder":"on","_et_pb_old_content":"","_et_gb_content_width":"","footnotes":"","_links_to":"","_links_to_target":""},"categories":[424,189],"tags":[],"class_list":["post-21317","post","type-post","status-publish","format-standard","has-post-thumbnail","hentry","category-crosse-sponsorise","category-vie-de-letablissement"],"_links":{"self":[{"href":"https:\/\/etab.ac-reunion.fr\/clg-joseph-bedier\/wp-json\/wp\/v2\/posts\/21317","targetHints":{"allow":["GET"]}}],"collection":[{"href":"https:\/\/etab.ac-reunion.fr\/clg-joseph-bedier\/wp-json\/wp\/v2\/posts"}],"about":[{"href":"https:\/\/etab.ac-reunion.fr\/clg-joseph-bedier\/wp-json\/wp\/v2\/types\/post"}],"author":[{"embeddable":true,"href":"https:\/\/etab.ac-reunion.fr\/clg-joseph-bedier\/wp-json\/wp\/v2\/users\/24375"}],"replies":[{"embeddable":true,"href":"https:\/\/etab.ac-reunion.fr\/clg-joseph-bedier\/wp-json\/wp\/v2\/comments?post=21317"}],"version-history":[{"count":6,"href":"https:\/\/etab.ac-reunion.fr\/clg-joseph-bedier\/wp-json\/wp\/v2\/posts\/21317\/revisions"}],"predecessor-version":[{"id":21333,"href":"https:\/\/etab.ac-reunion.fr\/clg-joseph-bedier\/wp-json\/wp\/v2\/posts\/21317\/revisions\/21333"}],"wp:featuredmedia":[{"embeddable":true,"href":"https:\/\/etab.ac-reunion.fr\/clg-joseph-bedier\/wp-json\/wp\/v2\/media\/21324"}],"wp:attachment":[{"href":"https:\/\/etab.ac-reunion.fr\/clg-joseph-bedier\/wp-json\/wp\/v2\/media?parent=21317"}],"wp:term":[{"taxonomy":"category","embeddable":true,"href":"https:\/\/etab.ac-reunion.fr\/clg-joseph-bedier\/wp-json\/wp\/v2\/categories?post=21317"},{"taxonomy":"post_tag","embeddable":true,"href":"https:\/\/etab.ac-reunion.fr\/clg-joseph-bedier\/wp-json\/wp\/v2\/tags?post=21317"}],"curies":[{"name":"wp","href":"https:\/\/api.w.org\/{rel}","templated":true}]}}