{"id":7344,"date":"2026-04-18T04:25:23","date_gmt":"2026-04-18T03:25:23","guid":{"rendered":"https:\/\/etab.ac-reunion.fr\/clg-joseph-suacot\/?p=7344"},"modified":"2026-04-18T04:25:23","modified_gmt":"2026-04-18T03:25:23","slug":"les-3r","status":"publish","type":"post","link":"https:\/\/etab.ac-reunion.fr\/clg-joseph-suacot\/les-3r\/","title":{"rendered":"Les 3R"},"content":{"rendered":"<p><img loading=\"lazy\" decoding=\"async\" class=\"size-medium wp-image-7345 alignleft\" src=\"https:\/\/etab.ac-reunion.fr\/clg-joseph-suacot\/wp-content\/uploads\/sites\/143\/2026\/04\/Design-sans-titre-229x300.jpg\" alt=\"\u00ab Illustration d\u2019un globe terrestre entour\u00e9 d\u2019une grande fl\u00e8che verte circulaire symbolisant le recyclage, avec des feuilles vertes au-dessus repr\u00e9sentant la nature et la durabilit\u00e9.\" width=\"229\" height=\"300\" srcset=\"https:\/\/etab.ac-reunion.fr\/clg-joseph-suacot\/wp-content\/uploads\/sites\/143\/2026\/04\/Design-sans-titre-229x300.jpg 229w, https:\/\/etab.ac-reunion.fr\/clg-joseph-suacot\/wp-content\/uploads\/sites\/143\/2026\/04\/Design-sans-titre-780x1024.jpg 780w, https:\/\/etab.ac-reunion.fr\/clg-joseph-suacot\/wp-content\/uploads\/sites\/143\/2026\/04\/Design-sans-titre-768x1008.jpg 768w, https:\/\/etab.ac-reunion.fr\/clg-joseph-suacot\/wp-content\/uploads\/sites\/143\/2026\/04\/Design-sans-titre-1170x1536.jpg 1170w, https:\/\/etab.ac-reunion.fr\/clg-joseph-suacot\/wp-content\/uploads\/sites\/143\/2026\/04\/Design-sans-titre-114x150.jpg 114w, https:\/\/etab.ac-reunion.fr\/clg-joseph-suacot\/wp-content\/uploads\/sites\/143\/2026\/04\/Design-sans-titre.jpg 1463w\" sizes=\"auto, (max-width: 229px) 100vw, 229px\" \/><\/p>\n<p>&nbsp;<\/p>\n<p>Adam, L\u00e9o et Xavier se sont document\u00e9s sur la r\u00e8gle des 3R et vous expliquent tout !<\/p>\n<p><a href=\"https:\/\/tube-arts-lettres-sciences-humaines.apps.education.fr\/w\/rJPFAzrF9H25aCmDkpVv68\" target=\"_blank\" rel=\"noopener\">Les 3R<\/a><\/p>\n<p>&nbsp;<\/p>\n","protected":false},"excerpt":{"rendered":"<p>&nbsp; Adam, L\u00e9o et Xavier se sont document\u00e9s sur la r\u00e8gle des 3R et vous expliquent tout ! Les 3R &nbsp;<\/p>\n<p> <a class=\"continue-reading-link\" href=\"https:\/\/etab.ac-reunion.fr\/clg-joseph-suacot\/les-3r\/\"><span>Lire la suite<\/span><i class=\"crycon-right-dir\"><\/i><\/a> <\/p>\n","protected":false},"author":21574,"featured_media":0,"comment_status":"closed","ping_status":"closed","sticky":false,"template":"","format":"standard","meta":{"footnotes":"","_links_to":"","_links_to_target":""},"categories":[9,22,112,114],"tags":[],"class_list":["post-7344","post","type-post","status-publish","format-standard","hentry","category-accueil","category-cdi","category-education-au-developpement-durable","category-micro-college"],"_links":{"self":[{"href":"https:\/\/etab.ac-reunion.fr\/clg-joseph-suacot\/wp-json\/wp\/v2\/posts\/7344","targetHints":{"allow":["GET"]}}],"collection":[{"href":"https:\/\/etab.ac-reunion.fr\/clg-joseph-suacot\/wp-json\/wp\/v2\/posts"}],"about":[{"href":"https:\/\/etab.ac-reunion.fr\/clg-joseph-suacot\/wp-json\/wp\/v2\/types\/post"}],"author":[{"embeddable":true,"href":"https:\/\/etab.ac-reunion.fr\/clg-joseph-suacot\/wp-json\/wp\/v2\/users\/21574"}],"replies":[{"embeddable":true,"href":"https:\/\/etab.ac-reunion.fr\/clg-joseph-suacot\/wp-json\/wp\/v2\/comments?post=7344"}],"version-history":[{"count":1,"href":"https:\/\/etab.ac-reunion.fr\/clg-joseph-suacot\/wp-json\/wp\/v2\/posts\/7344\/revisions"}],"predecessor-version":[{"id":7346,"href":"https:\/\/etab.ac-reunion.fr\/clg-joseph-suacot\/wp-json\/wp\/v2\/posts\/7344\/revisions\/7346"}],"wp:attachment":[{"href":"https:\/\/etab.ac-reunion.fr\/clg-joseph-suacot\/wp-json\/wp\/v2\/media?parent=7344"}],"wp:term":[{"taxonomy":"category","embeddable":true,"href":"https:\/\/etab.ac-reunion.fr\/clg-joseph-suacot\/wp-json\/wp\/v2\/categories?post=7344"},{"taxonomy":"post_tag","embeddable":true,"href":"https:\/\/etab.ac-reunion.fr\/clg-joseph-suacot\/wp-json\/wp\/v2\/tags?post=7344"}],"curies":[{"name":"wp","href":"https:\/\/api.w.org\/{rel}","templated":true}]}}