{"id":7347,"date":"2026-04-18T04:50:14","date_gmt":"2026-04-18T03:50:14","guid":{"rendered":"https:\/\/etab.ac-reunion.fr\/clg-joseph-suacot\/?p=7347"},"modified":"2026-04-18T04:50:14","modified_gmt":"2026-04-18T03:50:14","slug":"5-actions-quotidiennes-pour-proteger-la-planete","status":"publish","type":"post","link":"https:\/\/etab.ac-reunion.fr\/clg-joseph-suacot\/5-actions-quotidiennes-pour-proteger-la-planete\/","title":{"rendered":"5 actions quotidiennes pour prot\u00e9ger la plan\u00e8te"},"content":{"rendered":"<p><img loading=\"lazy\" decoding=\"async\" class=\"size-medium wp-image-7348 alignleft\" src=\"https:\/\/etab.ac-reunion.fr\/clg-joseph-suacot\/wp-content\/uploads\/sites\/143\/2026\/04\/geralt-to-protect-450596_1920-300x212.jpg\" alt=\"\u00ab Deux mains humaines ouvertes soutiennent une sph\u00e8re transparente dans laquelle se refl\u00e8te un grand arbre vert au milieu d\u2019un champ, symbolisant la protection de la nature. \u00bb\" width=\"300\" height=\"212\" srcset=\"https:\/\/etab.ac-reunion.fr\/clg-joseph-suacot\/wp-content\/uploads\/sites\/143\/2026\/04\/geralt-to-protect-450596_1920-300x212.jpg 300w, https:\/\/etab.ac-reunion.fr\/clg-joseph-suacot\/wp-content\/uploads\/sites\/143\/2026\/04\/geralt-to-protect-450596_1920-1024x724.jpg 1024w, https:\/\/etab.ac-reunion.fr\/clg-joseph-suacot\/wp-content\/uploads\/sites\/143\/2026\/04\/geralt-to-protect-450596_1920-768x543.jpg 768w, https:\/\/etab.ac-reunion.fr\/clg-joseph-suacot\/wp-content\/uploads\/sites\/143\/2026\/04\/geralt-to-protect-450596_1920-1536x1086.jpg 1536w, https:\/\/etab.ac-reunion.fr\/clg-joseph-suacot\/wp-content\/uploads\/sites\/143\/2026\/04\/geralt-to-protect-450596_1920-150x106.jpg 150w, https:\/\/etab.ac-reunion.fr\/clg-joseph-suacot\/wp-content\/uploads\/sites\/143\/2026\/04\/geralt-to-protect-450596_1920.jpg 1920w\" sizes=\"auto, (max-width: 300px) 100vw, 300px\" \/><\/p>\n<p>Th\u00e9o et Roman ont cherch\u00e9 pour vous comment faire pour <a href=\"https:\/\/tube-arts-lettres-sciences-humaines.apps.education.fr\/w\/wp2zcs2M1HkkLiGHZZiuD7\" target=\"_blank\" rel=\"noopener\">Prot\u00e9ger la plan\u00e8te en 5 actions quotidiennes<\/a><\/p>\n<p>Du bon sens et d&rsquo;excellentes id\u00e9es !<\/p>\n<p>Et vous ? Comment prot\u00e9gez-vous la plan\u00e8te ?<\/p>\n","protected":false},"excerpt":{"rendered":"<p>Th\u00e9o et Roman ont cherch\u00e9 pour vous comment faire pour Prot\u00e9ger la plan\u00e8te en 5 actions quotidiennes Du bon sens et d&rsquo;excellentes id\u00e9es ! Et vous ? Comment prot\u00e9gez-vous la plan\u00e8te ?<\/p>\n<p> <a class=\"continue-reading-link\" href=\"https:\/\/etab.ac-reunion.fr\/clg-joseph-suacot\/5-actions-quotidiennes-pour-proteger-la-planete\/\"><span>Lire la suite<\/span><i class=\"crycon-right-dir\"><\/i><\/a> <\/p>\n","protected":false},"author":21574,"featured_media":0,"comment_status":"closed","ping_status":"closed","sticky":false,"template":"","format":"standard","meta":{"footnotes":"","_links_to":"","_links_to_target":""},"categories":[9,22,112,114],"tags":[],"class_list":["post-7347","post","type-post","status-publish","format-standard","hentry","category-accueil","category-cdi","category-education-au-developpement-durable","category-micro-college"],"_links":{"self":[{"href":"https:\/\/etab.ac-reunion.fr\/clg-joseph-suacot\/wp-json\/wp\/v2\/posts\/7347","targetHints":{"allow":["GET"]}}],"collection":[{"href":"https:\/\/etab.ac-reunion.fr\/clg-joseph-suacot\/wp-json\/wp\/v2\/posts"}],"about":[{"href":"https:\/\/etab.ac-reunion.fr\/clg-joseph-suacot\/wp-json\/wp\/v2\/types\/post"}],"author":[{"embeddable":true,"href":"https:\/\/etab.ac-reunion.fr\/clg-joseph-suacot\/wp-json\/wp\/v2\/users\/21574"}],"replies":[{"embeddable":true,"href":"https:\/\/etab.ac-reunion.fr\/clg-joseph-suacot\/wp-json\/wp\/v2\/comments?post=7347"}],"version-history":[{"count":1,"href":"https:\/\/etab.ac-reunion.fr\/clg-joseph-suacot\/wp-json\/wp\/v2\/posts\/7347\/revisions"}],"predecessor-version":[{"id":7349,"href":"https:\/\/etab.ac-reunion.fr\/clg-joseph-suacot\/wp-json\/wp\/v2\/posts\/7347\/revisions\/7349"}],"wp:attachment":[{"href":"https:\/\/etab.ac-reunion.fr\/clg-joseph-suacot\/wp-json\/wp\/v2\/media?parent=7347"}],"wp:term":[{"taxonomy":"category","embeddable":true,"href":"https:\/\/etab.ac-reunion.fr\/clg-joseph-suacot\/wp-json\/wp\/v2\/categories?post=7347"},{"taxonomy":"post_tag","embeddable":true,"href":"https:\/\/etab.ac-reunion.fr\/clg-joseph-suacot\/wp-json\/wp\/v2\/tags?post=7347"}],"curies":[{"name":"wp","href":"https:\/\/api.w.org\/{rel}","templated":true}]}}