{"id":10918,"date":"2020-11-30T11:29:43","date_gmt":"2020-11-30T07:29:43","guid":{"rendered":"http:\/\/college-jules-solesse.ac-reunion.fr\/?p=10918"},"modified":"2024-11-08T09:05:11","modified_gmt":"2024-11-08T05:05:11","slug":"bilbo-le-hobbit-dessine-par-des-603","status":"publish","type":"post","link":"https:\/\/etab.ac-reunion.fr\/clg-jules-solesse\/bilbo-le-hobbit-dessine-par-des-603\/","title":{"rendered":"Bilbo le Hobbit dessin\u00e9 par des 603"},"content":{"rendered":"<p align=\"justify\"><span style=\"font-size: 18pt\"><strong><em>Dans le cadre de cadre de l&rsquo;AP sixi\u00e8me en fran\u00e7ais les \u00e9l\u00e8ves de la classe 608 avaient comme consigne de<\/em> <em>r\u00e9sumer en images les premi\u00e8res pages de Bilbo le hobbit.<\/em><\/strong><\/span><\/p>\n<p align=\"justify\"><div class=\"su-box su-box-style-soft\" id=\"\" style=\"border-color:#00609b;border-radius:4px;max-width:none\"><div class=\"su-box-title\" style=\"background-color:#1d93ce;color:#010101;border-top-left-radius:2px;border-top-right-radius:2px\">Le support du travail des \u00e9l\u00e8ves : Bilbo le hobbit - J.R.R TOLKIEN EXTRAIT<\/div><div class=\"su-box-content su-u-clearfix su-u-trim\" style=\"border-bottom-left-radius:2px;border-bottom-right-radius:2px\">\n<p align=\"justify\">\u00a0I. Une r\u00e9ception inattendue<\/p>\n<p align=\"justify\">Dans un trou vivait un hobbit. Ce n\u2019\u00e9tait pas un trou d\u00e9plaisant, sale et humide, rempli de bouts de vers et d\u2019une atmosph\u00e8re suintante, non plus qu\u2019un trou sec, nu, sablonneux, sans rien pour s\u2019asseoir ni sur quoi manger : c\u2019\u00e9tait un trou de hobbit, ce qui implique le confort. Il avait une porte tout \u00e0 fait ronde comme un hublot, peinte en vert, avec un bouton de cuivre jaune bien brillant, exactement au centre. Cette porte ouvrait sur un vestibule en forme de tube, comme un tunnel : un tunnel tr\u00e8s confortable, sans fum\u00e9e, aux murs lambriss\u00e9s, au sol dall\u00e9 et garni de tapis ; il \u00e9tait meubl\u00e9 de chaises cir\u00e9es et de quantit\u00e9 de pat\u00e8res pour les chapeaux et les manteaux \u2013 le hobbit aimait les visites.<\/p>\n<p align=\"justify\">Le tunnel s\u2019enfon\u00e7ait assez loin, mais pas tout \u00e0 fait en droite ligne, dans le flanc de la colline \u2013 la Colline, comme tout le monde l\u2019appelait \u00e0 des lieues alentour \u2013 et l\u2019on y voyait maintes petites portes rondes, d\u2019abord d\u2019un c\u00f4t\u00e9, puis sur un autre. Le hobbit n\u2019avait pas d\u2019\u00e9tages \u00e0 grimper : chambres, salles de bain, caves, r\u00e9serves (celles-ci nombreuses), penderies (il avait des pi\u00e8ces enti\u00e8res consacr\u00e9es aux v\u00eatements), cuisines, salles \u00e0 manger, tout \u00e9tait de plain-pied, et, en fait, dans le m\u00eame couloir. Les meilleures chambres se trouvaient toutes sur la gauche (en entrant), car elles \u00e9taient les seules \u00e0 avoir des fen\u00eatres, des fen\u00eatres circulaires et profondes, donnant sur le jardin et les prairies qui descendaient au-del\u00e0 jusqu\u2019\u00e0 la rivi\u00e8re.<\/p>\n<p align=\"justify\">Ce hobbit \u00e9tait un hobbit tr\u00e8s cossu, et il s\u2019appelait Baggins. Les Baggins habitaient le voisinage de la Colline depuis des temps imm\u00e9moriaux et ils \u00e9taient tr\u00e8s consid\u00e9r\u00e9s, non pas seulement parce que la plupart d\u2019entre eux \u00e9taient riches, mais aussi parce qu\u2019ils n\u2019avaient jamais d\u2019aventures et ne faisaient rien d\u2019inattendu : on savait ce qu\u2019un Baggins allait dire sur n\u2019importe quel sujet sans avoir la peine de le lui demander. Ceci est le r\u00e9cit de la fa\u00e7on dont un Baggins eut une aventure et se trouva dire et faire les choses les plus inattendues. Il se peut qu\u2019il y ait perdu le respect de ses voisins, mais il y gagna\u2026 eh bien, vous verrez s\u2019il y gagna quelque chose en fin de compte. La m\u00e8re de notre hobbit\u2026 Mais qu\u2019est-ce que les hobbits ? Je pense que, de nos jours, une description est n\u00e9cessaire, vu la rar\u00e9faction de leur esp\u00e8ce et leur crainte des Grands, comme ils nous appellent.<\/p>\n<p align=\"justify\">Ce sont (ou c\u2019\u00e9taient) des personnages de taille menue, \u00e0 peu pr\u00e8s la moiti\u00e9 de la n\u00f4tre, plus petits donc que les nains barbus. Les hobbits sont imberbes. Il n\u2019y a gu\u00e8re de magie chez eux que celle, tout ordinaire et courante, qui leur permet de dispara\u00eetre sans bruit et rapidement quand de grands idiots comme vous et moi s\u2019approchent lourdement, en faisant un bruit d\u2019\u00e9l\u00e9phant qu\u2019ils peuvent entendre d\u2019un kilom\u00e8tre. Ils ont une l\u00e9g\u00e8re tendance \u00e0 bedonner ; ils s\u2019habillent de couleurs vives (surtout de vert et de jaune) ; ils ne portent pas de souliers, leurs pieds ayant la plante faite d\u2019un cuir naturel et \u00e9tant couverts du m\u00eame poil brun, \u00e9pais et chaud, que celui qui garnit leur t\u00eate et qui est fris\u00e9 ; ils ont de longs doigts bruns et agiles et de bons visages, et ils rient d\u2019un rire ample et profond (surtout apr\u00e8s les repas, qu\u2019ils prennent deux fois par jour quand ils le peuvent). Et maintenant vous en savez assez pour la poursuite de notre r\u00e9cit.<\/p>\n<p align=\"justify\">Or donc, la m\u00e8re de ce hobbit \u2013 c\u2019est-\u00e0-dire Bilbo Baggins \u2013 \u00e9tait la fameuse Belladone Took, l\u2019une des trois remarquables filles du Vieux Took, chef des hobbits qui habitaient de l\u2019autre c\u00f4t\u00e9 de l\u2019Eau, \u00e0 savoir la petite rivi\u00e8re coulant au pied de la Colline. On disait souvent (dans les autres familles) qu\u2019au temps jadis l\u2019un des anc\u00eatres Took avait d\u00fb \u00e9pouser une f\u00e9e. C\u2019\u00e9tait absurde, bien s\u00fbr, mais il y avait tout de m\u00eame chez eux sans nul doute quelque chose qui n\u2019\u00e9tait pas enti\u00e8rement hobbital et de temps \u00e0 autre des membres du clan Took se prenaient \u00e0 avoir des aventures. Ils disparaissaient, et la famille n\u2019en soufflait mot ; mais il n\u2019en restait pas moins que les Took n\u2019\u00e9taient pas aussi respectables que les Baggins, bien qu\u2019ils fussent incontestablement plus riches. Ce n\u2019est pas que Belladone Took ait eu des aventures apr\u00e8s \u00eatre devenue Mme Bungo Baggins. Bungo, le p\u00e8re de Bilbo, construisit pour elle (en partie avec son argent) le plus luxueux des trous de hobbit qui se p\u00fbt voir sous la Colline, sur la Colline ou de l\u2019autre c\u00f4t\u00e9 de l\u2019Eau, et ils demeur\u00e8rent l\u00e0 jusqu\u2019\u00e0 la fin de leurs jours. Mais si Bilbo, fils unique de Belladone, ressemblait en tout point par les traits et le comportement \u00e0 une seconde \u00e9dition de son solide et tranquille p\u00e8re, il devait avoir pris au c\u00f4t\u00e9 Took une certaine bizarrerie dans sa mani\u00e8re d\u2019\u00eatre, quelque chose qui ne demandait qu\u2019une occasion pour se r\u00e9v\u00e9ler. Cette occasion ne se pr\u00e9senta jamais que Bilbo ne f\u00fbt devenu tout \u00e0 fait adulte ; il avait alors environ vingt-cinq ans ; il habitait dans le beau trou de hobbit qu\u2019avait construit son p\u00e8re et que j\u2019ai d\u00e9crit plus haut, et il semblait qu\u2019il s\u2019y f\u00fbt \u00e9tabli immuablement. Un matin, il y a bien longtemps, du temps que le monde \u00e9tait encore calme, qu\u2019il y avait moins de bruit et davantage de verdure et que les hobbits \u00e9taient encore nombreux et prosp\u00e8res, Bilbo Baggins se tenait debout \u00e0 sa porte apr\u00e8s le petit d\u00e9jeuner, en train de fumer une \u00e9norme et longue pipe de bois qui descendait presque jusqu\u2019\u00e0 ses pieds laineux (et bross\u00e9s avec soin). Par quelque curieux hasard, vint \u00e0 passer Gandalf. Gandalf ! Si vous aviez entendu le quart de ce que j\u2019ai entendu raconter \u00e0 son sujet (et ce que j\u2019ai entendu ne repr\u00e9sente qu\u2019une bien petite partie de tout ce qu\u2019il y a \u00e0 entendre), aucune histoire, f\u00fbt-ce la plus extraordinaire, ne vous \u00e9tonnerait. Histoires et aventures jaillissaient de la fa\u00e7on la plus remarquable partout o\u00f9 il allait. Il n\u2019\u00e9tait pas pass\u00e9 par ce chemin au pied de la Colline depuis des \u00e9ternit\u00e9s, en fait, pas depuis la mort de son ami le Vieux Took, et les hobbits avaient presque oubli\u00e9 son aspect. Il \u00e9tait parti au-del\u00e0 de la Colline et de l\u2019autre c\u00f4t\u00e9 de l\u2019Eau pour des affaires personnelles \u00e0 l\u2019\u00e9poque o\u00f9 ils n\u2019\u00e9taient que des petits hobbits et des petites hobbites. Bilbo, qui ne se doutait de rien, ne vit ce matin-l\u00e0 qu\u2019un vieillard appuy\u00e9 sur un b\u00e2ton. L\u2019homme portait un chapeau bleu, haut et pointu, une grande cape grise, une \u00e9charpe de m\u00eame couleur par-dessus laquelle sa longue barbe blanche descendait jusqu\u2019\u00e0 la taille, et d\u2019immenses bottes noires. \u00ab Bonjour ! \u00bb dit Bilbo.<\/p>\n<p align=\"justify\">Et il \u00e9tait sinc\u00e8re. Le soleil brillait et l\u2019herbe \u00e9tait tr\u00e8s verte. Mais Gandalf le regarda de sous ses longs sourcils broussailleux qui d\u00e9passaient encore le bord de son chapeau ombreux. \u00ab Qu\u2019entendez-vous par l\u00e0 ? dit-il. Me souhaitez-vous le bonjour ou constatez-vous que c\u2019est une bonne journ\u00e9e, que je le veuille ou non, ou que vous vous sentez bien ce matin, ou encore que c\u2019est une journ\u00e9e o\u00f9 il faut \u00eatre bon ?<\/p>\n<p align=\"justify\">\u2014 Tout cela \u00e0 la fois, dit Bilbo. Et c\u2019est une tr\u00e8s belle matin\u00e9e pour fumer une pipe dehors, par-dessus le march\u00e9. Si vous en avez une sur vous, asseyez-vous et profitez de mon tabac ! Rien ne presse, nous avons toute la journ\u00e9e devant nous ! \u00bb Bilbo s\u2019assit alors sur un banc qui se trouvait \u00e0 c\u00f4t\u00e9 de sa porte, croisa les jambes et lan\u00e7a un magnifique rond de fum\u00e9e grise qui s\u2019\u00e9leva sans se rompre et s\u2019en alla en flottant par-dessus la Colline.<\/p>\n<p align=\"justify\">\u00ab Tr\u00e8s joli ! dit Gandalf. Mais je n\u2019ai pas le temps de faire des ronds de fum\u00e9e ce matin. Je cherche quelqu\u2019un pour prendre part \u00e0 une aventure que j\u2019arrange, et c\u2019est tr\u00e8s difficile \u00e0 trouver.<\/p>\n<p align=\"justify\">\u2014 Je le crois ais\u00e9ment \u2013 dans ces parages ! Nous sommes des gens simples et tranquilles, et nous n\u2019avons que faire d\u2019aventures. Ce ne sont que de vilaines choses, des sources d\u2019ennuis et de d\u00e9sagr\u00e9ments ! Elles vous mettent en retard pour le d\u00eener ! Je ne vois vraiment pas le plaisir que l\u2019on peut y trouver \u00bb, dit notre M. Baggins \u2013 et il passa un pouce sous ses bretelles, tout en \u00e9mettant un nouveau rond de fum\u00e9e encore plus grand que le pr\u00e9c\u00e9dent. Puis il prit son courrier du matin et se mit \u00e0 lire, faisant semblant de ne plus pr\u00eater attention au vieillard. Il avait d\u00e9cid\u00e9 que celui-ci n\u2019\u00e9tait pas tout \u00e0 fait de son bord, et il voulait le voir partir. Mais l\u2019autre ne bougea pas. Il restait appuy\u00e9 sur son b\u00e2ton, \u00e0 regarder le hobbit sans rien dire, jusqu\u2019\u00e0 ce que Bilbo en ressent\u00eet une certaine g\u00eane et m\u00eame quelque irritation. \u00ab Bonjour ! dit-il enfin. Nous ne voulons pas d\u2019aventures par ici, je vous remercie ! Vous pourriez essayer au-del\u00e0 de la Colline ou de l\u2019autre c\u00f4t\u00e9 de l\u2019Eau. \u00bb Il entendait par l\u00e0 que la conversation \u00e9tait termin\u00e9e.<\/div><\/div>\n<p align=\"justify\"><strong><span style=\"font-size: 18pt\">Voil\u00e0 quelques uns de leurs travaux.<\/span><\/strong><\/p>\n<p><a href=\"https:\/\/etab.ac-reunion.fr\/clg-jules-solesse\/wp-content\/uploads\/sites\/151\/2020\/11\/bd_2_bilbo_eleve_603_2020.pdf\"><img loading=\"lazy\" decoding=\"async\" class=\"size-full wp-image-10933 aligncenter\" src=\"https:\/\/etab.ac-reunion.fr\/clg-jules-solesse\/wp-content\/uploads\/sites\/151\/2020\/11\/BD-hobbit-Elwan.jpg\" alt=\"\" width=\"366\" height=\"354\" srcset=\"https:\/\/etab.ac-reunion.fr\/clg-jules-solesse\/wp-content\/uploads\/sites\/151\/2020\/11\/BD-hobbit-Elwan.jpg 366w, https:\/\/etab.ac-reunion.fr\/clg-jules-solesse\/wp-content\/uploads\/sites\/151\/2020\/11\/BD-hobbit-Elwan-300x290.jpg 300w, https:\/\/etab.ac-reunion.fr\/clg-jules-solesse\/wp-content\/uploads\/sites\/151\/2020\/11\/BD-hobbit-Elwan-150x145.jpg 150w\" sizes=\"auto, (max-width: 366px) 100vw, 366px\" \/><\/a><\/p>\n<p>&nbsp;<\/p>\n<p><a href=\"https:\/\/etab.ac-reunion.fr\/clg-jules-solesse\/wp-content\/uploads\/sites\/151\/2020\/11\/bd_3_bilbo_eleve_603_2020.pdf\"><img loading=\"lazy\" decoding=\"async\" class=\"size-full wp-image-10934 aligncenter\" src=\"https:\/\/etab.ac-reunion.fr\/clg-jules-solesse\/wp-content\/uploads\/sites\/151\/2020\/11\/BD-hobbit-2.jpg\" alt=\"\" width=\"408\" height=\"251\" srcset=\"https:\/\/etab.ac-reunion.fr\/clg-jules-solesse\/wp-content\/uploads\/sites\/151\/2020\/11\/BD-hobbit-2.jpg 408w, https:\/\/etab.ac-reunion.fr\/clg-jules-solesse\/wp-content\/uploads\/sites\/151\/2020\/11\/BD-hobbit-2-300x185.jpg 300w, https:\/\/etab.ac-reunion.fr\/clg-jules-solesse\/wp-content\/uploads\/sites\/151\/2020\/11\/BD-hobbit-2-150x92.jpg 150w\" sizes=\"auto, (max-width: 408px) 100vw, 408px\" \/><\/a><\/p>\n<p>&nbsp;<\/p>\n<p>&nbsp;<\/p>\n<p><a href=\"https:\/\/etab.ac-reunion.fr\/clg-jules-solesse\/wp-content\/uploads\/sites\/151\/2020\/11\/bd_4_bilbo_eleve_603_2020.pdf\"><img loading=\"lazy\" decoding=\"async\" class=\"aligncenter size-full wp-image-10936\" src=\"https:\/\/etab.ac-reunion.fr\/clg-jules-solesse\/wp-content\/uploads\/sites\/151\/2020\/11\/BD-hobbit-louise.jpg\" alt=\"\" width=\"408\" height=\"232\" srcset=\"https:\/\/etab.ac-reunion.fr\/clg-jules-solesse\/wp-content\/uploads\/sites\/151\/2020\/11\/BD-hobbit-louise.jpg 408w, https:\/\/etab.ac-reunion.fr\/clg-jules-solesse\/wp-content\/uploads\/sites\/151\/2020\/11\/BD-hobbit-louise-300x171.jpg 300w, https:\/\/etab.ac-reunion.fr\/clg-jules-solesse\/wp-content\/uploads\/sites\/151\/2020\/11\/BD-hobbit-louise-150x85.jpg 150w\" sizes=\"auto, (max-width: 408px) 100vw, 408px\" \/><\/a><\/p>\n<p>&nbsp;<\/p>\n<p>&nbsp;<\/p>\n<p><a href=\"https:\/\/etab.ac-reunion.fr\/clg-jules-solesse\/wp-content\/uploads\/sites\/151\/2020\/11\/bd_bilbo_eleve_603_2020-1.pdf\"><img loading=\"lazy\" decoding=\"async\" class=\"aligncenter size-full wp-image-10939\" src=\"https:\/\/etab.ac-reunion.fr\/clg-jules-solesse\/wp-content\/uploads\/sites\/151\/2020\/11\/BD-hobbit-4.jpg\" alt=\"\" width=\"536\" height=\"286\" srcset=\"https:\/\/etab.ac-reunion.fr\/clg-jules-solesse\/wp-content\/uploads\/sites\/151\/2020\/11\/BD-hobbit-4.jpg 536w, https:\/\/etab.ac-reunion.fr\/clg-jules-solesse\/wp-content\/uploads\/sites\/151\/2020\/11\/BD-hobbit-4-300x160.jpg 300w, https:\/\/etab.ac-reunion.fr\/clg-jules-solesse\/wp-content\/uploads\/sites\/151\/2020\/11\/BD-hobbit-4-150x80.jpg 150w\" sizes=\"auto, (max-width: 536px) 100vw, 536px\" \/><\/a><\/p>\n<p>&nbsp;<\/p>\n<p><span style=\"font-size: 18pt\"><span style=\"font-size: 18pt\"><b>Enseignantes <\/b><\/span><span style=\"font-size: 24px\"><b>Mmes<\/b><\/span><span style=\"font-size: 18pt\"><b>\u00a0Bourdais et Boutier<\/b><\/span><\/span><\/p>\n<p>&nbsp;<\/p>\n","protected":false},"excerpt":{"rendered":"<p>Dans le cadre de cadre de l&rsquo;AP sixi\u00e8me en fran\u00e7ais les \u00e9l\u00e8ves de la classe 608 avaient comme consigne de r\u00e9sumer en images les premi\u00e8res pages de Bilbo le hobbit. Voil\u00e0 quelques uns de leurs travaux. &nbsp; &nbsp; &nbsp; &nbsp; &nbsp; &nbsp; Enseignantes Mmes\u00a0Bourdais et Boutier &nbsp;<\/p>\n<p class=\"continue-reading-button\"> <a class=\"continue-reading-link\" href=\"https:\/\/etab.ac-reunion.fr\/clg-jules-solesse\/bilbo-le-hobbit-dessine-par-des-603\/\">Continue reading<i class=\"crycon-right-dir\"><\/i><\/a><\/p>\n","protected":false},"author":13197,"featured_media":0,"comment_status":"closed","ping_status":"closed","sticky":false,"template":"","format":"standard","meta":{"footnotes":""},"categories":[130],"tags":[],"class_list":["post-10918","post","type-post","status-publish","format-standard","hentry","category-lettres-2"],"_links":{"self":[{"href":"https:\/\/etab.ac-reunion.fr\/clg-jules-solesse\/wp-json\/wp\/v2\/posts\/10918","targetHints":{"allow":["GET"]}}],"collection":[{"href":"https:\/\/etab.ac-reunion.fr\/clg-jules-solesse\/wp-json\/wp\/v2\/posts"}],"about":[{"href":"https:\/\/etab.ac-reunion.fr\/clg-jules-solesse\/wp-json\/wp\/v2\/types\/post"}],"author":[{"embeddable":true,"href":"https:\/\/etab.ac-reunion.fr\/clg-jules-solesse\/wp-json\/wp\/v2\/users\/13197"}],"replies":[{"embeddable":true,"href":"https:\/\/etab.ac-reunion.fr\/clg-jules-solesse\/wp-json\/wp\/v2\/comments?post=10918"}],"version-history":[{"count":23,"href":"https:\/\/etab.ac-reunion.fr\/clg-jules-solesse\/wp-json\/wp\/v2\/posts\/10918\/revisions"}],"predecessor-version":[{"id":10953,"href":"https:\/\/etab.ac-reunion.fr\/clg-jules-solesse\/wp-json\/wp\/v2\/posts\/10918\/revisions\/10953"}],"wp:attachment":[{"href":"https:\/\/etab.ac-reunion.fr\/clg-jules-solesse\/wp-json\/wp\/v2\/media?parent=10918"}],"wp:term":[{"taxonomy":"category","embeddable":true,"href":"https:\/\/etab.ac-reunion.fr\/clg-jules-solesse\/wp-json\/wp\/v2\/categories?post=10918"},{"taxonomy":"post_tag","embeddable":true,"href":"https:\/\/etab.ac-reunion.fr\/clg-jules-solesse\/wp-json\/wp\/v2\/tags?post=10918"}],"curies":[{"name":"wp","href":"https:\/\/api.w.org\/{rel}","templated":true}]}}