{"id":13324,"date":"2022-06-07T11:31:56","date_gmt":"2022-06-07T07:31:56","guid":{"rendered":"http:\/\/college-jules-solesse.ac-reunion.fr\/?p=13324"},"modified":"2026-04-24T08:08:26","modified_gmt":"2026-04-24T04:08:26","slug":"rencontre-avec-nathalie-infante","status":"publish","type":"post","link":"https:\/\/etab.ac-reunion.fr\/clg-jules-solesse\/rencontre-avec-nathalie-infante\/","title":{"rendered":"Rencontre avec Nathalie Infante"},"content":{"rendered":"<blockquote>\n<p style=\"text-align: justify\"><span style=\"font-size: 16pt\">Les \u00e9l\u00e8ves de la classe de 610 de Mme Vot\u00e9, ont eu la chance de rencontrer une autrice, illustratrice, \u00e9ditrice&#8230;en visio au CDI.<\/span><\/p>\n<p style=\"text-align: justify\"><span style=\"font-size: 16pt\">Elle devait venir \u00e0 la rencontre des \u00e9l\u00e8ves de l&rsquo;\u00eele mais, les temps \u00e9tant ce qu&rsquo;ils sont, sa venue est report\u00e9e sans doute \u00e0 l&rsquo;ann\u00e9e prochaine. Devant la d\u00e9ception des \u00e9l\u00e8ves de 610, qui ont pr\u00e9par\u00e9 cette rencontre avec un grand s\u00e9rieux et qui l&rsquo;attendaient avec impatience, Nathalie Infante nous a fait le plaisir d&rsquo;accepter une rencontre en visio.<\/span><\/p>\n<p style=\"text-align: justify\"><span style=\"font-size: 16pt\">Pass\u00e9 le stress de la technique (Grand merci \u00e0 D\u00e9m\u00e9trios qui a aplani tous les probl\u00e8mes technique), celui de la qualit\u00e9 de la connexion, et celui de la r\u00e9action des \u00e9l\u00e8ves devant cette nouvelle forme de rencontre&#8230;.nous avons pass\u00e9 une heure tr\u00e8s chaleureuse en compagnie de Nathalie Infante. Elle s&rsquo;est pli\u00e9e avec sa gentillesse et son \u00e9coute habituelle, au jeu des questions r\u00e9ponses. Elle nous a fait partager son quotidien d&rsquo;illustratrice\/autrice\/\u00e9ditrice depuis son atelier sous les toits de Paris. Elle a ensuite f\u00e9licit\u00e9 les \u00e9l\u00e8ves pour la qualit\u00e9 des textes qu&rsquo;ils ont r\u00e9dig\u00e9 \u00e0 partir de quelques unes de ses illustrations et nous a fait partag\u00e9 ses coups de coeurs artistiques&#8230;..La rencontre c&rsquo;est termin\u00e9 par une salve d&rsquo;applaudissements r\u00e9ciproques&#8230;<\/span><\/p>\n<p>Compte rendu Anne Leclaire<\/p><\/blockquote>\n<hr \/>\n<p><a href=\"https:\/\/etab.ac-reunion.fr\/clg-jules-solesse\/autour-des-illustrations-de-nathalie-infante\/\"><img loading=\"lazy\" decoding=\"async\" class=\" wp-image-13356 alignleft\" src=\"https:\/\/etab.ac-reunion.fr\/clg-jules-solesse\/wp-content\/uploads\/sites\/151\/2022\/06\/logo-infante2.jpg\" alt=\"\" width=\"437\" height=\"329\" srcset=\"https:\/\/etab.ac-reunion.fr\/clg-jules-solesse\/wp-content\/uploads\/sites\/151\/2022\/06\/logo-infante2.jpg 639w, https:\/\/etab.ac-reunion.fr\/clg-jules-solesse\/wp-content\/uploads\/sites\/151\/2022\/06\/logo-infante2-300x226.jpg 300w, https:\/\/etab.ac-reunion.fr\/clg-jules-solesse\/wp-content\/uploads\/sites\/151\/2022\/06\/logo-infante2-150x113.jpg 150w\" sizes=\"auto, (max-width: 437px) 100vw, 437px\" \/><\/a><\/p>\n<p>&nbsp;<\/p>\n<p>&nbsp;<\/p>\n<p>&nbsp;<\/p>\n<p>&nbsp;<\/p>\n<p>&nbsp;<\/p>\n<p>&nbsp;<\/p>\n<p>&nbsp;<\/p>\n<p>&nbsp;<\/p>\n<hr \/>\n<p><span style=\"color: #ff0000\"><strong><span style=\"font-size: 16pt\">L&rsquo;interview de Nathalie Infante par les \u00e9l\u00e8ves de la classe de 610<\/span><\/strong><\/span><\/p>\n<p>&nbsp;<\/p>\n<p><span style=\"font-size: 16pt\">Nathalie Infante, qui \u00eates-vous\u00a0?<\/span><\/p>\n<p><span style=\"font-size: 16pt\">\u00a0\u00a0\u00a0\u00a0\u00a0\u00a0\u00a0\u00a0 J\u2019ai plusieurs m\u00e9tiers\u00a0: je suis illustratrice, autrice et \u00e9ditrice.<\/span><\/p>\n<p><span style=\"font-size: 16pt\">\u00a0\u00a0\u00a0\u00a0\u00a0\u00a0\u00a0\u00a0 Quand j\u2019\u00e9tais enfant, je dessinais beaucoup. J\u2019ai commenc\u00e9 le m\u00e9tier d\u2019illustratrice vers trente ans, apr\u00e8s avoir travaill\u00e9 dans la publicit\u00e9.<\/span><\/p>\n<p><span style=\"font-size: 16pt\">Lorsque j\u2019illustre un livre pour un autre auteur, soit l\u2019auteur me demande une illustration pr\u00e9cise, soit je fais ce qui me semble le mieux.<\/span><\/p>\n<p><span style=\"font-size: 16pt\">\u00a0\u00a0\u00a0\u00a0\u00a0\u00a0\u00a0\u00a0 Je mets entre six mois et un an pour \u00e9crire un livre. Mes premiers livres sont <em>Une journ\u00e9e fourmidable<\/em> et <em>Une fourmi dans le c\u0153ur<\/em> qui datent de 2007. Je suis fi\u00e8re de tous mes livres. J\u2019en ai publi\u00e9 une vingtaine.<\/span><\/p>\n<p><span style=\"font-size: 16pt\">Pour illustrer ou \u00e9crire un livre, je m\u2019inspire du monde qui m\u2019entoure en transformant la r\u00e9alit\u00e9. Je m\u2019inspire aussi d\u2019autres livres.<\/span><\/p>\n<p><span style=\"font-size: 16pt\">\u00a0\u00a0\u00a0\u00a0\u00a0\u00a0\u00a0\u00a0 Lorsque j\u2019allais dans les maisons d\u2019\u00e9dition, on me refusait parfois mes livres. Comme je construis moi-m\u00eame la maquette de mes livres,\u00a0 un \u00e9diteur m\u2019a conseill\u00e9\u00a0 d\u2019\u00eatre ma propre \u00e9ditrice. C\u2019est comme \u00e7a que je le suis devenue.<\/span><\/p>\n<p><span style=\"font-size: 16pt\">\u00a0\u00a0\u00a0\u00a0\u00a0\u00a0\u00a0\u00a0 Ecrire des livres ne rapporte pas beaucoup. Alors, je fais des rencontres avec des \u00e9l\u00e8ves et j\u2019illustre des livres pour d\u2019autres auteurs.<\/span><\/p>\n<hr \/>\n<p><strong><span style=\"font-size: 16pt\">Les photos de la rencontre<\/span><\/strong><\/p>\n<p><img loading=\"lazy\" decoding=\"async\" class=\"aligncenter wp-image-13325\" src=\"https:\/\/etab.ac-reunion.fr\/clg-jules-solesse\/wp-content\/uploads\/sites\/151\/2022\/06\/Travaux-deleves-610-N.jpg\" alt=\"\" width=\"1052\" height=\"702\" srcset=\"https:\/\/etab.ac-reunion.fr\/clg-jules-solesse\/wp-content\/uploads\/sites\/151\/2022\/06\/Travaux-deleves-610-N.jpg 800w, https:\/\/etab.ac-reunion.fr\/clg-jules-solesse\/wp-content\/uploads\/sites\/151\/2022\/06\/Travaux-deleves-610-N-300x200.jpg 300w, https:\/\/etab.ac-reunion.fr\/clg-jules-solesse\/wp-content\/uploads\/sites\/151\/2022\/06\/Travaux-deleves-610-N-768x513.jpg 768w, https:\/\/etab.ac-reunion.fr\/clg-jules-solesse\/wp-content\/uploads\/sites\/151\/2022\/06\/Travaux-deleves-610-N-150x100.jpg 150w\" sizes=\"auto, (max-width: 1052px) 100vw, 1052px\" \/><\/p>\n<p><img loading=\"lazy\" decoding=\"async\" class=\" wp-image-13326\" src=\"https:\/\/etab.ac-reunion.fr\/clg-jules-solesse\/wp-content\/uploads\/sites\/151\/2022\/06\/Travaux-deleves-610-N1.jpg\" alt=\"\" width=\"1062\" height=\"531\" srcset=\"https:\/\/etab.ac-reunion.fr\/clg-jules-solesse\/wp-content\/uploads\/sites\/151\/2022\/06\/Travaux-deleves-610-N1.jpg 800w, https:\/\/etab.ac-reunion.fr\/clg-jules-solesse\/wp-content\/uploads\/sites\/151\/2022\/06\/Travaux-deleves-610-N1-300x150.jpg 300w, https:\/\/etab.ac-reunion.fr\/clg-jules-solesse\/wp-content\/uploads\/sites\/151\/2022\/06\/Travaux-deleves-610-N1-768x384.jpg 768w, https:\/\/etab.ac-reunion.fr\/clg-jules-solesse\/wp-content\/uploads\/sites\/151\/2022\/06\/Travaux-deleves-610-N1-150x75.jpg 150w\" sizes=\"auto, (max-width: 1062px) 100vw, 1062px\" \/><\/p>\n<p><img loading=\"lazy\" decoding=\"async\" class=\"aligncenter wp-image-13327\" src=\"https:\/\/etab.ac-reunion.fr\/clg-jules-solesse\/wp-content\/uploads\/sites\/151\/2022\/06\/Travaux-deleves-610-N2.jpg\" alt=\"\" width=\"1128\" height=\"753\" srcset=\"https:\/\/etab.ac-reunion.fr\/clg-jules-solesse\/wp-content\/uploads\/sites\/151\/2022\/06\/Travaux-deleves-610-N2.jpg 800w, https:\/\/etab.ac-reunion.fr\/clg-jules-solesse\/wp-content\/uploads\/sites\/151\/2022\/06\/Travaux-deleves-610-N2-300x200.jpg 300w, https:\/\/etab.ac-reunion.fr\/clg-jules-solesse\/wp-content\/uploads\/sites\/151\/2022\/06\/Travaux-deleves-610-N2-768x513.jpg 768w, https:\/\/etab.ac-reunion.fr\/clg-jules-solesse\/wp-content\/uploads\/sites\/151\/2022\/06\/Travaux-deleves-610-N2-150x100.jpg 150w\" sizes=\"auto, (max-width: 1128px) 100vw, 1128px\" \/><img loading=\"lazy\" decoding=\"async\" class=\"aligncenter wp-image-13328\" src=\"https:\/\/etab.ac-reunion.fr\/clg-jules-solesse\/wp-content\/uploads\/sites\/151\/2022\/06\/Travaux-deleves-610-N3.jpg\" alt=\"\" width=\"1142\" height=\"571\" srcset=\"https:\/\/etab.ac-reunion.fr\/clg-jules-solesse\/wp-content\/uploads\/sites\/151\/2022\/06\/Travaux-deleves-610-N3.jpg 800w, https:\/\/etab.ac-reunion.fr\/clg-jules-solesse\/wp-content\/uploads\/sites\/151\/2022\/06\/Travaux-deleves-610-N3-300x150.jpg 300w, https:\/\/etab.ac-reunion.fr\/clg-jules-solesse\/wp-content\/uploads\/sites\/151\/2022\/06\/Travaux-deleves-610-N3-768x384.jpg 768w, https:\/\/etab.ac-reunion.fr\/clg-jules-solesse\/wp-content\/uploads\/sites\/151\/2022\/06\/Travaux-deleves-610-N3-150x75.jpg 150w\" sizes=\"auto, (max-width: 1142px) 100vw, 1142px\" \/><\/p>\n<p>&nbsp;<\/p>\n<p>&nbsp;<\/p>\n<p>&nbsp;<\/p>\n<p>&nbsp;<\/p>\n<p>&nbsp;<\/p>\n<p>&nbsp;<\/p>\n","protected":false},"excerpt":{"rendered":"<p>Les \u00e9l\u00e8ves de la classe de 610 de Mme Vot\u00e9, ont eu la chance de rencontrer une autrice, illustratrice, \u00e9ditrice&#8230;en visio au CDI. Elle devait venir \u00e0 la rencontre des \u00e9l\u00e8ves de l&rsquo;\u00eele mais, les temps \u00e9tant ce qu&rsquo;ils sont, sa venue est report\u00e9e sans doute \u00e0 l&rsquo;ann\u00e9e prochaine. Devant\u2026<\/p>\n<p class=\"continue-reading-button\"> <a class=\"continue-reading-link\" href=\"https:\/\/etab.ac-reunion.fr\/clg-jules-solesse\/rencontre-avec-nathalie-infante\/\">Continue reading<i class=\"crycon-right-dir\"><\/i><\/a><\/p>\n","protected":false},"author":13197,"featured_media":0,"comment_status":"closed","ping_status":"closed","sticky":false,"template":"","format":"standard","meta":{"footnotes":""},"categories":[43,52],"tags":[],"class_list":["post-13324","post","type-post","status-publish","format-standard","hentry","category-cdi","category-rencontre-auteurs"],"_links":{"self":[{"href":"https:\/\/etab.ac-reunion.fr\/clg-jules-solesse\/wp-json\/wp\/v2\/posts\/13324","targetHints":{"allow":["GET"]}}],"collection":[{"href":"https:\/\/etab.ac-reunion.fr\/clg-jules-solesse\/wp-json\/wp\/v2\/posts"}],"about":[{"href":"https:\/\/etab.ac-reunion.fr\/clg-jules-solesse\/wp-json\/wp\/v2\/types\/post"}],"author":[{"embeddable":true,"href":"https:\/\/etab.ac-reunion.fr\/clg-jules-solesse\/wp-json\/wp\/v2\/users\/13197"}],"replies":[{"embeddable":true,"href":"https:\/\/etab.ac-reunion.fr\/clg-jules-solesse\/wp-json\/wp\/v2\/comments?post=13324"}],"version-history":[{"count":8,"href":"https:\/\/etab.ac-reunion.fr\/clg-jules-solesse\/wp-json\/wp\/v2\/posts\/13324\/revisions"}],"predecessor-version":[{"id":13360,"href":"https:\/\/etab.ac-reunion.fr\/clg-jules-solesse\/wp-json\/wp\/v2\/posts\/13324\/revisions\/13360"}],"wp:attachment":[{"href":"https:\/\/etab.ac-reunion.fr\/clg-jules-solesse\/wp-json\/wp\/v2\/media?parent=13324"}],"wp:term":[{"taxonomy":"category","embeddable":true,"href":"https:\/\/etab.ac-reunion.fr\/clg-jules-solesse\/wp-json\/wp\/v2\/categories?post=13324"},{"taxonomy":"post_tag","embeddable":true,"href":"https:\/\/etab.ac-reunion.fr\/clg-jules-solesse\/wp-json\/wp\/v2\/tags?post=13324"}],"curies":[{"name":"wp","href":"https:\/\/api.w.org\/{rel}","templated":true}]}}