{"id":13422,"date":"2022-06-17T14:12:16","date_gmt":"2022-06-17T10:12:16","guid":{"rendered":"http:\/\/college-jules-solesse.ac-reunion.fr\/?p=13422"},"modified":"2026-04-16T10:47:53","modified_gmt":"2026-04-16T06:47:53","slug":"le-spectacle-musique-et-danse-de-fin-dannee","status":"publish","type":"post","link":"https:\/\/etab.ac-reunion.fr\/clg-jules-solesse\/le-spectacle-musique-et-danse-de-fin-dannee\/","title":{"rendered":"Le spectacle musique et danse de fin d&rsquo;ann\u00e9e"},"content":{"rendered":"<p><span style=\"font-size: 20pt\"><img loading=\"lazy\" decoding=\"async\" class=\"wp-image-13400 alignleft\" src=\"https:\/\/etab.ac-reunion.fr\/clg-jules-solesse\/wp-content\/uploads\/sites\/151\/2022\/06\/Le-club-musique-presente-1.jpg\" alt=\"\" width=\"505\" height=\"714\" srcset=\"https:\/\/etab.ac-reunion.fr\/clg-jules-solesse\/wp-content\/uploads\/sites\/151\/2022\/06\/Le-club-musique-presente-1.jpg 1587w, https:\/\/etab.ac-reunion.fr\/clg-jules-solesse\/wp-content\/uploads\/sites\/151\/2022\/06\/Le-club-musique-presente-1-212x300.jpg 212w, https:\/\/etab.ac-reunion.fr\/clg-jules-solesse\/wp-content\/uploads\/sites\/151\/2022\/06\/Le-club-musique-presente-1-724x1024.jpg 724w, https:\/\/etab.ac-reunion.fr\/clg-jules-solesse\/wp-content\/uploads\/sites\/151\/2022\/06\/Le-club-musique-presente-1-768x1086.jpg 768w, https:\/\/etab.ac-reunion.fr\/clg-jules-solesse\/wp-content\/uploads\/sites\/151\/2022\/06\/Le-club-musique-presente-1-1086x1536.jpg 1086w, https:\/\/etab.ac-reunion.fr\/clg-jules-solesse\/wp-content\/uploads\/sites\/151\/2022\/06\/Le-club-musique-presente-1-1448x2048.jpg 1448w, https:\/\/etab.ac-reunion.fr\/clg-jules-solesse\/wp-content\/uploads\/sites\/151\/2022\/06\/Le-club-musique-presente-1-106x150.jpg 106w\" sizes=\"auto, (max-width: 505px) 100vw, 505px\" \/><\/span><\/p>\n<p>&nbsp;<\/p>\n<p>&nbsp;<\/p>\n<p>&nbsp;<\/p>\n<p>&nbsp;<\/p>\n<p>&nbsp;<\/p>\n<p>&nbsp;<\/p>\n<p>&nbsp;<\/p>\n<p><span style=\"font-size: 20pt\">Les \u00e9l\u00e8ves du\u00a0 club musique de Marc Elvira, la chorale du personnel du coll\u00e8ge et les \u00e9l\u00e8ves de l&rsquo;Unss danse de Doroth\u00e9e Benard nous ont pr\u00e9sent\u00e9 ce vendredi 17 juin : The concert\u00a0<\/span><\/p>\n<p>&nbsp;<\/p>\n<p>&nbsp;<\/p>\n<p>&nbsp;<\/p>\n<p>&nbsp;<\/p>\n<p>&nbsp;<\/p>\n<p>&nbsp;<\/p>\n<p>&nbsp;<\/p>\n<p>&nbsp;<\/p>\n<p>&nbsp;<\/p>\n<p>&nbsp;<\/p>\n<p>&nbsp;<\/p>\n<p>&nbsp;<\/p>\n<p><img loading=\"lazy\" decoding=\"async\" class=\"aligncenter  wp-image-13409\" src=\"https:\/\/etab.ac-reunion.fr\/clg-jules-solesse\/wp-content\/uploads\/sites\/151\/2022\/06\/concert-marc-17-juin-2022.jpg\" alt=\"\" width=\"1248\" height=\"624\" srcset=\"https:\/\/etab.ac-reunion.fr\/clg-jules-solesse\/wp-content\/uploads\/sites\/151\/2022\/06\/concert-marc-17-juin-2022.jpg 800w, https:\/\/etab.ac-reunion.fr\/clg-jules-solesse\/wp-content\/uploads\/sites\/151\/2022\/06\/concert-marc-17-juin-2022-300x150.jpg 300w, https:\/\/etab.ac-reunion.fr\/clg-jules-solesse\/wp-content\/uploads\/sites\/151\/2022\/06\/concert-marc-17-juin-2022-768x384.jpg 768w, https:\/\/etab.ac-reunion.fr\/clg-jules-solesse\/wp-content\/uploads\/sites\/151\/2022\/06\/concert-marc-17-juin-2022-150x75.jpg 150w\" sizes=\"auto, (max-width: 1248px) 100vw, 1248px\" \/><\/p>\n<p><img loading=\"lazy\" decoding=\"async\" class=\"aligncenter  wp-image-13412\" src=\"https:\/\/etab.ac-reunion.fr\/clg-jules-solesse\/wp-content\/uploads\/sites\/151\/2022\/06\/concert-marc-17-juin-20223.jpg\" alt=\"\" width=\"1024\" height=\"854\" srcset=\"https:\/\/etab.ac-reunion.fr\/clg-jules-solesse\/wp-content\/uploads\/sites\/151\/2022\/06\/concert-marc-17-juin-20223.jpg 800w, https:\/\/etab.ac-reunion.fr\/clg-jules-solesse\/wp-content\/uploads\/sites\/151\/2022\/06\/concert-marc-17-juin-20223-300x250.jpg 300w, https:\/\/etab.ac-reunion.fr\/clg-jules-solesse\/wp-content\/uploads\/sites\/151\/2022\/06\/concert-marc-17-juin-20223-768x640.jpg 768w, https:\/\/etab.ac-reunion.fr\/clg-jules-solesse\/wp-content\/uploads\/sites\/151\/2022\/06\/concert-marc-17-juin-20223-150x125.jpg 150w\" sizes=\"auto, (max-width: 1024px) 100vw, 1024px\" \/> <img loading=\"lazy\" decoding=\"async\" class=\"aligncenter  wp-image-13411\" src=\"https:\/\/etab.ac-reunion.fr\/clg-jules-solesse\/wp-content\/uploads\/sites\/151\/2022\/06\/concert-marc-17-juin-20222.jpg\" alt=\"\" width=\"1068\" height=\"534\" srcset=\"https:\/\/etab.ac-reunion.fr\/clg-jules-solesse\/wp-content\/uploads\/sites\/151\/2022\/06\/concert-marc-17-juin-20222.jpg 800w, https:\/\/etab.ac-reunion.fr\/clg-jules-solesse\/wp-content\/uploads\/sites\/151\/2022\/06\/concert-marc-17-juin-20222-300x150.jpg 300w, https:\/\/etab.ac-reunion.fr\/clg-jules-solesse\/wp-content\/uploads\/sites\/151\/2022\/06\/concert-marc-17-juin-20222-768x384.jpg 768w, https:\/\/etab.ac-reunion.fr\/clg-jules-solesse\/wp-content\/uploads\/sites\/151\/2022\/06\/concert-marc-17-juin-20222-150x75.jpg 150w\" sizes=\"auto, (max-width: 1068px) 100vw, 1068px\" \/> <img loading=\"lazy\" decoding=\"async\" class=\"aligncenter  wp-image-13410\" src=\"https:\/\/etab.ac-reunion.fr\/clg-jules-solesse\/wp-content\/uploads\/sites\/151\/2022\/06\/concert-marc-17-juin-20221.jpg\" alt=\"\" width=\"1120\" height=\"560\" srcset=\"https:\/\/etab.ac-reunion.fr\/clg-jules-solesse\/wp-content\/uploads\/sites\/151\/2022\/06\/concert-marc-17-juin-20221.jpg 800w, https:\/\/etab.ac-reunion.fr\/clg-jules-solesse\/wp-content\/uploads\/sites\/151\/2022\/06\/concert-marc-17-juin-20221-300x150.jpg 300w, https:\/\/etab.ac-reunion.fr\/clg-jules-solesse\/wp-content\/uploads\/sites\/151\/2022\/06\/concert-marc-17-juin-20221-768x384.jpg 768w, https:\/\/etab.ac-reunion.fr\/clg-jules-solesse\/wp-content\/uploads\/sites\/151\/2022\/06\/concert-marc-17-juin-20221-150x75.jpg 150w\" sizes=\"auto, (max-width: 1120px) 100vw, 1120px\" \/><img loading=\"lazy\" decoding=\"async\" class=\"aligncenter  wp-image-13414\" src=\"https:\/\/etab.ac-reunion.fr\/clg-jules-solesse\/wp-content\/uploads\/sites\/151\/2022\/06\/concert-marc-17-juin-20227.jpg\" alt=\"\" width=\"1140\" height=\"570\" srcset=\"https:\/\/etab.ac-reunion.fr\/clg-jules-solesse\/wp-content\/uploads\/sites\/151\/2022\/06\/concert-marc-17-juin-20227.jpg 800w, https:\/\/etab.ac-reunion.fr\/clg-jules-solesse\/wp-content\/uploads\/sites\/151\/2022\/06\/concert-marc-17-juin-20227-300x150.jpg 300w, https:\/\/etab.ac-reunion.fr\/clg-jules-solesse\/wp-content\/uploads\/sites\/151\/2022\/06\/concert-marc-17-juin-20227-768x384.jpg 768w, https:\/\/etab.ac-reunion.fr\/clg-jules-solesse\/wp-content\/uploads\/sites\/151\/2022\/06\/concert-marc-17-juin-20227-150x75.jpg 150w\" sizes=\"auto, (max-width: 1140px) 100vw, 1140px\" \/> <img loading=\"lazy\" decoding=\"async\" class=\"aligncenter  wp-image-13416\" src=\"https:\/\/etab.ac-reunion.fr\/clg-jules-solesse\/wp-content\/uploads\/sites\/151\/2022\/06\/concert-marc-17-juin-20229.jpg\" alt=\"\" width=\"1204\" height=\"602\" srcset=\"https:\/\/etab.ac-reunion.fr\/clg-jules-solesse\/wp-content\/uploads\/sites\/151\/2022\/06\/concert-marc-17-juin-20229.jpg 800w, https:\/\/etab.ac-reunion.fr\/clg-jules-solesse\/wp-content\/uploads\/sites\/151\/2022\/06\/concert-marc-17-juin-20229-300x150.jpg 300w, https:\/\/etab.ac-reunion.fr\/clg-jules-solesse\/wp-content\/uploads\/sites\/151\/2022\/06\/concert-marc-17-juin-20229-768x384.jpg 768w, https:\/\/etab.ac-reunion.fr\/clg-jules-solesse\/wp-content\/uploads\/sites\/151\/2022\/06\/concert-marc-17-juin-20229-150x75.jpg 150w\" sizes=\"auto, (max-width: 1204px) 100vw, 1204px\" \/> <img loading=\"lazy\" decoding=\"async\" class=\"aligncenter  wp-image-13415\" src=\"https:\/\/etab.ac-reunion.fr\/clg-jules-solesse\/wp-content\/uploads\/sites\/151\/2022\/06\/concert-marc-17-juin-20228.jpg\" alt=\"\" width=\"1250\" height=\"625\" srcset=\"https:\/\/etab.ac-reunion.fr\/clg-jules-solesse\/wp-content\/uploads\/sites\/151\/2022\/06\/concert-marc-17-juin-20228.jpg 800w, https:\/\/etab.ac-reunion.fr\/clg-jules-solesse\/wp-content\/uploads\/sites\/151\/2022\/06\/concert-marc-17-juin-20228-300x150.jpg 300w, https:\/\/etab.ac-reunion.fr\/clg-jules-solesse\/wp-content\/uploads\/sites\/151\/2022\/06\/concert-marc-17-juin-20228-768x384.jpg 768w, https:\/\/etab.ac-reunion.fr\/clg-jules-solesse\/wp-content\/uploads\/sites\/151\/2022\/06\/concert-marc-17-juin-20228-150x75.jpg 150w\" sizes=\"auto, (max-width: 1250px) 100vw, 1250px\" \/> <img loading=\"lazy\" decoding=\"async\" class=\"aligncenter  wp-image-13417\" src=\"https:\/\/etab.ac-reunion.fr\/clg-jules-solesse\/wp-content\/uploads\/sites\/151\/2022\/06\/concert-marc-17-juin-202210.jpg\" alt=\"\" width=\"606\" height=\"1212\" srcset=\"https:\/\/etab.ac-reunion.fr\/clg-jules-solesse\/wp-content\/uploads\/sites\/151\/2022\/06\/concert-marc-17-juin-202210.jpg 400w, https:\/\/etab.ac-reunion.fr\/clg-jules-solesse\/wp-content\/uploads\/sites\/151\/2022\/06\/concert-marc-17-juin-202210-150x300.jpg 150w, https:\/\/etab.ac-reunion.fr\/clg-jules-solesse\/wp-content\/uploads\/sites\/151\/2022\/06\/concert-marc-17-juin-202210-75x150.jpg 75w\" sizes=\"auto, (max-width: 606px) 100vw, 606px\" \/><\/p>\n<p>&nbsp;<\/p>\n<p style=\"text-align: center\"><span style=\"font-size: 20pt;font-family: 'trebuchet ms', geneva, sans-serif\">BRAVO ET MERCI A TOUS !<\/span><\/p>\n","protected":false},"excerpt":{"rendered":"<p>&nbsp; &nbsp; &nbsp; &nbsp; &nbsp; &nbsp; &nbsp; Les \u00e9l\u00e8ves du\u00a0 club musique de Marc Elvira, la chorale du personnel du coll\u00e8ge et les \u00e9l\u00e8ves de l&rsquo;Unss danse de Doroth\u00e9e Benard nous ont pr\u00e9sent\u00e9 ce vendredi 17 juin : The concert\u00a0 &nbsp; &nbsp; &nbsp; &nbsp; &nbsp; &nbsp; &nbsp; &nbsp; &nbsp; &nbsp;\u2026<\/p>\n<p class=\"continue-reading-button\"> <a class=\"continue-reading-link\" href=\"https:\/\/etab.ac-reunion.fr\/clg-jules-solesse\/le-spectacle-musique-et-danse-de-fin-dannee\/\">Continue reading<i class=\"crycon-right-dir\"><\/i><\/a><\/p>\n","protected":false},"author":13197,"featured_media":0,"comment_status":"closed","ping_status":"closed","sticky":false,"template":"","format":"standard","meta":{"footnotes":""},"categories":[123,128],"tags":[],"class_list":["post-13422","post","type-post","status-publish","format-standard","hentry","category-clubs","category-nos-eleves-ont-du-talent"],"_links":{"self":[{"href":"https:\/\/etab.ac-reunion.fr\/clg-jules-solesse\/wp-json\/wp\/v2\/posts\/13422","targetHints":{"allow":["GET"]}}],"collection":[{"href":"https:\/\/etab.ac-reunion.fr\/clg-jules-solesse\/wp-json\/wp\/v2\/posts"}],"about":[{"href":"https:\/\/etab.ac-reunion.fr\/clg-jules-solesse\/wp-json\/wp\/v2\/types\/post"}],"author":[{"embeddable":true,"href":"https:\/\/etab.ac-reunion.fr\/clg-jules-solesse\/wp-json\/wp\/v2\/users\/13197"}],"replies":[{"embeddable":true,"href":"https:\/\/etab.ac-reunion.fr\/clg-jules-solesse\/wp-json\/wp\/v2\/comments?post=13422"}],"version-history":[{"count":1,"href":"https:\/\/etab.ac-reunion.fr\/clg-jules-solesse\/wp-json\/wp\/v2\/posts\/13422\/revisions"}],"predecessor-version":[{"id":13423,"href":"https:\/\/etab.ac-reunion.fr\/clg-jules-solesse\/wp-json\/wp\/v2\/posts\/13422\/revisions\/13423"}],"wp:attachment":[{"href":"https:\/\/etab.ac-reunion.fr\/clg-jules-solesse\/wp-json\/wp\/v2\/media?parent=13422"}],"wp:term":[{"taxonomy":"category","embeddable":true,"href":"https:\/\/etab.ac-reunion.fr\/clg-jules-solesse\/wp-json\/wp\/v2\/categories?post=13422"},{"taxonomy":"post_tag","embeddable":true,"href":"https:\/\/etab.ac-reunion.fr\/clg-jules-solesse\/wp-json\/wp\/v2\/tags?post=13422"}],"curies":[{"name":"wp","href":"https:\/\/api.w.org\/{rel}","templated":true}]}}