{"id":14358,"date":"2022-12-09T10:39:14","date_gmt":"2022-12-09T06:39:14","guid":{"rendered":"https:\/\/etab.ac-reunion.fr\/clg-jules-solesse\/?p=14358"},"modified":"2024-11-08T10:17:55","modified_gmt":"2024-11-08T06:17:55","slug":"14358-2","status":"publish","type":"post","link":"https:\/\/etab.ac-reunion.fr\/clg-jules-solesse\/14358-2\/","title":{"rendered":"9 d\u00e9c. Journ\u00e9e de la La\u00efcit\u00e9"},"content":{"rendered":"<p style=\"text-align: center\"><span style=\"font-size: 16pt;font-family: trebuchet ms, geneva, sans-serif\">Dans le cadre de la Journ\u00e9e de la la\u00efcit\u00e9, des \u00e9l\u00e8ves de 610 ont chant\u00e9 une chanson ,\u00e9crite pour l&rsquo;occasion, pendant la r\u00e9cr\u00e9ation.<\/span><\/p>\n<p style=\"text-align: center\"><span style=\"font-size: 16pt;font-family: trebuchet ms, geneva, sans-serif\">Une belle initiative qui a ouvert en id\u00e9es et en musique cette journ\u00e9e plac\u00e9e sous le signe de <\/span><\/p>\n<p style=\"text-align: center\"><span style=\"font-size: 16pt;font-family: trebuchet ms, geneva, sans-serif\">\u00ab\u00a0La La\u00efcit\u00e9 c&rsquo;est la Libert\u00e9\u00a0\u00bb<\/span><\/p>\n<p>&nbsp;<\/p>\n<div class=\"su-youtube su-u-responsive-media-no\"><iframe loading=\"lazy\" width=\"500\" height=\"300\" src=\"https:\/\/www.youtube.com\/embed\/x9deAiqtSzY?\" frameborder=\"0\" allowfullscreen allow=\"autoplay; encrypted-media; picture-in-picture\" title=\"\"><\/iframe><\/div>\n<p><span style=\"font-family: trebuchet ms, geneva, sans-serif;font-size: 14pt\">Paroles<\/span><\/p>\n<p><span style=\"font-family: trebuchet ms, geneva, sans-serif;font-size: 14pt\">REFRAIN<\/span><\/p>\n<p><span style=\"font-family: trebuchet ms, geneva, sans-serif;font-size: 14pt\">La\u00efcit\u00e9, La\u00efcit\u00e9, La\u00efcit\u00e9, La\u00efcit\u00e9<\/span><\/p>\n<p><span style=\"font-family: trebuchet ms, geneva, sans-serif;font-size: 14pt\">La la\u00efcit\u00e9 c&rsquo;est pas compliqu\u00e9 vous entendez c&rsquo;est tr\u00e8s simple.<\/span><\/p>\n<p><span style=\"font-family: trebuchet ms, geneva, sans-serif;font-size: 14pt\">N&rsquo;\u00e9coutez pas les pr\u00e9jug\u00e9s, croire en un dieu ou pas, polyth\u00e9iste t&rsquo;as l&rsquo;droit<\/span><\/p>\n<p><span style=\"font-family: trebuchet ms, geneva, sans-serif;font-size: 14pt\">Mais par contre juges pas<\/span><\/p>\n<p><span style=\"font-family: trebuchet ms, geneva, sans-serif;font-size: 14pt\">REFRAIN X2<\/span><\/p>\n<p><span style=\"font-family: trebuchet ms, geneva, sans-serif;font-size: 14pt\">Ne te laisse pas influencer par tous ces pr\u00e9jug\u00e9s.<\/span><\/p>\n<p><span style=\"font-family: trebuchet ms, geneva, sans-serif;font-size: 14pt\">Fais ce que tu veux mais sois discret \u00e0 l&rsquo;\u00e9cole c&rsquo;est priv\u00e9 !<\/span><\/p>\n<p>&nbsp;<\/p>\n<p>&nbsp;<\/p>\n","protected":false},"excerpt":{"rendered":"<p>Dans le cadre de la Journ\u00e9e de la la\u00efcit\u00e9, des \u00e9l\u00e8ves de 610 ont chant\u00e9 une chanson ,\u00e9crite pour l&rsquo;occasion, pendant la r\u00e9cr\u00e9ation. Une belle initiative qui a ouvert en id\u00e9es et en musique cette journ\u00e9e plac\u00e9e sous le signe de \u00ab\u00a0La La\u00efcit\u00e9 c&rsquo;est la Libert\u00e9\u00a0\u00bb &nbsp; Paroles REFRAIN La\u00efcit\u00e9,\u2026<\/p>\n<p class=\"continue-reading-button\"> <a class=\"continue-reading-link\" href=\"https:\/\/etab.ac-reunion.fr\/clg-jules-solesse\/14358-2\/\">Continue reading<i class=\"crycon-right-dir\"><\/i><\/a><\/p>\n","protected":false},"author":13197,"featured_media":14364,"comment_status":"closed","ping_status":"closed","sticky":false,"template":"","format":"standard","meta":{"footnotes":""},"categories":[31],"tags":[],"class_list":["post-14358","post","type-post","status-publish","format-standard","has-post-thumbnail","hentry","category-ca-bouge-a-solesse"],"_links":{"self":[{"href":"https:\/\/etab.ac-reunion.fr\/clg-jules-solesse\/wp-json\/wp\/v2\/posts\/14358","targetHints":{"allow":["GET"]}}],"collection":[{"href":"https:\/\/etab.ac-reunion.fr\/clg-jules-solesse\/wp-json\/wp\/v2\/posts"}],"about":[{"href":"https:\/\/etab.ac-reunion.fr\/clg-jules-solesse\/wp-json\/wp\/v2\/types\/post"}],"author":[{"embeddable":true,"href":"https:\/\/etab.ac-reunion.fr\/clg-jules-solesse\/wp-json\/wp\/v2\/users\/13197"}],"replies":[{"embeddable":true,"href":"https:\/\/etab.ac-reunion.fr\/clg-jules-solesse\/wp-json\/wp\/v2\/comments?post=14358"}],"version-history":[{"count":12,"href":"https:\/\/etab.ac-reunion.fr\/clg-jules-solesse\/wp-json\/wp\/v2\/posts\/14358\/revisions"}],"predecessor-version":[{"id":14373,"href":"https:\/\/etab.ac-reunion.fr\/clg-jules-solesse\/wp-json\/wp\/v2\/posts\/14358\/revisions\/14373"}],"wp:featuredmedia":[{"embeddable":true,"href":"https:\/\/etab.ac-reunion.fr\/clg-jules-solesse\/wp-json\/wp\/v2\/media\/14364"}],"wp:attachment":[{"href":"https:\/\/etab.ac-reunion.fr\/clg-jules-solesse\/wp-json\/wp\/v2\/media?parent=14358"}],"wp:term":[{"taxonomy":"category","embeddable":true,"href":"https:\/\/etab.ac-reunion.fr\/clg-jules-solesse\/wp-json\/wp\/v2\/categories?post=14358"},{"taxonomy":"post_tag","embeddable":true,"href":"https:\/\/etab.ac-reunion.fr\/clg-jules-solesse\/wp-json\/wp\/v2\/tags?post=14358"}],"curies":[{"name":"wp","href":"https:\/\/api.w.org\/{rel}","templated":true}]}}