{"id":14939,"date":"2023-04-24T12:25:26","date_gmt":"2023-04-24T08:25:26","guid":{"rendered":"https:\/\/etab.ac-reunion.fr\/clg-jules-solesse\/?p=14939"},"modified":"2023-09-29T10:34:02","modified_gmt":"2023-09-29T06:34:02","slug":"2eme-semaine-de-legalite-des-genres","status":"publish","type":"post","link":"https:\/\/etab.ac-reunion.fr\/clg-jules-solesse\/2eme-semaine-de-legalite-des-genres\/","title":{"rendered":"2\u00e8me Semaine de l&rsquo;\u00e9galit\u00e9 des genres"},"content":{"rendered":"<p><span style=\"font-size: 20pt;font-family: trebuchet ms, geneva, sans-serif\">Du 24 au 28 avril 2023 c&rsquo;\u00e9tait la Semaine de l&rsquo;\u00e9galit\u00e9 des genres au coll\u00e8ge.<\/span><\/p>\n<div class=\"su-custom-gallery su-custom-gallery-align-left su-custom-gallery-title-never\"><div class=\"su-custom-gallery-slide\" style=\"width:290px;height:230px\"><a href=\"https:\/\/etab.ac-reunion.fr\/clg-jules-solesse\/page-daccueil\/semaine-de-legalite-des-genres-2\/\" target=\"_blank\" title=\"Semaine de l&rsquo;\u00e9galit\u00e9 des genres 2\"><img loading=\"lazy\" decoding=\"async\" src=\"https:\/\/etab.ac-reunion.fr\/clg-jules-solesse\/wp-content\/uploads\/sites\/151\/2023\/04\/Semaine-de-legalite-des-genres-2.jpg\" alt=\"Semaine de l&rsquo;\u00e9galit\u00e9 des genres 2\" width=\"290\" height=\"230\" \/><span class=\"su-custom-gallery-title\">Semaine de l&rsquo;\u00e9galit\u00e9 des genres 2<\/span><\/a><\/div><div class=\"su-custom-gallery-slide\" style=\"width:290px;height:230px\"><a href=\"https:\/\/etab.ac-reunion.fr\/clg-jules-solesse\/2eme-semaine-de-legalite-des-genres\/expo-galerie-f13\/\" target=\"_blank\" title=\"expo galerie F13\"><img loading=\"lazy\" decoding=\"async\" src=\"https:\/\/etab.ac-reunion.fr\/clg-jules-solesse\/wp-content\/uploads\/sites\/151\/2023\/04\/expo-galerie-F13-e1682324640470.jpg\" alt=\"expo galerie F13\" width=\"290\" height=\"230\" \/><span class=\"su-custom-gallery-title\">expo galerie F13<\/span><\/a><\/div><div class=\"su-custom-gallery-slide\" style=\"width:290px;height:230px\"><a href=\"https:\/\/etab.ac-reunion.fr\/clg-jules-solesse\/page-daccueil\/black-and-white-retro-minimalist-movie-night-poster5\/\" target=\"_blank\" title=\"Black and White Retro Minimalist Movie Night Poster(5)\"><img loading=\"lazy\" decoding=\"async\" src=\"https:\/\/etab.ac-reunion.fr\/clg-jules-solesse\/wp-content\/uploads\/sites\/151\/2023\/04\/Black-and-White-Retro-Minimalist-Movie-Night-Poster5.jpg\" alt=\"Black and White Retro Minimalist Movie Night Poster(5)\" width=\"290\" height=\"230\" \/><span class=\"su-custom-gallery-title\">Black and White Retro Minimalist Movie Night Poster(5)<\/span><\/a><\/div><div class=\"su-clear\"><\/div><\/div>\n<hr \/>\n<p>&nbsp;<\/p>\n<div class=\"su-table su-table-alternate su-table-fixed\">\n<table style=\"height: 345px\" width=\"1394\">\n<tbody>\n<tr>\n<td><strong>LA FRESQUE DE FLO\u00c9<\/strong><\/td>\n<td style=\"text-align: center\"><strong><span style=\"font-size: 14pt\">INAUGURATION<\/span><\/strong><\/td>\n<\/tr>\n<tr>\n<td><span style=\"font-size: 14pt\"><span style=\"font-family: trebuchet ms, geneva, sans-serif\">Pendant la semaine, la street artiste Flo\u00e9 a cr\u00e9e une fresque sous le pr\u00e9au &#8230;<\/span><\/span><br \/>\n<a href=\"https:\/\/etab.ac-reunion.fr\/clg-jules-solesse\/la-fresque-egalite-des-genres-de-floe\/\"><img loading=\"lazy\" decoding=\"async\" class=\"alignnone wp-image-14956\" src=\"https:\/\/etab.ac-reunion.fr\/clg-jules-solesse\/wp-content\/uploads\/sites\/151\/2023\/05\/20230428_134716-002.jpg\" alt=\"\" width=\"624\" height=\"256\" srcset=\"https:\/\/etab.ac-reunion.fr\/clg-jules-solesse\/wp-content\/uploads\/sites\/151\/2023\/05\/20230428_134716-002.jpg 800w, https:\/\/etab.ac-reunion.fr\/clg-jules-solesse\/wp-content\/uploads\/sites\/151\/2023\/05\/20230428_134716-002-300x123.jpg 300w, https:\/\/etab.ac-reunion.fr\/clg-jules-solesse\/wp-content\/uploads\/sites\/151\/2023\/05\/20230428_134716-002-768x315.jpg 768w, https:\/\/etab.ac-reunion.fr\/clg-jules-solesse\/wp-content\/uploads\/sites\/151\/2023\/05\/20230428_134716-002-150x62.jpg 150w\" sizes=\"auto, (max-width: 624px) 100vw, 624px\" \/><\/a><\/td>\n<td style=\"text-align: left\">\n<p style=\"text-align: center\"><span style=\"font-family: trebuchet ms, geneva, sans-serif;font-size: 14pt\"> Prestations d&rsquo;\u00e9l\u00e8ves pour la cl\u00f4ture de la semaine<\/span><a href=\"https:\/\/etab.ac-reunion.fr\/clg-jules-solesse\/inauguration-de-la-fresque-et-cloture-de-la-semaine\/\"><img loading=\"lazy\" decoding=\"async\" class=\"wp-image-15023 aligncenter\" src=\"https:\/\/etab.ac-reunion.fr\/clg-jules-solesse\/wp-content\/uploads\/sites\/151\/2023\/04\/inauguration-R.jpg\" alt=\"\" width=\"340\" height=\"170\" srcset=\"https:\/\/etab.ac-reunion.fr\/clg-jules-solesse\/wp-content\/uploads\/sites\/151\/2023\/04\/inauguration-R.jpg 800w, https:\/\/etab.ac-reunion.fr\/clg-jules-solesse\/wp-content\/uploads\/sites\/151\/2023\/04\/inauguration-R-300x150.jpg 300w, https:\/\/etab.ac-reunion.fr\/clg-jules-solesse\/wp-content\/uploads\/sites\/151\/2023\/04\/inauguration-R-768x384.jpg 768w, https:\/\/etab.ac-reunion.fr\/clg-jules-solesse\/wp-content\/uploads\/sites\/151\/2023\/04\/inauguration-R-150x75.jpg 150w\" sizes=\"auto, (max-width: 340px) 100vw, 340px\" \/><\/a><\/p>\n<\/td>\n<\/tr>\n<\/tbody>\n<\/table>\n<\/div>\n<p>&nbsp;<\/p>\n<p><span style=\"font-size: 18pt;font-family: trebuchet ms, geneva, sans-serif\"><strong>LA FRESQUE DE FLO\u00c9<\/strong><\/span><\/p>\n<p>&nbsp;<\/p>\n<hr \/>\n<p><strong><span style=\"font-size: 18pt;font-family: trebuchet ms, geneva, sans-serif\">TH\u00c9\u00c2TRE FORUM POUR LES \u00c9L\u00c8VES DE 3EME<\/span><\/strong><\/p>\n<p><img loading=\"lazy\" decoding=\"async\" class=\"size-full wp-image-14975 alignleft\" src=\"https:\/\/etab.ac-reunion.fr\/clg-jules-solesse\/wp-content\/uploads\/sites\/151\/2023\/04\/Theatre-forum.jpg\" alt=\"\" width=\"800\" height=\"566\" srcset=\"https:\/\/etab.ac-reunion.fr\/clg-jules-solesse\/wp-content\/uploads\/sites\/151\/2023\/04\/Theatre-forum.jpg 800w, https:\/\/etab.ac-reunion.fr\/clg-jules-solesse\/wp-content\/uploads\/sites\/151\/2023\/04\/Theatre-forum-300x212.jpg 300w, https:\/\/etab.ac-reunion.fr\/clg-jules-solesse\/wp-content\/uploads\/sites\/151\/2023\/04\/Theatre-forum-768x543.jpg 768w, https:\/\/etab.ac-reunion.fr\/clg-jules-solesse\/wp-content\/uploads\/sites\/151\/2023\/04\/Theatre-forum-150x106.jpg 150w\" sizes=\"auto, (max-width: 800px) 100vw, 800px\" \/><\/p>\n<ul>\n<li><span style=\"font-size: 14pt\">Le th\u00e9\u00e2tre forum est une forme th\u00e9\u00e2trale interactive dans laquelle le public prend part \u00e0 la situation jou\u00e9e<\/span><\/li>\n<\/ul>\n<ul>\n<li><span style=\"font-size: 14pt\">C\u2019est un outil de sensibilisation car il permet d\u2019impacter les personnes par l\u2019expression directe et spontan\u00e9e, en interrogeant nos pr\u00e9jug\u00e9s sur les th\u00e8mes du sexisme, de la discrimination et des violences\u00a0 \u00a0 Texte site de <a href=\"https:\/\/chancegal.com\/\">\u00ab\u00a0Chancegal\u00a0\u00bb\u00a0<\/a><\/span><\/li>\n<\/ul>\n<blockquote><p>Le retour de Delixia&#8230;..<\/p>\n<p>\u00a0\u00bb Des \u00e9l\u00e8ves impliqu\u00e9s, jouant parfaitement le jeu. Attentifs, et concern\u00e9s. &#8230;..Ce qui ressort c&rsquo;est que les \u00e9l\u00e8ves avaient d\u00e9j\u00e0 travaill\u00e9 le sujet donc on va vite \u00e0 l&rsquo;essentiel&#8230;.. \u00ab\u00a0<\/p><\/blockquote>\n<p>&nbsp;<\/p>\n<p>&nbsp;<\/p>\n<p>&nbsp;<\/p>\n<p>&nbsp;<\/p>\n<p>&nbsp;<\/p>\n<hr \/>\n<p><span style=\"font-size: 18pt;font-family: trebuchet ms, geneva, sans-serif\"><img loading=\"lazy\" decoding=\"async\" class=\"wp-image-14940 alignleft\" src=\"https:\/\/etab.ac-reunion.fr\/clg-jules-solesse\/wp-content\/uploads\/sites\/151\/2023\/04\/expo-galerie-F13-e1682324640470.jpg\" alt=\"\" width=\"495\" height=\"703\" srcset=\"https:\/\/etab.ac-reunion.fr\/clg-jules-solesse\/wp-content\/uploads\/sites\/151\/2023\/04\/expo-galerie-F13-e1682324640470.jpg 1541w, https:\/\/etab.ac-reunion.fr\/clg-jules-solesse\/wp-content\/uploads\/sites\/151\/2023\/04\/expo-galerie-F13-e1682324640470-211x300.jpg 211w, https:\/\/etab.ac-reunion.fr\/clg-jules-solesse\/wp-content\/uploads\/sites\/151\/2023\/04\/expo-galerie-F13-e1682324640470-721x1024.jpg 721w, https:\/\/etab.ac-reunion.fr\/clg-jules-solesse\/wp-content\/uploads\/sites\/151\/2023\/04\/expo-galerie-F13-e1682324640470-768x1091.jpg 768w, https:\/\/etab.ac-reunion.fr\/clg-jules-solesse\/wp-content\/uploads\/sites\/151\/2023\/04\/expo-galerie-F13-e1682324640470-1081x1536.jpg 1081w, https:\/\/etab.ac-reunion.fr\/clg-jules-solesse\/wp-content\/uploads\/sites\/151\/2023\/04\/expo-galerie-F13-e1682324640470-1441x2048.jpg 1441w, https:\/\/etab.ac-reunion.fr\/clg-jules-solesse\/wp-content\/uploads\/sites\/151\/2023\/04\/expo-galerie-F13-e1682324640470-106x150.jpg 106w\" sizes=\"auto, (max-width: 495px) 100vw, 495px\" \/><\/span><\/p>\n<p><img loading=\"lazy\" decoding=\"async\" class=\"alignnone size-full wp-image-15001\" src=\"https:\/\/etab.ac-reunion.fr\/clg-jules-solesse\/wp-content\/uploads\/sites\/151\/2023\/04\/Semaine-egalite8.jpg\" alt=\"\" width=\"800\" height=\"450\" srcset=\"https:\/\/etab.ac-reunion.fr\/clg-jules-solesse\/wp-content\/uploads\/sites\/151\/2023\/04\/Semaine-egalite8.jpg 800w, https:\/\/etab.ac-reunion.fr\/clg-jules-solesse\/wp-content\/uploads\/sites\/151\/2023\/04\/Semaine-egalite8-300x169.jpg 300w, https:\/\/etab.ac-reunion.fr\/clg-jules-solesse\/wp-content\/uploads\/sites\/151\/2023\/04\/Semaine-egalite8-768x432.jpg 768w, https:\/\/etab.ac-reunion.fr\/clg-jules-solesse\/wp-content\/uploads\/sites\/151\/2023\/04\/Semaine-egalite8-150x84.jpg 150w\" sizes=\"auto, (max-width: 800px) 100vw, 800px\" \/>Enseignants : Les profs d&rsquo;arts plastiques.<\/p>\n<p>Oeuvres pr\u00eat\u00e9es par L&rsquo;Arthoth\u00e8que de la R\u00e9union.<\/p>\n<p><img loading=\"lazy\" decoding=\"async\" class=\"alignnone wp-image-15059\" src=\"https:\/\/etab.ac-reunion.fr\/clg-jules-solesse\/wp-content\/uploads\/sites\/151\/2023\/05\/mots-deleves-galerie-F13-venus.jpg\" alt=\"\" width=\"204\" height=\"173\" srcset=\"https:\/\/etab.ac-reunion.fr\/clg-jules-solesse\/wp-content\/uploads\/sites\/151\/2023\/05\/mots-deleves-galerie-F13-venus.jpg 1538w, https:\/\/etab.ac-reunion.fr\/clg-jules-solesse\/wp-content\/uploads\/sites\/151\/2023\/05\/mots-deleves-galerie-F13-venus-300x253.jpg 300w, https:\/\/etab.ac-reunion.fr\/clg-jules-solesse\/wp-content\/uploads\/sites\/151\/2023\/05\/mots-deleves-galerie-F13-venus-1024x865.jpg 1024w, https:\/\/etab.ac-reunion.fr\/clg-jules-solesse\/wp-content\/uploads\/sites\/151\/2023\/05\/mots-deleves-galerie-F13-venus-768x649.jpg 768w, https:\/\/etab.ac-reunion.fr\/clg-jules-solesse\/wp-content\/uploads\/sites\/151\/2023\/05\/mots-deleves-galerie-F13-venus-1536x1297.jpg 1536w, https:\/\/etab.ac-reunion.fr\/clg-jules-solesse\/wp-content\/uploads\/sites\/151\/2023\/05\/mots-deleves-galerie-F13-venus-150x127.jpg 150w\" sizes=\"auto, (max-width: 204px) 100vw, 204px\" \/><\/p>\n<hr \/>\n<p>L&rsquo;EXPO DANS L&rsquo;ESPACE \u00ab\u00a0EXPOSITION\u00a0\u00bb DANS LA <strong>KOUR DES Z&rsquo;ARTS<\/strong><\/p>\n<p><img loading=\"lazy\" decoding=\"async\" class=\"size-full wp-image-15003 alignleft\" src=\"https:\/\/etab.ac-reunion.fr\/clg-jules-solesse\/wp-content\/uploads\/sites\/151\/2023\/04\/Semaine-egalite9.jpg\" alt=\"\" width=\"800\" height=\"450\" srcset=\"https:\/\/etab.ac-reunion.fr\/clg-jules-solesse\/wp-content\/uploads\/sites\/151\/2023\/04\/Semaine-egalite9.jpg 800w, https:\/\/etab.ac-reunion.fr\/clg-jules-solesse\/wp-content\/uploads\/sites\/151\/2023\/04\/Semaine-egalite9-300x169.jpg 300w, https:\/\/etab.ac-reunion.fr\/clg-jules-solesse\/wp-content\/uploads\/sites\/151\/2023\/04\/Semaine-egalite9-768x432.jpg 768w, https:\/\/etab.ac-reunion.fr\/clg-jules-solesse\/wp-content\/uploads\/sites\/151\/2023\/04\/Semaine-egalite9-150x84.jpg 150w\" sizes=\"auto, (max-width: 800px) 100vw, 800px\" \/>Travail fait par les 304 \/305\/ 306 \/307\/308\/309<\/p>\n<p>D\u00e9tourner les Nanas de Nikki de Saint Phalle pour faire passer les revendications f\u00e9ministes de d\u00e9but du 21e si\u00e8cle.<\/p>\n<p>&nbsp;<\/p>\n<p>&nbsp;<\/p>\n<p>&nbsp;<\/p>\n<p>&nbsp;<\/p>\n<p>&nbsp;<\/p>\n<p>&nbsp;<\/p>\n<p>&nbsp;<\/p>\n<p>&nbsp;<\/p>\n<p>&nbsp;<\/p>\n<p>Enseignant Nicolas Poudret . Arts Platiques<\/p>\n<hr \/>\n<p><strong>PERFORMANCES ET INSTALLATIONS D\u2019\u00c9L\u00c8VES PENDANT LES R\u00c9CR\u00c9S<\/strong><\/p>\n<p><img loading=\"lazy\" decoding=\"async\" class=\"alignnone size-full wp-image-15019\" src=\"https:\/\/etab.ac-reunion.fr\/clg-jules-solesse\/wp-content\/uploads\/sites\/151\/2023\/04\/Semaine-egalite10.jpg\" alt=\"\" width=\"800\" height=\"640\" srcset=\"https:\/\/etab.ac-reunion.fr\/clg-jules-solesse\/wp-content\/uploads\/sites\/151\/2023\/04\/Semaine-egalite10.jpg 800w, https:\/\/etab.ac-reunion.fr\/clg-jules-solesse\/wp-content\/uploads\/sites\/151\/2023\/04\/Semaine-egalite10-300x240.jpg 300w, https:\/\/etab.ac-reunion.fr\/clg-jules-solesse\/wp-content\/uploads\/sites\/151\/2023\/04\/Semaine-egalite10-768x614.jpg 768w, https:\/\/etab.ac-reunion.fr\/clg-jules-solesse\/wp-content\/uploads\/sites\/151\/2023\/04\/Semaine-egalite10-150x120.jpg 150w\" sizes=\"auto, (max-width: 800px) 100vw, 800px\" \/>Enseignante : Julie Chanal, ARts platiques<\/p>\n<p>&nbsp;<\/p>\n<p><img loading=\"lazy\" decoding=\"async\" class=\"alignnone size-full wp-image-15018\" src=\"https:\/\/etab.ac-reunion.fr\/clg-jules-solesse\/wp-content\/uploads\/sites\/151\/2023\/04\/Semaine-egalite7-1.jpg\" alt=\"\" width=\"800\" height=\"566\" srcset=\"https:\/\/etab.ac-reunion.fr\/clg-jules-solesse\/wp-content\/uploads\/sites\/151\/2023\/04\/Semaine-egalite7-1.jpg 800w, https:\/\/etab.ac-reunion.fr\/clg-jules-solesse\/wp-content\/uploads\/sites\/151\/2023\/04\/Semaine-egalite7-1-300x212.jpg 300w, https:\/\/etab.ac-reunion.fr\/clg-jules-solesse\/wp-content\/uploads\/sites\/151\/2023\/04\/Semaine-egalite7-1-768x543.jpg 768w, https:\/\/etab.ac-reunion.fr\/clg-jules-solesse\/wp-content\/uploads\/sites\/151\/2023\/04\/Semaine-egalite7-1-150x106.jpg 150w\" sizes=\"auto, (max-width: 800px) 100vw, 800px\" \/><\/p>\n<p>&nbsp;<\/p>\n<p>&nbsp;<\/p>\n<p>&nbsp;<\/p>\n<p>&nbsp;<\/p>\n<p>&nbsp;<\/p>\n<p>&nbsp;<\/p>\n","protected":false},"excerpt":{"rendered":"<p>Du 24 au 28 avril 2023 c&rsquo;\u00e9tait la Semaine de l&rsquo;\u00e9galit\u00e9 des genres au coll\u00e8ge. &nbsp; &nbsp; LA FRESQUE DE FLO\u00c9 &nbsp; TH\u00c9\u00c2TRE FORUM POUR LES \u00c9L\u00c8VES DE 3EME Le th\u00e9\u00e2tre forum est une forme th\u00e9\u00e2trale interactive dans laquelle le public prend part \u00e0 la situation jou\u00e9e C\u2019est un outil\u2026<\/p>\n<p class=\"continue-reading-button\"> <a class=\"continue-reading-link\" href=\"https:\/\/etab.ac-reunion.fr\/clg-jules-solesse\/2eme-semaine-de-legalite-des-genres\/\">Continue reading<i class=\"crycon-right-dir\"><\/i><\/a><\/p>\n","protected":false},"author":13197,"featured_media":0,"comment_status":"closed","ping_status":"closed","sticky":false,"template":"","format":"standard","meta":{"footnotes":""},"categories":[117],"tags":[],"class_list":["post-14939","post","type-post","status-publish","format-standard","hentry","category-egalite"],"_links":{"self":[{"href":"https:\/\/etab.ac-reunion.fr\/clg-jules-solesse\/wp-json\/wp\/v2\/posts\/14939","targetHints":{"allow":["GET"]}}],"collection":[{"href":"https:\/\/etab.ac-reunion.fr\/clg-jules-solesse\/wp-json\/wp\/v2\/posts"}],"about":[{"href":"https:\/\/etab.ac-reunion.fr\/clg-jules-solesse\/wp-json\/wp\/v2\/types\/post"}],"author":[{"embeddable":true,"href":"https:\/\/etab.ac-reunion.fr\/clg-jules-solesse\/wp-json\/wp\/v2\/users\/13197"}],"replies":[{"embeddable":true,"href":"https:\/\/etab.ac-reunion.fr\/clg-jules-solesse\/wp-json\/wp\/v2\/comments?post=14939"}],"version-history":[{"count":23,"href":"https:\/\/etab.ac-reunion.fr\/clg-jules-solesse\/wp-json\/wp\/v2\/posts\/14939\/revisions"}],"predecessor-version":[{"id":15127,"href":"https:\/\/etab.ac-reunion.fr\/clg-jules-solesse\/wp-json\/wp\/v2\/posts\/14939\/revisions\/15127"}],"wp:attachment":[{"href":"https:\/\/etab.ac-reunion.fr\/clg-jules-solesse\/wp-json\/wp\/v2\/media?parent=14939"}],"wp:term":[{"taxonomy":"category","embeddable":true,"href":"https:\/\/etab.ac-reunion.fr\/clg-jules-solesse\/wp-json\/wp\/v2\/categories?post=14939"},{"taxonomy":"post_tag","embeddable":true,"href":"https:\/\/etab.ac-reunion.fr\/clg-jules-solesse\/wp-json\/wp\/v2\/tags?post=14939"}],"curies":[{"name":"wp","href":"https:\/\/api.w.org\/{rel}","templated":true}]}}