{"id":1498,"date":"2016-04-25T14:55:47","date_gmt":"2016-04-25T10:55:47","guid":{"rendered":"http:\/\/college-jules-solesse.ac-reunion.fr\/?p=1498"},"modified":"2026-04-24T08:20:09","modified_gmt":"2026-04-24T04:20:09","slug":"un-ecrivain-au-cdi-jo-witek","status":"publish","type":"post","link":"https:\/\/etab.ac-reunion.fr\/clg-jules-solesse\/un-ecrivain-au-cdi-jo-witek\/","title":{"rendered":"Un \u00e9crivain au CDI 2016 : Jo Witek"},"content":{"rendered":"<h2><img loading=\"lazy\" decoding=\"async\" class=\"alignleft size-full wp-image-1499\" src=\"https:\/\/etab.ac-reunion.fr\/clg-jules-solesse\/wp-content\/uploads\/sites\/151\/2017\/02\/annonce-jo-witek-cdi.jpg\" alt=\"\" width=\"616\" height=\"797\" srcset=\"https:\/\/etab.ac-reunion.fr\/clg-jules-solesse\/wp-content\/uploads\/sites\/151\/2017\/02\/annonce-jo-witek-cdi.jpg 616w, https:\/\/etab.ac-reunion.fr\/clg-jules-solesse\/wp-content\/uploads\/sites\/151\/2017\/02\/annonce-jo-witek-cdi-232x300.jpg 232w, https:\/\/etab.ac-reunion.fr\/clg-jules-solesse\/wp-content\/uploads\/sites\/151\/2017\/02\/annonce-jo-witek-cdi-116x150.jpg 116w\" sizes=\"auto, (max-width: 616px) 100vw, 616px\" \/>Dans le cadre de l&rsquo;action Un Ecrivain au CDI organis\u00e9e par l&rsquo;ADBEN R\u00e9union, la classe de 406 a rencontr\u00e9 Jo Witek.<\/h2>\n<p>&nbsp;<\/p>\n<h4>La rencontre a \u00e9t\u00e9 pr\u00e9par\u00e9e par Mme Bonfanti, professeur de fran\u00e7ais avec l&rsquo;aide d&rsquo;Anne Leclaire la documentaliste<\/h4>\n<p>&nbsp;<\/p>\n<p>&nbsp;<\/p>\n<h4 style=\"text-align: center\"><\/h4>\n<h4 style=\"text-align: center\"><\/h4>\n<h4 style=\"text-align: center\"><span style=\"color: #ba2323\">Les \u00e9l\u00e8ves ont mis en sc\u00e8ne une \u00e9mission de t\u00e9l\u00e9<\/span><\/h4>\n<h4 style=\"text-align: center\"><span style=\"color: #ba2323\">406 TV Solesse<\/span><\/h4>\n<h4 style=\"text-align: center\"><span style=\"color: #ba2323\">Pr\u00e9sentation de l&rsquo;auteure, de sa bibliographie, interview, extraits de livres mis en sc\u00e8ne, lecture d&rsquo;extraits, puis chants cr\u00e9oles, po\u00e8mes &#8230;<\/span><\/h4>\n<h4 style=\"text-align: center\"><span style=\"color: #ba2323\">Une bien belle rencontre, merci \u00e0 Jo Witek et aux \u00e9l\u00e8ves de la 406 qui nous ont fait passer un super moment.<\/span><\/h4>\n<p>&nbsp;<\/p>\n<p align=\"center\"><img loading=\"lazy\" decoding=\"async\" class=\"size-full wp-image-1506 aligncenter\" src=\"https:\/\/etab.ac-reunion.fr\/clg-jules-solesse\/wp-content\/uploads\/sites\/151\/2017\/02\/rencontre-Jo-witek.jpg\" alt=\"\" width=\"800\" height=\"600\" srcset=\"https:\/\/etab.ac-reunion.fr\/clg-jules-solesse\/wp-content\/uploads\/sites\/151\/2017\/02\/rencontre-Jo-witek.jpg 800w, https:\/\/etab.ac-reunion.fr\/clg-jules-solesse\/wp-content\/uploads\/sites\/151\/2017\/02\/rencontre-Jo-witek-300x225.jpg 300w, https:\/\/etab.ac-reunion.fr\/clg-jules-solesse\/wp-content\/uploads\/sites\/151\/2017\/02\/rencontre-Jo-witek-768x576.jpg 768w, https:\/\/etab.ac-reunion.fr\/clg-jules-solesse\/wp-content\/uploads\/sites\/151\/2017\/02\/rencontre-Jo-witek-200x150.jpg 200w, https:\/\/etab.ac-reunion.fr\/clg-jules-solesse\/wp-content\/uploads\/sites\/151\/2017\/02\/rencontre-Jo-witek-150x113.jpg 150w\" sizes=\"auto, (max-width: 800px) 100vw, 800px\" \/> <img loading=\"lazy\" decoding=\"async\" class=\"size-full wp-image-1507 aligncenter\" src=\"https:\/\/etab.ac-reunion.fr\/clg-jules-solesse\/wp-content\/uploads\/sites\/151\/2017\/02\/rencontre-Jo-witek1.jpg\" alt=\"\" width=\"800\" height=\"600\" srcset=\"https:\/\/etab.ac-reunion.fr\/clg-jules-solesse\/wp-content\/uploads\/sites\/151\/2017\/02\/rencontre-Jo-witek1.jpg 800w, https:\/\/etab.ac-reunion.fr\/clg-jules-solesse\/wp-content\/uploads\/sites\/151\/2017\/02\/rencontre-Jo-witek1-300x225.jpg 300w, https:\/\/etab.ac-reunion.fr\/clg-jules-solesse\/wp-content\/uploads\/sites\/151\/2017\/02\/rencontre-Jo-witek1-768x576.jpg 768w, https:\/\/etab.ac-reunion.fr\/clg-jules-solesse\/wp-content\/uploads\/sites\/151\/2017\/02\/rencontre-Jo-witek1-200x150.jpg 200w, https:\/\/etab.ac-reunion.fr\/clg-jules-solesse\/wp-content\/uploads\/sites\/151\/2017\/02\/rencontre-Jo-witek1-150x113.jpg 150w\" sizes=\"auto, (max-width: 800px) 100vw, 800px\" \/> <img loading=\"lazy\" decoding=\"async\" class=\"size-full wp-image-1508 aligncenter\" src=\"https:\/\/etab.ac-reunion.fr\/clg-jules-solesse\/wp-content\/uploads\/sites\/151\/2017\/02\/rencontre-jo-witek2.jpg\" alt=\"\" width=\"800\" height=\"600\" srcset=\"https:\/\/etab.ac-reunion.fr\/clg-jules-solesse\/wp-content\/uploads\/sites\/151\/2017\/02\/rencontre-jo-witek2.jpg 800w, https:\/\/etab.ac-reunion.fr\/clg-jules-solesse\/wp-content\/uploads\/sites\/151\/2017\/02\/rencontre-jo-witek2-300x225.jpg 300w, https:\/\/etab.ac-reunion.fr\/clg-jules-solesse\/wp-content\/uploads\/sites\/151\/2017\/02\/rencontre-jo-witek2-768x576.jpg 768w, https:\/\/etab.ac-reunion.fr\/clg-jules-solesse\/wp-content\/uploads\/sites\/151\/2017\/02\/rencontre-jo-witek2-200x150.jpg 200w, https:\/\/etab.ac-reunion.fr\/clg-jules-solesse\/wp-content\/uploads\/sites\/151\/2017\/02\/rencontre-jo-witek2-150x113.jpg 150w\" sizes=\"auto, (max-width: 800px) 100vw, 800px\" \/> <img loading=\"lazy\" decoding=\"async\" class=\"size-full wp-image-1509 aligncenter\" src=\"https:\/\/etab.ac-reunion.fr\/clg-jules-solesse\/wp-content\/uploads\/sites\/151\/2017\/02\/rencontre-Jo-witek3.jpg\" alt=\"\" width=\"800\" height=\"600\" srcset=\"https:\/\/etab.ac-reunion.fr\/clg-jules-solesse\/wp-content\/uploads\/sites\/151\/2017\/02\/rencontre-Jo-witek3.jpg 800w, https:\/\/etab.ac-reunion.fr\/clg-jules-solesse\/wp-content\/uploads\/sites\/151\/2017\/02\/rencontre-Jo-witek3-300x225.jpg 300w, https:\/\/etab.ac-reunion.fr\/clg-jules-solesse\/wp-content\/uploads\/sites\/151\/2017\/02\/rencontre-Jo-witek3-768x576.jpg 768w, https:\/\/etab.ac-reunion.fr\/clg-jules-solesse\/wp-content\/uploads\/sites\/151\/2017\/02\/rencontre-Jo-witek3-200x150.jpg 200w, https:\/\/etab.ac-reunion.fr\/clg-jules-solesse\/wp-content\/uploads\/sites\/151\/2017\/02\/rencontre-Jo-witek3-150x113.jpg 150w\" sizes=\"auto, (max-width: 800px) 100vw, 800px\" \/> <img loading=\"lazy\" decoding=\"async\" class=\"size-full wp-image-1510 aligncenter\" src=\"https:\/\/etab.ac-reunion.fr\/clg-jules-solesse\/wp-content\/uploads\/sites\/151\/2017\/02\/rencontre-Jo-witek5.jpg\" alt=\"\" width=\"800\" height=\"400\" srcset=\"https:\/\/etab.ac-reunion.fr\/clg-jules-solesse\/wp-content\/uploads\/sites\/151\/2017\/02\/rencontre-Jo-witek5.jpg 800w, https:\/\/etab.ac-reunion.fr\/clg-jules-solesse\/wp-content\/uploads\/sites\/151\/2017\/02\/rencontre-Jo-witek5-300x150.jpg 300w, https:\/\/etab.ac-reunion.fr\/clg-jules-solesse\/wp-content\/uploads\/sites\/151\/2017\/02\/rencontre-Jo-witek5-768x384.jpg 768w, https:\/\/etab.ac-reunion.fr\/clg-jules-solesse\/wp-content\/uploads\/sites\/151\/2017\/02\/rencontre-Jo-witek5-250x125.jpg 250w, https:\/\/etab.ac-reunion.fr\/clg-jules-solesse\/wp-content\/uploads\/sites\/151\/2017\/02\/rencontre-Jo-witek5-150x75.jpg 150w\" sizes=\"auto, (max-width: 800px) 100vw, 800px\" \/><\/p>\n<p align=\"center\"><img loading=\"lazy\" decoding=\"async\" class=\"size-full wp-image-1511 aligncenter\" src=\"https:\/\/etab.ac-reunion.fr\/clg-jules-solesse\/wp-content\/uploads\/sites\/151\/2017\/02\/rencontre-Jo-witek6.jpg\" alt=\"\" width=\"400\" height=\"800\" srcset=\"https:\/\/etab.ac-reunion.fr\/clg-jules-solesse\/wp-content\/uploads\/sites\/151\/2017\/02\/rencontre-Jo-witek6.jpg 400w, https:\/\/etab.ac-reunion.fr\/clg-jules-solesse\/wp-content\/uploads\/sites\/151\/2017\/02\/rencontre-Jo-witek6-150x300.jpg 150w, https:\/\/etab.ac-reunion.fr\/clg-jules-solesse\/wp-content\/uploads\/sites\/151\/2017\/02\/rencontre-Jo-witek6-75x150.jpg 75w\" sizes=\"auto, (max-width: 400px) 100vw, 400px\" \/><\/p>\n<p align=\"center\">\u00a0 <img loading=\"lazy\" decoding=\"async\" class=\"size-full wp-image-1512 aligncenter\" src=\"https:\/\/etab.ac-reunion.fr\/clg-jules-solesse\/wp-content\/uploads\/sites\/151\/2017\/02\/rencontre-Jo-witek7.jpg\" alt=\"\" width=\"800\" height=\"640\" srcset=\"https:\/\/etab.ac-reunion.fr\/clg-jules-solesse\/wp-content\/uploads\/sites\/151\/2017\/02\/rencontre-Jo-witek7.jpg 800w, https:\/\/etab.ac-reunion.fr\/clg-jules-solesse\/wp-content\/uploads\/sites\/151\/2017\/02\/rencontre-Jo-witek7-300x240.jpg 300w, https:\/\/etab.ac-reunion.fr\/clg-jules-solesse\/wp-content\/uploads\/sites\/151\/2017\/02\/rencontre-Jo-witek7-768x614.jpg 768w, https:\/\/etab.ac-reunion.fr\/clg-jules-solesse\/wp-content\/uploads\/sites\/151\/2017\/02\/rencontre-Jo-witek7-188x150.jpg 188w, https:\/\/etab.ac-reunion.fr\/clg-jules-solesse\/wp-content\/uploads\/sites\/151\/2017\/02\/rencontre-Jo-witek7-150x120.jpg 150w\" sizes=\"auto, (max-width: 800px) 100vw, 800px\" \/><img loading=\"lazy\" decoding=\"async\" class=\"size-full wp-image-1514 aligncenter\" src=\"https:\/\/etab.ac-reunion.fr\/clg-jules-solesse\/wp-content\/uploads\/sites\/151\/2017\/02\/rencontre-jo-witek22.jpg\" alt=\"\" width=\"800\" height=\"400\" srcset=\"https:\/\/etab.ac-reunion.fr\/clg-jules-solesse\/wp-content\/uploads\/sites\/151\/2017\/02\/rencontre-jo-witek22.jpg 800w, https:\/\/etab.ac-reunion.fr\/clg-jules-solesse\/wp-content\/uploads\/sites\/151\/2017\/02\/rencontre-jo-witek22-300x150.jpg 300w, https:\/\/etab.ac-reunion.fr\/clg-jules-solesse\/wp-content\/uploads\/sites\/151\/2017\/02\/rencontre-jo-witek22-768x384.jpg 768w, https:\/\/etab.ac-reunion.fr\/clg-jules-solesse\/wp-content\/uploads\/sites\/151\/2017\/02\/rencontre-jo-witek22-250x125.jpg 250w, https:\/\/etab.ac-reunion.fr\/clg-jules-solesse\/wp-content\/uploads\/sites\/151\/2017\/02\/rencontre-jo-witek22-150x75.jpg 150w\" sizes=\"auto, (max-width: 800px) 100vw, 800px\" \/> <img loading=\"lazy\" decoding=\"async\" class=\"size-full wp-image-1513 aligncenter\" src=\"https:\/\/etab.ac-reunion.fr\/clg-jules-solesse\/wp-content\/uploads\/sites\/151\/2017\/02\/rencontre-Jo-witek9-001.jpg\" alt=\"\" width=\"800\" height=\"640\" srcset=\"https:\/\/etab.ac-reunion.fr\/clg-jules-solesse\/wp-content\/uploads\/sites\/151\/2017\/02\/rencontre-Jo-witek9-001.jpg 800w, https:\/\/etab.ac-reunion.fr\/clg-jules-solesse\/wp-content\/uploads\/sites\/151\/2017\/02\/rencontre-Jo-witek9-001-300x240.jpg 300w, https:\/\/etab.ac-reunion.fr\/clg-jules-solesse\/wp-content\/uploads\/sites\/151\/2017\/02\/rencontre-Jo-witek9-001-768x614.jpg 768w, https:\/\/etab.ac-reunion.fr\/clg-jules-solesse\/wp-content\/uploads\/sites\/151\/2017\/02\/rencontre-Jo-witek9-001-188x150.jpg 188w, https:\/\/etab.ac-reunion.fr\/clg-jules-solesse\/wp-content\/uploads\/sites\/151\/2017\/02\/rencontre-Jo-witek9-001-150x120.jpg 150w\" sizes=\"auto, (max-width: 800px) 100vw, 800px\" \/><\/p>\n","protected":false},"excerpt":{"rendered":"<p>Dans le cadre de l&rsquo;action Un Ecrivain au CDI organis\u00e9e par l&rsquo;ADBEN R\u00e9union, la classe de 406 a rencontr\u00e9 Jo Witek. &nbsp; La rencontre a \u00e9t\u00e9 pr\u00e9par\u00e9e par Mme Bonfanti, professeur de fran\u00e7ais avec l&rsquo;aide d&rsquo;Anne Leclaire la documentaliste &nbsp; &nbsp; Les \u00e9l\u00e8ves ont mis en sc\u00e8ne une \u00e9mission de\u2026<\/p>\n<p class=\"continue-reading-button\"> <a class=\"continue-reading-link\" href=\"https:\/\/etab.ac-reunion.fr\/clg-jules-solesse\/un-ecrivain-au-cdi-jo-witek\/\">Continue reading<i class=\"crycon-right-dir\"><\/i><\/a><\/p>\n","protected":false},"author":13197,"featured_media":3981,"comment_status":"closed","ping_status":"open","sticky":false,"template":"","format":"standard","meta":{"footnotes":""},"categories":[43,52],"tags":[],"class_list":["post-1498","post","type-post","status-publish","format-standard","has-post-thumbnail","hentry","category-cdi","category-rencontre-auteurs"],"_links":{"self":[{"href":"https:\/\/etab.ac-reunion.fr\/clg-jules-solesse\/wp-json\/wp\/v2\/posts\/1498","targetHints":{"allow":["GET"]}}],"collection":[{"href":"https:\/\/etab.ac-reunion.fr\/clg-jules-solesse\/wp-json\/wp\/v2\/posts"}],"about":[{"href":"https:\/\/etab.ac-reunion.fr\/clg-jules-solesse\/wp-json\/wp\/v2\/types\/post"}],"author":[{"embeddable":true,"href":"https:\/\/etab.ac-reunion.fr\/clg-jules-solesse\/wp-json\/wp\/v2\/users\/13197"}],"replies":[{"embeddable":true,"href":"https:\/\/etab.ac-reunion.fr\/clg-jules-solesse\/wp-json\/wp\/v2\/comments?post=1498"}],"version-history":[{"count":8,"href":"https:\/\/etab.ac-reunion.fr\/clg-jules-solesse\/wp-json\/wp\/v2\/posts\/1498\/revisions"}],"predecessor-version":[{"id":1629,"href":"https:\/\/etab.ac-reunion.fr\/clg-jules-solesse\/wp-json\/wp\/v2\/posts\/1498\/revisions\/1629"}],"wp:featuredmedia":[{"embeddable":true,"href":"https:\/\/etab.ac-reunion.fr\/clg-jules-solesse\/wp-json\/wp\/v2\/media\/3981"}],"wp:attachment":[{"href":"https:\/\/etab.ac-reunion.fr\/clg-jules-solesse\/wp-json\/wp\/v2\/media?parent=1498"}],"wp:term":[{"taxonomy":"category","embeddable":true,"href":"https:\/\/etab.ac-reunion.fr\/clg-jules-solesse\/wp-json\/wp\/v2\/categories?post=1498"},{"taxonomy":"post_tag","embeddable":true,"href":"https:\/\/etab.ac-reunion.fr\/clg-jules-solesse\/wp-json\/wp\/v2\/tags?post=1498"}],"curies":[{"name":"wp","href":"https:\/\/api.w.org\/{rel}","templated":true}]}}