{"id":16339,"date":"2024-04-11T08:53:02","date_gmt":"2024-04-11T04:53:02","guid":{"rendered":"https:\/\/etab.ac-reunion.fr\/clg-jules-solesse\/?p=16339"},"modified":"2026-04-24T07:53:07","modified_gmt":"2026-04-24T03:53:07","slug":"joelle-ecormier-une-autrice-au-college","status":"publish","type":"post","link":"https:\/\/etab.ac-reunion.fr\/clg-jules-solesse\/joelle-ecormier-une-autrice-au-college\/","title":{"rendered":"Jo\u00eblle Ecormier : Une autrice au coll\u00e8ge"},"content":{"rendered":"<p><img loading=\"lazy\" decoding=\"async\" class=\" wp-image-16268 alignleft\" src=\"https:\/\/etab.ac-reunion.fr\/clg-jules-solesse\/wp-content\/uploads\/sites\/151\/2024\/03\/auteurs-lecteurs-web.jpg\" alt=\"\" width=\"548\" height=\"775\" srcset=\"https:\/\/etab.ac-reunion.fr\/clg-jules-solesse\/wp-content\/uploads\/sites\/151\/2024\/03\/auteurs-lecteurs-web.jpg 1123w, https:\/\/etab.ac-reunion.fr\/clg-jules-solesse\/wp-content\/uploads\/sites\/151\/2024\/03\/auteurs-lecteurs-web-212x300.jpg 212w, https:\/\/etab.ac-reunion.fr\/clg-jules-solesse\/wp-content\/uploads\/sites\/151\/2024\/03\/auteurs-lecteurs-web-725x1024.jpg 725w, https:\/\/etab.ac-reunion.fr\/clg-jules-solesse\/wp-content\/uploads\/sites\/151\/2024\/03\/auteurs-lecteurs-web-768x1085.jpg 768w, https:\/\/etab.ac-reunion.fr\/clg-jules-solesse\/wp-content\/uploads\/sites\/151\/2024\/03\/auteurs-lecteurs-web-1087x1536.jpg 1087w, https:\/\/etab.ac-reunion.fr\/clg-jules-solesse\/wp-content\/uploads\/sites\/151\/2024\/03\/auteurs-lecteurs-web-106x150.jpg 106w\" sizes=\"auto, (max-width: 548px) 100vw, 548px\" \/><\/p>\n<p>&nbsp;<\/p>\n<p style=\"text-align: left\"><span style=\"font-family: trebuchet ms, geneva, sans-serif;font-size: 14pt\"><strong>Notre compte-rendu de la rencontre :\u00a0\u00a0\u00a0\u00a0\u00a0\u00a0\u00a0\u00a0\u00a0\u00a0\u00a0\u00a0\u00a0\u00a0\u00a0\u00a0\u00a0 <\/strong><\/span><\/p>\n<p style=\"text-align: left\"><span style=\"font-family: trebuchet ms, geneva, sans-serif;font-size: 14pt\">C&rsquo;est ce lundi 25 mars que la classe de 604 a rencontr\u00e9 Jo\u00eblle Ecormier, une autrice, au CDI.<\/span><\/p>\n<p style=\"text-align: left\"><span style=\"font-size: 14pt;font-family: trebuchet ms, geneva, sans-serif\">On avait pr\u00e9par\u00e9 une surprise \u00e0 notre invit\u00e9e\u00a0: on a imit\u00e9 une interview en jouant son r\u00f4le. On a trouv\u00e9 \u00e7a dr\u00f4le, m\u00eame si on avait un peu le trac; c\u2019\u00e9tait fluide et synchronis\u00e9\u2026 Jo\u00eblle Ecormier \u00e9tait contente.<\/span><\/p>\n<p style=\"text-align: center\"><span style=\"font-family: trebuchet ms, geneva, sans-serif;font-size: 14pt\"><strong>\u00a0<\/strong><\/span><span style=\"font-family: trebuchet ms, geneva, sans-serif;font-size: 14pt\"><br \/>\n<\/span><img loading=\"lazy\" decoding=\"async\" class=\"size-full wp-image-16341 alignleft\" src=\"https:\/\/etab.ac-reunion.fr\/clg-jules-solesse\/wp-content\/uploads\/sites\/151\/2024\/04\/Album-joelle-ecormier.jpg\" alt=\"\" width=\"640\" height=\"800\" srcset=\"https:\/\/etab.ac-reunion.fr\/clg-jules-solesse\/wp-content\/uploads\/sites\/151\/2024\/04\/Album-joelle-ecormier.jpg 640w, https:\/\/etab.ac-reunion.fr\/clg-jules-solesse\/wp-content\/uploads\/sites\/151\/2024\/04\/Album-joelle-ecormier-240x300.jpg 240w, https:\/\/etab.ac-reunion.fr\/clg-jules-solesse\/wp-content\/uploads\/sites\/151\/2024\/04\/Album-joelle-ecormier-120x150.jpg 120w\" sizes=\"auto, (max-width: 640px) 100vw, 640px\" \/><\/p>\n<p>&nbsp;<\/p>\n<p>&nbsp;<\/p>\n<p><span style=\"font-family: trebuchet ms, geneva, sans-serif;font-size: 14pt\">\u00a0\u00a0\u00a0\u00a0\u00a0\u00a0\u00a0\u00a0 <\/span><\/p>\n<p>&nbsp;<\/p>\n<p>&nbsp;<\/p>\n<p>&nbsp;<\/p>\n<p>&nbsp;<\/p>\n<p><span style=\"font-family: trebuchet ms, geneva, sans-serif;font-size: 14pt\">\u00a0<\/span><\/p>\n<p>&nbsp;<\/p>\n<p>&nbsp;<\/p>\n<p>&nbsp;<\/p>\n<p>&nbsp;<\/p>\n<p>&nbsp;<\/p>\n<p>&nbsp;<\/p>\n<p>&nbsp;<\/p>\n<p>&nbsp;<\/p>\n<p>&nbsp;<\/p>\n<p>&nbsp;<\/p>\n<p>&nbsp;<\/p>\n<p>&nbsp;<\/p>\n<p>&nbsp;<\/p>\n<p><span style=\"font-family: trebuchet ms, geneva, sans-serif;font-size: 14pt\"><img loading=\"lazy\" decoding=\"async\" class=\"size-full wp-image-16342 alignleft\" src=\"https:\/\/etab.ac-reunion.fr\/clg-jules-solesse\/wp-content\/uploads\/sites\/151\/2024\/04\/Album-joelle-ecormier1.jpg\" alt=\"\" width=\"800\" height=\"640\" srcset=\"https:\/\/etab.ac-reunion.fr\/clg-jules-solesse\/wp-content\/uploads\/sites\/151\/2024\/04\/Album-joelle-ecormier1.jpg 800w, https:\/\/etab.ac-reunion.fr\/clg-jules-solesse\/wp-content\/uploads\/sites\/151\/2024\/04\/Album-joelle-ecormier1-300x240.jpg 300w, https:\/\/etab.ac-reunion.fr\/clg-jules-solesse\/wp-content\/uploads\/sites\/151\/2024\/04\/Album-joelle-ecormier1-768x614.jpg 768w, https:\/\/etab.ac-reunion.fr\/clg-jules-solesse\/wp-content\/uploads\/sites\/151\/2024\/04\/Album-joelle-ecormier1-150x120.jpg 150w\" sizes=\"auto, (max-width: 800px) 100vw, 800px\" \/><\/span><\/p>\n<p><img loading=\"lazy\" decoding=\"async\" class=\"size-full wp-image-16343 alignright\" src=\"https:\/\/etab.ac-reunion.fr\/clg-jules-solesse\/wp-content\/uploads\/sites\/151\/2024\/04\/Album-joelle-ecormier2.jpg\" alt=\"\" width=\"800\" height=\"640\" srcset=\"https:\/\/etab.ac-reunion.fr\/clg-jules-solesse\/wp-content\/uploads\/sites\/151\/2024\/04\/Album-joelle-ecormier2.jpg 800w, https:\/\/etab.ac-reunion.fr\/clg-jules-solesse\/wp-content\/uploads\/sites\/151\/2024\/04\/Album-joelle-ecormier2-300x240.jpg 300w, https:\/\/etab.ac-reunion.fr\/clg-jules-solesse\/wp-content\/uploads\/sites\/151\/2024\/04\/Album-joelle-ecormier2-768x614.jpg 768w, https:\/\/etab.ac-reunion.fr\/clg-jules-solesse\/wp-content\/uploads\/sites\/151\/2024\/04\/Album-joelle-ecormier2-150x120.jpg 150w\" sizes=\"auto, (max-width: 800px) 100vw, 800px\" \/><\/p>\n<p>&nbsp;<\/p>\n<p>&nbsp;<\/p>\n<p><img loading=\"lazy\" decoding=\"async\" class=\"size-full wp-image-16345 alignleft\" src=\"https:\/\/etab.ac-reunion.fr\/clg-jules-solesse\/wp-content\/uploads\/sites\/151\/2024\/04\/Album-joelle-ecormier4.jpg\" alt=\"\" width=\"800\" height=\"640\" srcset=\"https:\/\/etab.ac-reunion.fr\/clg-jules-solesse\/wp-content\/uploads\/sites\/151\/2024\/04\/Album-joelle-ecormier4.jpg 800w, https:\/\/etab.ac-reunion.fr\/clg-jules-solesse\/wp-content\/uploads\/sites\/151\/2024\/04\/Album-joelle-ecormier4-300x240.jpg 300w, https:\/\/etab.ac-reunion.fr\/clg-jules-solesse\/wp-content\/uploads\/sites\/151\/2024\/04\/Album-joelle-ecormier4-768x614.jpg 768w, https:\/\/etab.ac-reunion.fr\/clg-jules-solesse\/wp-content\/uploads\/sites\/151\/2024\/04\/Album-joelle-ecormier4-150x120.jpg 150w\" sizes=\"auto, (max-width: 800px) 100vw, 800px\" \/><\/p>\n<p><span style=\"font-family: trebuchet ms, geneva, sans-serif;font-size: 14pt\">\u00a0<\/span><\/p>\n<p><span style=\"font-family: trebuchet ms, geneva, sans-serif;font-size: 16pt\">On a aussi lu nos<span style=\"font-size: 20pt\"><strong><a href=\"https:\/\/etab.ac-reunion.fr\/clg-jules-solesse\/rencontre-avec-lautrice-joelle-ecormier-les-biographies-delires\/\"> biographies-d\u00e9lires<\/a>\u00a0:<\/strong><\/span> chaque texte \u00e9tait diff\u00e9rent et assez dr\u00f4le.<\/span><\/p>\n<p><span style=\"font-family: trebuchet ms, geneva, sans-serif;font-size: 16pt\">Enfin nous lui avons lu nos passages pr\u00e9f\u00e9r\u00e9s de <em><u>Enzo<\/u><\/em> et du<em><u> Grand Tamarinier.<\/u><\/em> Les \u00e9l\u00e8ves-lecteurs ont aim\u00e9 choisir leur extrait et qu\u2019on les \u00e9coute.<\/span><\/p>\n<p>&nbsp;<\/p>\n<p>&nbsp;<\/p>\n<p>&nbsp;<\/p>\n<p>&nbsp;<\/p>\n<p>&nbsp;<\/p>\n<p>&nbsp;<\/p>\n<p>&nbsp;<\/p>\n<p>&nbsp;<\/p>\n<p>&nbsp;<\/p>\n<p>&nbsp;<\/p>\n<p>&nbsp;<\/p>\n<p>&nbsp;<\/p>\n<p>&nbsp;<\/p>\n<p>&nbsp;<\/p>\n<p>&nbsp;<\/p>\n<p>&nbsp;<\/p>\n<p>&nbsp;<\/p>\n<p><span style=\"font-family: trebuchet ms, geneva, sans-serif;font-size: 16pt\">Ensuite elle a r\u00e9pondu \u00e0 nos nombreuses questions. Nous avons ainsi appris quelles sont ses sources d\u2019inspiration, le temps qui lui est n\u00e9cessaire pour \u00e9crire un livre et aussi les difficult\u00e9s qu\u2019elle rencontre \u00e0 \u00e9crire.<\/span><\/p>\n<p>&nbsp;<\/p>\n<p>&nbsp;<\/p>\n<p>&nbsp;<\/p>\n<p>&nbsp;<\/p>\n<p>&nbsp;<\/p>\n<p>&nbsp;<\/p>\n<p>&nbsp;<\/p>\n<p>&nbsp;<\/p>\n<p><span style=\"font-family: trebuchet ms, geneva, sans-serif;font-size: 16pt\">Elle nous a pr\u00e9sent\u00e9 des livres\u00a0; elle nous a m\u00eame d\u00e9voil\u00e9 un chapitre de son prochain roman qui s\u2019intitule \u00ab<em><u>\u00a0Occup\u00e9\u00a0<\/u><\/em>\u00bb. \u00c7a nous a donn\u00e9 envie de le lire ou d\u2019\u00e9crire la suite.<\/span><\/p>\n<p><span style=\"font-family: trebuchet ms, geneva, sans-serif;font-size: 16pt\">\u00a0\u00a0\u00a0\u00a0\u00a0\u00a0\u00a0\u00a0 Elle nous a \u00e9galement parl\u00e9 de son livre \u00ab\u00a0K\u00f4\u00a0\u00bb\u00a0. On a aim\u00e9 qu\u2019elle soit partie d\u2019un fait divers (la disparition d\u2019un avion de la Malaysian Airlines en 2014), le suspense autour du crash de l\u2019avion et le secret de K\u00f4. D\u2019ailleurs Jo\u00eblle Ecormier aimerait bien que quelqu\u2019un adapte \u00ab<em><u>\u00a0K\u00f4\u00a0<\/u><\/em>\u00bb en film.<\/span><\/p>\n<p><span style=\"font-family: trebuchet ms, geneva, sans-serif;font-size: 16pt\">\u00a0\u00a0\u00a0\u00a0\u00a0\u00a0\u00a0\u00a0 Elle nous a aussi montr\u00e9s plusieurs \u00e9ditions de \u00ab<em><u>\u00a0Enzo <\/u><\/em>\u00bb\u00a0; elle nous a dit qu\u2019un de ses livres avait \u00e9t\u00e9 traduit en braille.<\/span><\/p>\n<p><span style=\"font-family: trebuchet ms, geneva, sans-serif;font-size: 16pt\">\u00a0\u00a0\u00a0\u00a0\u00a0\u00a0\u00a0\u00a0 Elle nous a enfin parl\u00e9 des pistes audio de <em><u>Th\u00e9odore <\/u>et <u>Le Grand Tamarinier<\/u><\/em>.<\/span><\/p>\n<p><span style=\"font-family: trebuchet ms, geneva, sans-serif;font-size: 14pt\">\u00a0\u00a0\u00a0\u00a0\u00a0\u00a0\u00a0<\/span><\/p>\n<p>&nbsp;<\/p>\n<p><img loading=\"lazy\" decoding=\"async\" class=\"size-full wp-image-16347 alignright\" src=\"https:\/\/etab.ac-reunion.fr\/clg-jules-solesse\/wp-content\/uploads\/sites\/151\/2024\/04\/20240325_161130.jpg\" alt=\"\" width=\"800\" height=\"600\" srcset=\"https:\/\/etab.ac-reunion.fr\/clg-jules-solesse\/wp-content\/uploads\/sites\/151\/2024\/04\/20240325_161130.jpg 800w, https:\/\/etab.ac-reunion.fr\/clg-jules-solesse\/wp-content\/uploads\/sites\/151\/2024\/04\/20240325_161130-300x225.jpg 300w, https:\/\/etab.ac-reunion.fr\/clg-jules-solesse\/wp-content\/uploads\/sites\/151\/2024\/04\/20240325_161130-768x576.jpg 768w, https:\/\/etab.ac-reunion.fr\/clg-jules-solesse\/wp-content\/uploads\/sites\/151\/2024\/04\/20240325_161130-150x113.jpg 150w\" sizes=\"auto, (max-width: 800px) 100vw, 800px\" \/><\/p>\n<p>&nbsp;<\/p>\n<p>&nbsp;<\/p>\n<p>&nbsp;<\/p>\n<p>&nbsp;<\/p>\n<p>&nbsp;<\/p>\n<p><span style=\"font-family: trebuchet ms, geneva, sans-serif;font-size: 18pt\">\u00a0 <span style=\"font-size: 16pt\">On a termin\u00e9 par une photo avec elle ; et \u00e7a nous a plu d\u2019\u00eatre sur cette photo de groupe.<\/span><\/span><\/p>\n<p>&nbsp;<\/p>\n<p>&nbsp;<\/p>\n<p>&nbsp;<\/p>\n<p>&nbsp;<\/p>\n<p>&nbsp;<\/p>\n<p>&nbsp;<\/p>\n<p>&nbsp;<\/p>\n<p>&nbsp;<\/p>\n<p>&nbsp;<\/p>\n<p><img loading=\"lazy\" decoding=\"async\" class=\" wp-image-16346 alignleft\" src=\"https:\/\/etab.ac-reunion.fr\/clg-jules-solesse\/wp-content\/uploads\/sites\/151\/2024\/04\/Album-joelle-ecormier5.jpg\" alt=\"\" width=\"400\" height=\"400\" srcset=\"https:\/\/etab.ac-reunion.fr\/clg-jules-solesse\/wp-content\/uploads\/sites\/151\/2024\/04\/Album-joelle-ecormier5.jpg 800w, https:\/\/etab.ac-reunion.fr\/clg-jules-solesse\/wp-content\/uploads\/sites\/151\/2024\/04\/Album-joelle-ecormier5-300x300.jpg 300w, https:\/\/etab.ac-reunion.fr\/clg-jules-solesse\/wp-content\/uploads\/sites\/151\/2024\/04\/Album-joelle-ecormier5-150x150.jpg 150w, https:\/\/etab.ac-reunion.fr\/clg-jules-solesse\/wp-content\/uploads\/sites\/151\/2024\/04\/Album-joelle-ecormier5-768x768.jpg 768w\" sizes=\"auto, (max-width: 400px) 100vw, 400px\" \/><\/p>\n<p>&nbsp;<\/p>\n<p>&nbsp;<\/p>\n<p>&nbsp;<\/p>\n<p><span style=\"font-size: 16pt\"><span style=\"font-family: trebuchet ms, geneva, sans-serif\">Elle a m\u00eame d\u00e9dicac\u00e9 la cam\u00e9ra en papier de Kayla ; \u00e7a nous fera des so<\/span><span style=\"font-family: trebuchet ms, geneva, sans-serif\">uvenirs de cette rencontre riche et stimulante!<\/span><\/span><\/p>\n<p>&nbsp;<\/p>\n<p><span style=\"font-size: 16pt\"><em>Les \u00e9l\u00e8ves de 604<\/em><\/span><\/p>\n<p>&nbsp;<\/p>\n<p>&nbsp;<\/p>\n<p><span style=\"font-size: 12pt\">Enseignante : Florence Mallet<\/span><\/p>\n","protected":false},"excerpt":{"rendered":"<p>&nbsp; Notre compte-rendu de la rencontre :\u00a0\u00a0\u00a0\u00a0\u00a0\u00a0\u00a0\u00a0\u00a0\u00a0\u00a0\u00a0\u00a0\u00a0\u00a0\u00a0\u00a0 C&rsquo;est ce lundi 25 mars que la classe de 604 a rencontr\u00e9 Jo\u00eblle Ecormier, une autrice, au CDI. On avait pr\u00e9par\u00e9 une surprise \u00e0 notre invit\u00e9e\u00a0: on a imit\u00e9 une interview en jouant son r\u00f4le. On a trouv\u00e9 \u00e7a dr\u00f4le, m\u00eame si on\u2026<\/p>\n<p class=\"continue-reading-button\"> <a class=\"continue-reading-link\" href=\"https:\/\/etab.ac-reunion.fr\/clg-jules-solesse\/joelle-ecormier-une-autrice-au-college\/\">Continue reading<i class=\"crycon-right-dir\"><\/i><\/a><\/p>\n","protected":false},"author":13197,"featured_media":16352,"comment_status":"closed","ping_status":"closed","sticky":false,"template":"","format":"standard","meta":{"footnotes":""},"categories":[130,52],"tags":[],"class_list":["post-16339","post","type-post","status-publish","format-standard","has-post-thumbnail","hentry","category-lettres-2","category-rencontre-auteurs"],"_links":{"self":[{"href":"https:\/\/etab.ac-reunion.fr\/clg-jules-solesse\/wp-json\/wp\/v2\/posts\/16339","targetHints":{"allow":["GET"]}}],"collection":[{"href":"https:\/\/etab.ac-reunion.fr\/clg-jules-solesse\/wp-json\/wp\/v2\/posts"}],"about":[{"href":"https:\/\/etab.ac-reunion.fr\/clg-jules-solesse\/wp-json\/wp\/v2\/types\/post"}],"author":[{"embeddable":true,"href":"https:\/\/etab.ac-reunion.fr\/clg-jules-solesse\/wp-json\/wp\/v2\/users\/13197"}],"replies":[{"embeddable":true,"href":"https:\/\/etab.ac-reunion.fr\/clg-jules-solesse\/wp-json\/wp\/v2\/comments?post=16339"}],"version-history":[{"count":9,"href":"https:\/\/etab.ac-reunion.fr\/clg-jules-solesse\/wp-json\/wp\/v2\/posts\/16339\/revisions"}],"predecessor-version":[{"id":16381,"href":"https:\/\/etab.ac-reunion.fr\/clg-jules-solesse\/wp-json\/wp\/v2\/posts\/16339\/revisions\/16381"}],"wp:featuredmedia":[{"embeddable":true,"href":"https:\/\/etab.ac-reunion.fr\/clg-jules-solesse\/wp-json\/wp\/v2\/media\/16352"}],"wp:attachment":[{"href":"https:\/\/etab.ac-reunion.fr\/clg-jules-solesse\/wp-json\/wp\/v2\/media?parent=16339"}],"wp:term":[{"taxonomy":"category","embeddable":true,"href":"https:\/\/etab.ac-reunion.fr\/clg-jules-solesse\/wp-json\/wp\/v2\/categories?post=16339"},{"taxonomy":"post_tag","embeddable":true,"href":"https:\/\/etab.ac-reunion.fr\/clg-jules-solesse\/wp-json\/wp\/v2\/tags?post=16339"}],"curies":[{"name":"wp","href":"https:\/\/api.w.org\/{rel}","templated":true}]}}