{"id":16698,"date":"2024-07-02T10:49:50","date_gmt":"2024-07-02T06:49:50","guid":{"rendered":"https:\/\/etab.ac-reunion.fr\/clg-jules-solesse\/?p=16698"},"modified":"2026-04-09T09:01:45","modified_gmt":"2026-04-09T05:01:45","slug":"decouverte-botanique-du-sentier-de-bon-accueil","status":"publish","type":"post","link":"https:\/\/etab.ac-reunion.fr\/clg-jules-solesse\/decouverte-botanique-du-sentier-de-bon-accueil\/","title":{"rendered":"D\u00e9couverte botanique du sentier du Bon Accueil"},"content":{"rendered":"<div><span style=\"font-size: 14pt\"><img loading=\"lazy\" decoding=\"async\" class=\"wp-image-16715 alignleft\" src=\"https:\/\/etab.ac-reunion.fr\/clg-jules-solesse\/wp-content\/uploads\/sites\/151\/2024\/07\/action-eco-delegue.jpg\" alt=\"\" width=\"475\" height=\"107\" srcset=\"https:\/\/etab.ac-reunion.fr\/clg-jules-solesse\/wp-content\/uploads\/sites\/151\/2024\/07\/action-eco-delegue.jpg 1025w, https:\/\/etab.ac-reunion.fr\/clg-jules-solesse\/wp-content\/uploads\/sites\/151\/2024\/07\/action-eco-delegue-300x68.jpg 300w, https:\/\/etab.ac-reunion.fr\/clg-jules-solesse\/wp-content\/uploads\/sites\/151\/2024\/07\/action-eco-delegue-768x173.jpg 768w, https:\/\/etab.ac-reunion.fr\/clg-jules-solesse\/wp-content\/uploads\/sites\/151\/2024\/07\/action-eco-delegue-150x34.jpg 150w\" sizes=\"auto, (max-width: 475px) 100vw, 475px\" \/>Pour voir la vid\u00e9o gagnante du prix de l&rsquo;action \u00e9co-d\u00e9l\u00e9gu\u00e9e (pour La R\u00e9union, 2e ann\u00e9e cons\u00e9cutive que nos \u00e9co-d\u00e9l\u00e9gu\u00e9s remportent le prix !) cliquez sur le lien ci-dessous<\/span><\/div>\n<div><span style=\"font-size: 14pt\">\u00a0\u00a0<\/span><a href=\"https:\/\/tube-action-educative.apps.education.fr\/w\/gBjAsp3CYLzWe5PTYfeUdt\" rel=\"noopener\"><span style=\"font-size: 14pt\">https:\/\/tube-action-educative.apps.education.fr\/w\/gBjAsp3CYLzWe5PTYfeUdt\u00a0<\/span><\/a><\/div>\n<p>&nbsp;<\/p>\n<blockquote>\n<hr \/>\n<p align=\"justify\"><span style=\"font-family: trebuchet ms, geneva, sans-serif;font-size: 14pt\">Lundi 17 juin, nous sommes partis aux Makes avec les gagnants du concours du D\u00e9veloppement Durable: 11 \u00e9l\u00e8ves de 503 et 5 \u00e9co-d\u00e9l\u00e9gu\u00e9s\u00a0; puis le lundi 24 juin avec les 13 autres \u00e9l\u00e8ves de 503 et 5 autres \u00e9co-d\u00e9l\u00e9gu\u00e9s.<\/span><\/p>\n<p style=\"text-align: left\" align=\"justify\"><span style=\"font-family: trebuchet ms, geneva, sans-serif;font-size: 14pt\">C&rsquo;est M. Bruno GONTHIER, notre guide de l\u2019ONF (Office National des For\u00eats), qui nous a accompagn\u00e9s sur le Sentier de Bon Accueil. Les chemins \u00e9taient boueux mais le soleil bien pr\u00e9sent.<\/span><\/p>\n<p align=\"justify\"><span style=\"font-size: 14pt;font-family: trebuchet ms, geneva, sans-serif\">Notre guide a commenc\u00e9 par nous pr\u00e9senter les plantes envahissantes contre lesquelles il lutte\u00a0: le longose, le goyavier, le califon, le bois de No\u00ebl, le raisin marron et la canne fourrag\u00e8re<\/span>.<\/p>\n<p style=\"text-align: left\" align=\"justify\"><span style=\"font-family: trebuchet ms, geneva, sans-serif;font-size: 14pt\"><img loading=\"lazy\" decoding=\"async\" class=\"wp-image-16709 alignnone\" src=\"https:\/\/etab.ac-reunion.fr\/clg-jules-solesse\/wp-content\/uploads\/sites\/151\/2024\/07\/Groupe-2-scaled.jpg\" alt=\"\" width=\"390\" height=\"520\" srcset=\"https:\/\/etab.ac-reunion.fr\/clg-jules-solesse\/wp-content\/uploads\/sites\/151\/2024\/07\/Groupe-2-scaled.jpg 1920w, https:\/\/etab.ac-reunion.fr\/clg-jules-solesse\/wp-content\/uploads\/sites\/151\/2024\/07\/Groupe-2-225x300.jpg 225w, https:\/\/etab.ac-reunion.fr\/clg-jules-solesse\/wp-content\/uploads\/sites\/151\/2024\/07\/Groupe-2-768x1024.jpg 768w, https:\/\/etab.ac-reunion.fr\/clg-jules-solesse\/wp-content\/uploads\/sites\/151\/2024\/07\/Groupe-2-1152x1536.jpg 1152w, https:\/\/etab.ac-reunion.fr\/clg-jules-solesse\/wp-content\/uploads\/sites\/151\/2024\/07\/Groupe-2-1536x2048.jpg 1536w, https:\/\/etab.ac-reunion.fr\/clg-jules-solesse\/wp-content\/uploads\/sites\/151\/2024\/07\/Groupe-2-113x150.jpg 113w\" sizes=\"auto, (max-width: 390px) 100vw, 390px\" \/><img loading=\"lazy\" decoding=\"async\" class=\" wp-image-16701 alignright\" src=\"https:\/\/etab.ac-reunion.fr\/clg-jules-solesse\/wp-content\/uploads\/sites\/151\/2024\/07\/nuit-au-clg2.jpg\" alt=\"\" width=\"739\" height=\"422\" srcset=\"https:\/\/etab.ac-reunion.fr\/clg-jules-solesse\/wp-content\/uploads\/sites\/151\/2024\/07\/nuit-au-clg2.jpg 800w, https:\/\/etab.ac-reunion.fr\/clg-jules-solesse\/wp-content\/uploads\/sites\/151\/2024\/07\/nuit-au-clg2-300x171.jpg 300w, https:\/\/etab.ac-reunion.fr\/clg-jules-solesse\/wp-content\/uploads\/sites\/151\/2024\/07\/nuit-au-clg2-768x439.jpg 768w, https:\/\/etab.ac-reunion.fr\/clg-jules-solesse\/wp-content\/uploads\/sites\/151\/2024\/07\/nuit-au-clg2-150x86.jpg 150w\" sizes=\"auto, (max-width: 739px) 100vw, 739px\" \/><\/span><\/p>\n<p align=\"justify\"><span style=\"font-family: trebuchet ms, geneva, sans-serif;font-size: 14pt\">Les longoses sont coup\u00e9s une \u00e0 deux fois par an. Dans la for\u00eat des Makes, ils ne sont pas arrach\u00e9s parce que le sol est meuble et que les rhizomes des longoses emp\u00eachent l\u2019\u00e9rosion.<\/span><\/p>\n<p align=\"justify\"><span style=\"font-family: trebuchet ms, geneva, sans-serif;font-size: 14pt\">Les agents de l&rsquo;ONF ont mis en place un syst\u00e8me de treillis pour isoler le califon de la terre et lui \u00e9viter de se reproduire une fois arrach\u00e9. Pour d\u2019autres plantes, ils les laissent sur le sol comme engrais naturel\u00a0; parfois ils peuvent vendre leurs fleurs pour la distillation ou pour leurs vertus m\u00e9dicinales.<\/span><\/p>\n<p align=\"justify\"><span style=\"font-family: trebuchet ms, geneva, sans-serif;font-size: 14pt\"> On a aussi d\u00e9couvert les arbres de la <b>for\u00eat de bois de couleurs <\/b>(end\u00e9miques)\u00a0: le <b>Tan Rouge<\/b>, \u00e9tait autrefois utilis\u00e9 pour teindre des textiles en rouge et pour le miel vert (\u00e0 partir de ses fleurs). <\/span><\/p>\n<p align=\"justify\"><span style=\"font-family: trebuchet ms, geneva, sans-serif;font-size: 14pt\">L\u2019<b>affouche<\/b> (c\u2019est louche!), un tr\u00e8s gros arbre, tr\u00e8s vieux (un des sp\u00e9cimens avait entre 300 et 400 ans) poss\u00e8de des racines a\u00e9riennes\u00a0; et quand celles-ci touchent le sol, elles g\u00e9n\u00e8rent un nouveau tronc. Il est reconnaissable par sa taille et ses feuilles plus claires.<\/span><\/p>\n<p align=\"justify\"><span style=\"font-family: trebuchet ms, geneva, sans-serif;font-size: 14pt\">Quand le <b>bois rouge<\/b> est jeune, ses feuilles sont fines et droites\u00a0; alors que quand l\u2019arbre vieillit, elles deviennent rondes.<\/span><\/p>\n<p align=\"justify\"><span style=\"font-family: trebuchet ms, geneva, sans-serif;font-size: 14pt\">Le <b>change \u00e9corce<\/b>, qui a pour autre nom le goyave marron, renouvelle son \u00e9corce tous les un \u00e0 deux ans.<\/span><\/p>\n<p align=\"justify\"><span style=\"font-family: trebuchet ms, geneva, sans-serif;font-size: 14pt\">Enfin, le fruit du <b>Bois de Pomme<\/b> (comestible mais pas savoureux) pousse \u00e0 m\u00eame le tronc de l\u2019arbre.<\/span><\/p>\n<p align=\"justify\"><span style=\"font-family: trebuchet ms, geneva, sans-serif;font-size: 14pt\"> On a \u00e9galement appris comment reconna\u00eetre le fanjan (ou foug\u00e8re arborescente) femelle , gr\u00e2ce \u00e0 son tronc qui a une forme de robe\u00a0; alors que le tronc du fanjan m\u00e2le est droit comme un pantalon.<\/span><\/p>\n<p align=\"justify\"><span style=\"font-family: trebuchet ms, geneva, sans-serif;font-size: 14pt\">Certains arbres, comme le bois rouge, poussent sur ces fanjans. Des ann\u00e9es plus tard, la foug\u00e8re meurt (naturellement ou braconn\u00e9e), et on voit alors les racines a\u00e9riennes \u00e0 la base de l\u2019arbre et un trou \u00e0 la place de la foug\u00e8re.<\/span><\/p>\n<p align=\"justify\"><span style=\"font-family: trebuchet ms, geneva, sans-serif;font-size: 14pt\"> Les agents de l\u2019ONF luttent aussi contre le braconnage\u00a0: ainsi ils badigeonnent de goudron de Norv\u00e8ge (de la r\u00e9sine de pin) le tronc des bois jaunes\u00a0; en effet les braconniers aiment en pr\u00e9lever pour faire des tisanes et n\u2019h\u00e9sitent pas \u00e0 couper l\u2019arbre \u00e0 la tron\u00e7onneuse\u00a0! Il ne reste plus que 15 sp\u00e9cimens de bois jaune dans cette for\u00eat.<\/span><\/p>\n<p align=\"justify\"><span style=\"font-family: trebuchet ms, geneva, sans-serif;font-size: 14pt\"> A la fin de notre visite, le technicien nous a montr\u00e9 une zone o\u00f9 des esp\u00e8ces end\u00e9miques ont \u00e9t\u00e9 plant\u00e9es, comme par exemple le bois de perroquet. La zone \u00e9tait compl\u00e8tement envahie par les esp\u00e8ces exotiques (surtout du califon).<\/span><\/p>\n<p align=\"justify\"><span style=\"font-family: trebuchet ms, geneva, sans-serif;font-size: 14pt\">L\u2019ONF a d\u2019abord nettoy\u00e9 la zone en \u00e9liminant les esp\u00e8ces envahissantes. Puis des classes sont venues planter des esp\u00e8ces end\u00e9miques issues des p\u00e9pini\u00e8res de l\u2019ONF (notamment celles des Makes et de L\u2019\u00c9tang Sal\u00e9), dans le cadre de l\u2019action \u00ab\u00a0un million d\u2019arbres\u00a0\u00bb. Nous avons remarqu\u00e9 que des arbres d\u2019esp\u00e8ces diff\u00e9rentes qui ont le m\u00eame \u00e2ge (3 ans environ) n\u2019ont pas du tout la m\u00eame taille.<\/span><\/p>\n<p align=\"justify\"><span style=\"font-family: trebuchet ms, geneva, sans-serif;font-size: 14pt\"> Nous avons termin\u00e9 la matin\u00e9e par un pique-nique au niveau de l\u2019aire des platanes.<\/span><\/p>\n<p align=\"justify\"><span style=\"font-family: trebuchet ms, geneva, sans-serif;font-size: 14pt\">Apr\u00e8s le bon repas, dont le l\u00e9gendaire p\u00e2t\u00e9 de volaille de la cantine, nous avons d\u00e9compress\u00e9 par diverses activit\u00e9s physiques dont un roul\u00e9-boul\u00e9 dans la pelouse de l\u2019aire de pique-nique.<\/span><\/p>\n<p align=\"justify\"><span style=\"font-family: trebuchet ms, geneva, sans-serif;font-size: 14pt\">Fatigu\u00e9s, nous sommes ensuite rentr\u00e9s au coll\u00e8ge.<\/span><\/p>\n<p align=\"right\"><span style=\"font-family: trebuchet ms, geneva, sans-serif;font-size: 14pt\"><i>La classe de 503, 10 \u00e9co-d\u00e9l\u00e9gu\u00e9s,Mme GUFFLET, Mme MALLET, Mme COULONGES et M. CARIDI<\/i><\/span><\/p>\n<\/blockquote>\n<p align=\"right\"><div class=\"su-custom-gallery su-custom-gallery-align-left su-custom-gallery-title-never\"><div class=\"su-custom-gallery-slide\" style=\"width:290px;height:230px\"><a href=\"https:\/\/etab.ac-reunion.fr\/clg-jules-solesse\/decouverte-botanique-du-sentier-de-bon-accueil\/groupe-2-2\/\" target=\"_blank\" title=\"Groupe 2\"><img loading=\"lazy\" decoding=\"async\" src=\"https:\/\/etab.ac-reunion.fr\/clg-jules-solesse\/wp-content\/uploads\/sites\/151\/2024\/07\/Groupe-2-scaled.jpg\" alt=\"Groupe 2\" width=\"290\" height=\"230\" \/><span class=\"su-custom-gallery-title\">Groupe 2<\/span><\/a><\/div><div class=\"su-custom-gallery-slide\" style=\"width:290px;height:230px\"><a href=\"https:\/\/etab.ac-reunion.fr\/clg-jules-solesse\/decouverte-botanique-du-sentier-de-bon-accueil\/groupe-1\/\" target=\"_blank\" title=\"Groupe 1\"><img loading=\"lazy\" decoding=\"async\" src=\"https:\/\/etab.ac-reunion.fr\/clg-jules-solesse\/wp-content\/uploads\/sites\/151\/2024\/07\/Groupe-1.jpg\" alt=\"Groupe 1\" width=\"290\" height=\"230\" \/><span class=\"su-custom-gallery-title\">Groupe 1<\/span><\/a><\/div><div class=\"su-custom-gallery-slide\" style=\"width:290px;height:230px\"><a href=\"https:\/\/etab.ac-reunion.fr\/clg-jules-solesse\/decouverte-botanique-du-sentier-de-bon-accueil\/groupe-1-pique-nique\/\" target=\"_blank\" title=\"Groupe 1 Pique nique\"><img loading=\"lazy\" decoding=\"async\" src=\"https:\/\/etab.ac-reunion.fr\/clg-jules-solesse\/wp-content\/uploads\/sites\/151\/2024\/07\/Groupe-1-Pique-nique.jpg\" alt=\"Groupe 1 Pique nique\" width=\"290\" height=\"230\" \/><span class=\"su-custom-gallery-title\">Groupe 1 Pique nique<\/span><\/a><\/div><div class=\"su-custom-gallery-slide\" style=\"width:290px;height:230px\"><a href=\"https:\/\/etab.ac-reunion.fr\/clg-jules-solesse\/decouverte-botanique-du-sentier-de-bon-accueil\/fanjan-femelle\/\" target=\"_blank\" title=\"Fanjan femelle\"><img loading=\"lazy\" decoding=\"async\" src=\"https:\/\/etab.ac-reunion.fr\/clg-jules-solesse\/wp-content\/uploads\/sites\/151\/2024\/07\/Fanjan-femelle-scaled.jpg\" alt=\"Fanjan femelle\" width=\"290\" height=\"230\" \/><span class=\"su-custom-gallery-title\">Fanjan femelle<\/span><\/a><\/div><div class=\"su-custom-gallery-slide\" style=\"width:290px;height:230px\"><a href=\"https:\/\/etab.ac-reunion.fr\/clg-jules-solesse\/decouverte-botanique-du-sentier-de-bon-accueil\/au-pied-de-laffouche-1-groupe-2\/\" target=\"_blank\" title=\"Au pied de l&rsquo;affouche 1 Groupe 2\"><img loading=\"lazy\" decoding=\"async\" src=\"https:\/\/etab.ac-reunion.fr\/clg-jules-solesse\/wp-content\/uploads\/sites\/151\/2024\/07\/Au-pied-de-laffouche-1-Groupe-2.jpg\" alt=\"Au pied de l&rsquo;affouche 1 Groupe 2\" width=\"290\" height=\"230\" \/><span class=\"su-custom-gallery-title\">Au pied de l&rsquo;affouche 1 Groupe 2<\/span><\/a><\/div><div class=\"su-custom-gallery-slide\" style=\"width:290px;height:230px\"><a href=\"https:\/\/etab.ac-reunion.fr\/clg-jules-solesse\/decouverte-botanique-du-sentier-de-bon-accueil\/rhizome-longose\/\" target=\"_blank\" title=\"Rhizome Longose\"><img loading=\"lazy\" decoding=\"async\" src=\"https:\/\/etab.ac-reunion.fr\/clg-jules-solesse\/wp-content\/uploads\/sites\/151\/2024\/07\/Rhizome-Longose-scaled.jpg\" alt=\"Rhizome Longose\" width=\"290\" height=\"230\" \/><span class=\"su-custom-gallery-title\">Rhizome Longose<\/span><\/a><\/div><div class=\"su-custom-gallery-slide\" style=\"width:290px;height:230px\"><a href=\"https:\/\/etab.ac-reunion.fr\/clg-jules-solesse\/decouverte-botanique-du-sentier-de-bon-accueil\/longoses-coupees\/\" target=\"_blank\" title=\"Longoses coup\u00e9es\"><img loading=\"lazy\" decoding=\"async\" src=\"https:\/\/etab.ac-reunion.fr\/clg-jules-solesse\/wp-content\/uploads\/sites\/151\/2024\/07\/Longoses-coupees-scaled.jpg\" alt=\"Longoses coup\u00e9es\" width=\"290\" height=\"230\" \/><span class=\"su-custom-gallery-title\">Longoses coup\u00e9es<\/span><\/a><\/div><div class=\"su-clear\"><\/div><\/div>\n","protected":false},"excerpt":{"rendered":"<p>Pour voir la vid\u00e9o gagnante du prix de l&rsquo;action \u00e9co-d\u00e9l\u00e9gu\u00e9e (pour La R\u00e9union, 2e ann\u00e9e cons\u00e9cutive que nos \u00e9co-d\u00e9l\u00e9gu\u00e9s remportent le prix !) cliquez sur le lien ci-dessous \u00a0\u00a0https:\/\/tube-action-educative.apps.education.fr\/w\/gBjAsp3CYLzWe5PTYfeUdt\u00a0 &nbsp; Lundi 17 juin, nous sommes partis aux Makes avec les gagnants du concours du D\u00e9veloppement Durable: 11 \u00e9l\u00e8ves de 503\u2026<\/p>\n<p class=\"continue-reading-button\"> <a class=\"continue-reading-link\" href=\"https:\/\/etab.ac-reunion.fr\/clg-jules-solesse\/decouverte-botanique-du-sentier-de-bon-accueil\/\">Continue reading<i class=\"crycon-right-dir\"><\/i><\/a><\/p>\n","protected":false},"author":13197,"featured_media":16710,"comment_status":"closed","ping_status":"closed","sticky":false,"template":"","format":"standard","meta":{"footnotes":""},"categories":[127],"tags":[],"class_list":["post-16698","post","type-post","status-publish","format-standard","has-post-thumbnail","hentry","category-edd-2023-2024"],"_links":{"self":[{"href":"https:\/\/etab.ac-reunion.fr\/clg-jules-solesse\/wp-json\/wp\/v2\/posts\/16698","targetHints":{"allow":["GET"]}}],"collection":[{"href":"https:\/\/etab.ac-reunion.fr\/clg-jules-solesse\/wp-json\/wp\/v2\/posts"}],"about":[{"href":"https:\/\/etab.ac-reunion.fr\/clg-jules-solesse\/wp-json\/wp\/v2\/types\/post"}],"author":[{"embeddable":true,"href":"https:\/\/etab.ac-reunion.fr\/clg-jules-solesse\/wp-json\/wp\/v2\/users\/13197"}],"replies":[{"embeddable":true,"href":"https:\/\/etab.ac-reunion.fr\/clg-jules-solesse\/wp-json\/wp\/v2\/comments?post=16698"}],"version-history":[{"count":8,"href":"https:\/\/etab.ac-reunion.fr\/clg-jules-solesse\/wp-json\/wp\/v2\/posts\/16698\/revisions"}],"predecessor-version":[{"id":16721,"href":"https:\/\/etab.ac-reunion.fr\/clg-jules-solesse\/wp-json\/wp\/v2\/posts\/16698\/revisions\/16721"}],"wp:featuredmedia":[{"embeddable":true,"href":"https:\/\/etab.ac-reunion.fr\/clg-jules-solesse\/wp-json\/wp\/v2\/media\/16710"}],"wp:attachment":[{"href":"https:\/\/etab.ac-reunion.fr\/clg-jules-solesse\/wp-json\/wp\/v2\/media?parent=16698"}],"wp:term":[{"taxonomy":"category","embeddable":true,"href":"https:\/\/etab.ac-reunion.fr\/clg-jules-solesse\/wp-json\/wp\/v2\/categories?post=16698"},{"taxonomy":"post_tag","embeddable":true,"href":"https:\/\/etab.ac-reunion.fr\/clg-jules-solesse\/wp-json\/wp\/v2\/tags?post=16698"}],"curies":[{"name":"wp","href":"https:\/\/api.w.org\/{rel}","templated":true}]}}