{"id":19110,"date":"2026-02-16T14:41:39","date_gmt":"2026-02-16T10:41:39","guid":{"rendered":"https:\/\/etab.ac-reunion.fr\/clg-jules-solesse\/?p=19110"},"modified":"2026-02-19T08:58:07","modified_gmt":"2026-02-19T04:58:07","slug":"les-conseils-de-la-doc-lecteurs-dys","status":"publish","type":"post","link":"https:\/\/etab.ac-reunion.fr\/clg-jules-solesse\/les-conseils-de-la-doc-lecteurs-dys\/","title":{"rendered":"Les propositions lecture de la doc : lecteurs dys.."},"content":{"rendered":"<p style=\"text-align: center\"><img loading=\"lazy\" decoding=\"async\" class=\"sFlh5c FyHeAf iPVvYb alignleft\" src=\"https:\/\/static.vecteezy.com\/ti\/vecteur-libre\/p1\/56226720-pret-lecteur-silhouette-avec-une-livre-vectoriel.jpg\" alt=\"pr\u00eat lecteur silhouette avec une livre 56226720 Art ...\" width=\"135\" height=\"145\" \/> <img loading=\"lazy\" decoding=\"async\" class=\"sFlh5c FyHeAf iPVvYb alignright\" src=\"https:\/\/us.123rf.com\/450wm\/milanpetrovic\/milanpetrovic1605\/milanpetrovic160500082\/56834306-enfant-livre-lu-illustration-noir-silhouette.jpg?ver=6\" alt=\"Silhouette Of A Child Reading A Book At. Clip Art Libres De Droits, Svg, Vecteurs Et Illustration. Image 80927187\" width=\"190\" height=\"190\" \/><strong><span style=\"font-size: 28pt\"><span style=\"font-family: trebuchet ms, geneva, sans-serif;color: #339966\">Ro<\/span><span style=\"font-family: trebuchet ms, geneva, sans-serif;color: #339966\">mans adapt\u00e9s aux lecteurs dyslexiques<\/span><\/span><\/strong><\/p>\n<p><span style=\"font-size: 14pt;color: #339966\">Tu trouveras les livres adapt\u00e9s sur le rayonnage Livres adapt\u00e9s aux Dys. Ils sont signal\u00e9s par un point vert.<\/span> <img loading=\"lazy\" decoding=\"async\" class=\"sFlh5c FyHeAf iPVvYb\" src=\"https:\/\/static.wesco.fr\/media\/catalog\/product\/cache\/7ccc10e5a8277e9f8854785247b9d41d\/4\/7\/47272_c008_140717_2d.jpg\" alt=\"GOMMETTES Rondes Grandes\" width=\"41\" height=\"31\" \/><\/p>\n<p>&nbsp;<\/p>\n<p><span style=\"font-size: 16pt\">Pour faire une recherche des livres adapt\u00e9s disponibles au CDI <img decoding=\"async\" class=\"sFlh5c FyHeAf alignleft\" src=\"https:\/\/encrypted-tbn0.gstatic.com\/images?q=tbn:ANd9GcRQQ4-Q8hm77s5Nr3sN5DtDQiZEvs_TjZ0GFQ&amp;s\" alt=\"E-sidoc, la plateforme qui permet de rechercher et d'acc\u00e9der aux ressources documentaires du CDI. - Informations pratiques - COLLEGE CAPOUCHINE\" data-ilt=\"1771234716723\" \/> tape dyslexique dans la barre du Th\u00e8me\u00a0<\/span><\/p>\n<p>&nbsp;<\/p>\n<p>&nbsp;<\/p>\n<p>&nbsp;<\/p>\n<p><span style=\"font-size: 16pt;font-family: trebuchet ms, geneva, sans-serif;color: #339966\">Collection Flash Fiction des Editions Rageot<\/span><\/p>\n<p><img loading=\"lazy\" decoding=\"async\" class=\"alignleft\" title=\"Mila et le loup\" src=\"https:\/\/images-e.esidoc.fr\/-1556\/42\/9782700277302.jpg?d=20230414144740\" alt=\"Mila et le loup\" width=\"160\" height=\"240\" \/><\/p>\n<p>&nbsp;<\/p>\n<p><span style=\"font-size: 14pt;font-family: trebuchet ms, geneva, sans-serif\"><strong>Mia et le loup<\/strong> d&rsquo;Alain Surget<\/span><\/p>\n<p><span style=\"font-size: 14pt;font-family: trebuchet ms, geneva, sans-serif\">R SUR\u00a0 \u00a0 <img loading=\"lazy\" decoding=\"async\" class=\"sFlh5c FyHeAf iPVvYb\" src=\"https:\/\/static.wesco.fr\/media\/catalog\/product\/cache\/7ccc10e5a8277e9f8854785247b9d41d\/4\/7\/47272_c008_140717_2d.jpg\" alt=\"GOMMETTES Rondes Grandes\" width=\"41\" height=\"31\" \/><\/span><\/p>\n<p><span style=\"font-size: 14pt;font-family: trebuchet ms, geneva, sans-serif\">En se promenant dans une for\u00eat des Alpes, Mila d\u00e9couvre un louveteau bless\u00e9. Avant de le soigner, elle doit lui trouver une cachette afin de le prot\u00e9ger des habitants de la r\u00e9gion qui consid\u00e8rent les loups comme des ennemis.\u00a0<\/span><\/p>\n<hr \/>\n<p style=\"text-align: left\"><img loading=\"lazy\" decoding=\"async\" class=\"alignleft\" title=\"Face au danger\" src=\"https:\/\/images-e.esidoc.fr\/-1556\/42\/9782700277364.jpg?d=20240923113911\" alt=\"Face au danger\" width=\"175\" height=\"263\" \/><\/p>\n<p>&nbsp;<\/p>\n<p style=\"text-align: left\"><span style=\"font-family: trebuchet ms, geneva, sans-serif;font-size: 14pt\"><strong>Face au danger<\/strong> de\u00a0 Jean-Christophe Tixier<\/span><\/p>\n<p style=\"text-align: left\"><span style=\"font-family: trebuchet ms, geneva, sans-serif;font-size: 14pt\">R TIX\u00a0 \u00a0 <img loading=\"lazy\" decoding=\"async\" class=\"sFlh5c FyHeAf iPVvYb\" src=\"https:\/\/static.wesco.fr\/media\/catalog\/product\/cache\/7ccc10e5a8277e9f8854785247b9d41d\/4\/7\/47272_c008_140717_2d.jpg\" alt=\"GOMMETTES Rondes Grandes\" width=\"41\" height=\"31\" \/><\/span><\/p>\n<p style=\"text-align: left\"><span style=\"font-family: trebuchet ms, geneva, sans-serif;font-size: 14pt\">En vacances au bord de la mer, les cousins Iris et Noah sont intrigu\u00e9s par un homme qui transvase des caisses de sa voiture \u00e0 une grotte situ\u00e9e en contrebas. Les enfants attendent le d\u00e9part de l&rsquo;inconnu pour aller voir dans la grotte, mais ils sont surpris par la mar\u00e9e et se retrouvent pris au pi\u00e8ge.<\/span><\/p>\n<hr \/>\n<p style=\"text-align: left\"><img loading=\"lazy\" decoding=\"async\" class=\"alignleft\" title=\"L'appel du vide\" src=\"https:\/\/images-e.esidoc.fr\/-1556\/42\/9782700277340.jpg?d=20240306154026\" alt=\"L'appel du vide\" width=\"177\" height=\"266\" \/><span style=\"font-size: 14pt;font-family: trebuchet ms, geneva, sans-serif\"><strong>L&rsquo;appel du vide<\/strong> de Marin Ledun<\/span><\/p>\n<p><span style=\"font-size: 14pt;font-family: trebuchet ms, geneva, sans-serif\">R LED\u00a0 \u00a0 \u00a0 \u00a0 <img loading=\"lazy\" decoding=\"async\" class=\"sFlh5c FyHeAf iPVvYb\" src=\"https:\/\/static.wesco.fr\/media\/catalog\/product\/cache\/7ccc10e5a8277e9f8854785247b9d41d\/4\/7\/47272_c008_140717_2d.jpg\" alt=\"GOMMETTES Rondes Grandes\" width=\"41\" height=\"31\" \/><\/span><\/p>\n<p><span style=\"font-size: 14pt;font-family: trebuchet ms, geneva, sans-serif\">Par un chaud apr\u00e8s-midi, Paul, qui a la garde de son petit fr\u00e8re Adam, brave l&rsquo;interdiction de sortir de sa m\u00e8re et emm\u00e8ne ce dernier au skate park o\u00f9 il a rendez-vous avec Lia. Son amie est en compagnie de Th\u00e9o, un adolescent plus \u00e2g\u00e9 et sportif. Elle les entra\u00eene \u00e0 la rivi\u00e8re o\u00f9, apr\u00e8s s&rsquo;\u00eatre baign\u00e9s, tous escaladent la falaise.<\/span><\/p>\n<hr \/>\n<p><span style=\"font-size: 14pt;font-family: trebuchet ms, geneva, sans-serif;color: #339966\">Collection Dyscool des Editions Nathan<\/span><\/p>\n<p><span style=\"font-family: trebuchet ms, geneva, sans-serif\"><img loading=\"lazy\" decoding=\"async\" class=\"alignleft\" title=\"L'\u00eele du cr\u00e2ne\" src=\"https:\/\/images-e.esidoc.fr\/1093\/134\/9782095034023.jpg?d=20240404103207\" alt=\"L'\u00eele du cr\u00e2ne\" width=\"199\" height=\"291\" \/><\/span><\/p>\n<p>&nbsp;<\/p>\n<p><span style=\"font-family: trebuchet ms, geneva, sans-serif\"><span style=\"font-size: 14pt\"><strong>L&rsquo;\u00eele du cr\u00e2ne<\/strong> d&rsquo;Anthony Horowitz<\/span><\/span><\/p>\n<p><span style=\"font-family: trebuchet ms, geneva, sans-serif;font-size: 14pt\">R HOR\u00a0 <img loading=\"lazy\" decoding=\"async\" class=\"sFlh5c FyHeAf iPVvYb\" src=\"https:\/\/static.wesco.fr\/media\/catalog\/product\/cache\/7ccc10e5a8277e9f8854785247b9d41d\/4\/7\/47272_c008_140717_2d.jpg\" alt=\"GOMMETTES Rondes Grandes\" width=\"41\" height=\"31\" \/><\/span><\/p>\n<p><span style=\"font-family: trebuchet ms, geneva, sans-serif;font-size: 14pt\">David Eliot, renvoy\u00e9 du coll\u00e8ge, est exp\u00e9di\u00e9 par ses parents dans une tr\u00e8s \u00e9trange \u00e9cole, sur la sinistre \u00eele du cr\u00e2ne, au large de l&rsquo;Angleterre.<\/span><\/p>\n<hr \/>\n<p><img loading=\"lazy\" decoding=\"async\" class=\"alignleft\" title=\"L'enfant oc\u00e9an\" src=\"https:\/\/images-e.esidoc.fr\/1092\/158\/9782095022778.jpg?d=20230918100635\" alt=\"L'enfant oc\u00e9an\" width=\"202\" height=\"295\" \/><\/p>\n<p>&nbsp;<\/p>\n<p><span style=\"font-size: 14pt;font-family: trebuchet ms, geneva, sans-serif\">L&rsquo;enfant oc\u00e9an de Jean-Claude Mourlevat<\/span><\/p>\n<p><span style=\"font-size: 14pt;font-family: trebuchet ms, geneva, sans-serif\">R MOU\u00a0 <img loading=\"lazy\" decoding=\"async\" class=\"sFlh5c FyHeAf iPVvYb\" src=\"https:\/\/static.wesco.fr\/media\/catalog\/product\/cache\/7ccc10e5a8277e9f8854785247b9d41d\/4\/7\/47272_c008_140717_2d.jpg\" alt=\"GOMMETTES Rondes Grandes\" width=\"41\" height=\"31\" \/><\/span><\/p>\n<p><span style=\"font-size: 14pt;font-family: trebuchet ms, geneva, sans-serif\">Une nuit, Yann r\u00e9veille ses six fr\u00e8res a\u00een\u00e9s, tous jumeaux. Il leur faut fuir, leur p\u00e8re a menac\u00e9 de les tuer. Attir\u00e9s par l&rsquo;oc\u00e9an, les sept enfants marchent vers l&rsquo;ouest. De l&rsquo;assistante sociale au routier qui les prend en stop, du gendarme alert\u00e9 de leur disparition \u00e0 la boulang\u00e8re qui leur offre du pain, chacun raconte \u00e0 sa fa\u00e7on un peu de leur \u00e9quip\u00e9e.<\/span><\/p>\n<hr \/>\n<p><span style=\"font-family: trebuchet ms, geneva, sans-serif;font-size: 14pt;color: #339966\">Collection\u00a0 AdoDys des Editions Tom Pouce<\/span><\/p>\n<p><img loading=\"lazy\" decoding=\"async\" class=\"alignleft\" title=\"Dys-moi papi\" src=\"https:\/\/images-e.esidoc.fr\/-74\/264\/9782353452798.jpg?d=20230907115155\" alt=\"Dys-moi papi\" width=\"199\" height=\"306\" \/><span style=\"font-size: 14pt;font-family: trebuchet ms, geneva, sans-serif\">Dys-moi PApi de Claire Mazard<\/span><\/p>\n<p><span style=\"font-size: 14pt;font-family: trebuchet ms, geneva, sans-serif\">R MAZ\u00a0 <img loading=\"lazy\" decoding=\"async\" class=\"sFlh5c FyHeAf iPVvYb\" src=\"https:\/\/static.wesco.fr\/media\/catalog\/product\/cache\/7ccc10e5a8277e9f8854785247b9d41d\/4\/7\/47272_c008_140717_2d.jpg\" alt=\"GOMMETTES Rondes Grandes\" width=\"41\" height=\"31\" \/><\/span><\/p>\n<p><span style=\"font-size: 14pt;font-family: trebuchet ms, geneva, sans-serif\">A 15 ans, L\u00e9a souffre de dyslexie et d\u00e9prime \u00e0 l&rsquo;id\u00e9e de passer le brevet des coll\u00e8ges. Son grand-p\u00e8re, Bruno, vient quant \u00e0 lui de perdre sa femme. L&rsquo;homme et sa petite fille vont alors tout faire pour conjurer leur peine et franchir tous les obstacles qui se pr\u00e9sentent \u00e0 eux.<\/span><\/p>\n<hr \/>\n<p><img loading=\"lazy\" decoding=\"async\" class=\"alignleft\" title=\"Une rentr\u00e9e dys sur dix\" src=\"https:\/\/images-e.esidoc.fr\/-74\/264\/9782353452705.jpg?d=20230331135241\" alt=\"Une rentr\u00e9e dys sur dix\" width=\"196\" height=\"302\" \/><\/p>\n<p>&nbsp;<\/p>\n<p><span style=\"font-size: 14pt;font-family: trebuchet ms, geneva, sans-serif\"><strong>Une rentr\u00e9e dys sur dix<\/strong> de Ya\u00ebl Hassan<\/span><\/p>\n<p><span style=\"font-size: 14pt;font-family: trebuchet ms, geneva, sans-serif\">R HAS\u00a0 \u00a0 <img loading=\"lazy\" decoding=\"async\" class=\"sFlh5c FyHeAf iPVvYb\" src=\"https:\/\/static.wesco.fr\/media\/catalog\/product\/cache\/7ccc10e5a8277e9f8854785247b9d41d\/4\/7\/47272_c008_140717_2d.jpg\" alt=\"GOMMETTES Rondes Grandes\" width=\"41\" height=\"31\" \/><\/span><\/p>\n<p><span style=\"font-size: 14pt;font-family: trebuchet ms, geneva, sans-serif\">Rafa\u00ebl, dyspraxique et TDAH, entre en sixi\u00e8me. Si le coll\u00e8ge n&rsquo;est pas tous les jours facile, il est bien d\u00e9cid\u00e9 \u00e0 montrer qu&rsquo;il est comme les autres.<\/span><\/p>\n","protected":false},"excerpt":{"rendered":"<p>Romans adapt\u00e9s aux lecteurs dyslexiques Tu trouveras les livres adapt\u00e9s sur le rayonnage Livres adapt\u00e9s aux Dys. Ils sont signal\u00e9s par un point vert. &nbsp; Pour faire une recherche des livres adapt\u00e9s disponibles au CDI tape dyslexique dans la barre du Th\u00e8me\u00a0 &nbsp; &nbsp; &nbsp; Collection Flash Fiction des Editions\u2026<\/p>\n<p class=\"continue-reading-button\"> <a class=\"continue-reading-link\" href=\"https:\/\/etab.ac-reunion.fr\/clg-jules-solesse\/les-conseils-de-la-doc-lecteurs-dys\/\">Continue reading<i class=\"crycon-right-dir\"><\/i><\/a><\/p>\n","protected":false},"author":13197,"featured_media":0,"comment_status":"closed","ping_status":"closed","sticky":false,"template":"","format":"standard","meta":{"footnotes":""},"categories":[94],"tags":[],"class_list":["post-19110","post","type-post","status-publish","format-standard","hentry","category-cdi-quoi-lire-si"],"_links":{"self":[{"href":"https:\/\/etab.ac-reunion.fr\/clg-jules-solesse\/wp-json\/wp\/v2\/posts\/19110","targetHints":{"allow":["GET"]}}],"collection":[{"href":"https:\/\/etab.ac-reunion.fr\/clg-jules-solesse\/wp-json\/wp\/v2\/posts"}],"about":[{"href":"https:\/\/etab.ac-reunion.fr\/clg-jules-solesse\/wp-json\/wp\/v2\/types\/post"}],"author":[{"embeddable":true,"href":"https:\/\/etab.ac-reunion.fr\/clg-jules-solesse\/wp-json\/wp\/v2\/users\/13197"}],"replies":[{"embeddable":true,"href":"https:\/\/etab.ac-reunion.fr\/clg-jules-solesse\/wp-json\/wp\/v2\/comments?post=19110"}],"version-history":[{"count":6,"href":"https:\/\/etab.ac-reunion.fr\/clg-jules-solesse\/wp-json\/wp\/v2\/posts\/19110\/revisions"}],"predecessor-version":[{"id":19158,"href":"https:\/\/etab.ac-reunion.fr\/clg-jules-solesse\/wp-json\/wp\/v2\/posts\/19110\/revisions\/19158"}],"wp:attachment":[{"href":"https:\/\/etab.ac-reunion.fr\/clg-jules-solesse\/wp-json\/wp\/v2\/media?parent=19110"}],"wp:term":[{"taxonomy":"category","embeddable":true,"href":"https:\/\/etab.ac-reunion.fr\/clg-jules-solesse\/wp-json\/wp\/v2\/categories?post=19110"},{"taxonomy":"post_tag","embeddable":true,"href":"https:\/\/etab.ac-reunion.fr\/clg-jules-solesse\/wp-json\/wp\/v2\/tags?post=19110"}],"curies":[{"name":"wp","href":"https:\/\/api.w.org\/{rel}","templated":true}]}}