{"id":19679,"date":"2026-04-23T10:13:16","date_gmt":"2026-04-23T06:13:16","guid":{"rendered":"https:\/\/etab.ac-reunion.fr\/clg-jules-solesse\/?p=19679"},"modified":"2026-04-23T11:06:41","modified_gmt":"2026-04-23T07:06:41","slug":"championnats-academiques-unss-trail-de-la-reunion","status":"publish","type":"post","link":"https:\/\/etab.ac-reunion.fr\/clg-jules-solesse\/championnats-academiques-unss-trail-de-la-reunion\/","title":{"rendered":"Championnats acad\u00e9miques UNSS : trail de la r\u00e9union"},"content":{"rendered":"<blockquote><p><span style=\"font-size: 14pt;font-family: trebuchet ms, geneva, sans-serif\">Ce mercredi 22 avril \u00e0 piton sec sur la route volcan <img decoding=\"async\" class=\"an1\" src=\"https:\/\/fonts.gstatic.com\/s\/e\/notoemoji\/17.0\/1f30b\/32.png\" alt=\"\ud83c\udf0b\" data-emoji=\"\ud83c\udf0b\" aria-label=\"\ud83c\udf0b\" \/>, a lieu les championnats acad\u00e9miques de randonn\u00e9e sportive unss: trail de la r\u00e9union. Nos 14 \u00e9quipes se sont lanc\u00e9es sur les sentiers par 2 ou 3 pour r\u00e9aliser le parcours le plus vite possible en \u00e9quipe. Nous sommes heureux de l \u00e9tat d esprit et du d\u00e9passement des \u00e9quipes. Bravo pour les m\u00e9dailles. Notre coll\u00e8ge est en l air.<\/span><\/p><\/blockquote>\n<div class=\"su-custom-gallery su-custom-gallery-align-left su-custom-gallery-title-never\"><div class=\"su-custom-gallery-slide\" style=\"width:290px;height:200px\"><a href=\"https:\/\/etab.ac-reunion.fr\/clg-jules-solesse\/championnats-academiques-unss-trail-de-la-reunion\/trail-volcan-2026-7\/\" target=\"_blank\" title=\"trail volcan 2026 (7)\"><img loading=\"lazy\" decoding=\"async\" src=\"https:\/\/etab.ac-reunion.fr\/clg-jules-solesse\/wp-content\/uploads\/sites\/151\/2026\/04\/trail-volcan-2026-7.jpg\" alt=\"trail volcan 2026 (7)\" width=\"290\" height=\"200\" \/><span class=\"su-custom-gallery-title\">trail volcan 2026 (7)<\/span><\/a><\/div><div class=\"su-custom-gallery-slide\" style=\"width:290px;height:200px\"><a href=\"https:\/\/etab.ac-reunion.fr\/clg-jules-solesse\/championnats-academiques-unss-trail-de-la-reunion\/trail-volcan-2026-6\/\" target=\"_blank\" title=\"trail volcan 2026 (6)\"><img loading=\"lazy\" decoding=\"async\" src=\"https:\/\/etab.ac-reunion.fr\/clg-jules-solesse\/wp-content\/uploads\/sites\/151\/2026\/04\/trail-volcan-2026-6.jpg\" alt=\"trail volcan 2026 (6)\" width=\"290\" height=\"200\" \/><span class=\"su-custom-gallery-title\">trail volcan 2026 (6)<\/span><\/a><\/div><div class=\"su-custom-gallery-slide\" style=\"width:290px;height:200px\"><a href=\"https:\/\/etab.ac-reunion.fr\/clg-jules-solesse\/championnats-academiques-unss-trail-de-la-reunion\/trail-volcan-2026-5\/\" target=\"_blank\" title=\"trail volcan 2026 (5)\"><img loading=\"lazy\" decoding=\"async\" src=\"https:\/\/etab.ac-reunion.fr\/clg-jules-solesse\/wp-content\/uploads\/sites\/151\/2026\/04\/trail-volcan-2026-5.jpg\" alt=\"trail volcan 2026 (5)\" width=\"290\" height=\"200\" \/><span class=\"su-custom-gallery-title\">trail volcan 2026 (5)<\/span><\/a><\/div><div class=\"su-custom-gallery-slide\" style=\"width:290px;height:200px\"><a href=\"https:\/\/etab.ac-reunion.fr\/clg-jules-solesse\/championnats-academiques-unss-trail-de-la-reunion\/trail-volcan-2026-4\/\" target=\"_blank\" title=\"trail volcan 2026 (4)\"><img loading=\"lazy\" decoding=\"async\" src=\"https:\/\/etab.ac-reunion.fr\/clg-jules-solesse\/wp-content\/uploads\/sites\/151\/2026\/04\/trail-volcan-2026-4.jpg\" alt=\"trail volcan 2026 (4)\" width=\"290\" height=\"200\" \/><span class=\"su-custom-gallery-title\">trail volcan 2026 (4)<\/span><\/a><\/div><div class=\"su-custom-gallery-slide\" style=\"width:290px;height:200px\"><a href=\"https:\/\/etab.ac-reunion.fr\/clg-jules-solesse\/championnats-academiques-unss-trail-de-la-reunion\/trail-volcan-2026-3\/\" target=\"_blank\" title=\"trail volcan 2026 (3)\"><img loading=\"lazy\" decoding=\"async\" src=\"https:\/\/etab.ac-reunion.fr\/clg-jules-solesse\/wp-content\/uploads\/sites\/151\/2026\/04\/trail-volcan-2026-3.jpg\" alt=\"trail volcan 2026 (3)\" width=\"290\" height=\"200\" \/><span class=\"su-custom-gallery-title\">trail volcan 2026 (3)<\/span><\/a><\/div><div class=\"su-custom-gallery-slide\" style=\"width:290px;height:200px\"><a href=\"https:\/\/etab.ac-reunion.fr\/clg-jules-solesse\/championnats-academiques-unss-trail-de-la-reunion\/trail-volcan-2026-2\/\" target=\"_blank\" title=\"trail volcan 2026 (2)\"><img loading=\"lazy\" decoding=\"async\" src=\"https:\/\/etab.ac-reunion.fr\/clg-jules-solesse\/wp-content\/uploads\/sites\/151\/2026\/04\/trail-volcan-2026-2.jpg\" alt=\"trail volcan 2026 (2)\" width=\"290\" height=\"200\" \/><span class=\"su-custom-gallery-title\">trail volcan 2026 (2)<\/span><\/a><\/div><div class=\"su-custom-gallery-slide\" style=\"width:290px;height:200px\"><a href=\"https:\/\/etab.ac-reunion.fr\/clg-jules-solesse\/championnats-academiques-unss-trail-de-la-reunion\/trail-volcan-2026-1\/\" target=\"_blank\" title=\"trail volcan 2026 (1)\"><img loading=\"lazy\" decoding=\"async\" src=\"https:\/\/etab.ac-reunion.fr\/clg-jules-solesse\/wp-content\/uploads\/sites\/151\/2026\/04\/trail-volcan-2026-1.jpg\" alt=\"trail volcan 2026 (1)\" width=\"290\" height=\"200\" \/><span class=\"su-custom-gallery-title\">trail volcan 2026 (1)<\/span><\/a><\/div><div class=\"su-clear\"><\/div><\/div>\n<div dir=\"auto\"><\/div>\n<blockquote>\n<div dir=\"auto\"><span style=\"font-size: 14pt;font-family: trebuchet ms, geneva, sans-serif\">Nos anciens \u00e9l\u00e8ves au lyc\u00e9e ne sont pas en reste. Tous m\u00e9daill\u00e9s..<\/span><\/div>\n<div dir=\"auto\"><span style=\"font-family: trebuchet ms, geneva, sans-serif;font-size: 14pt\">Compte rendu Serge Pascual<\/span><\/div>\n<\/blockquote>\n","protected":false},"excerpt":{"rendered":"<p>Ce mercredi 22 avril \u00e0 piton sec sur la route volcan , a lieu les championnats acad\u00e9miques de randonn\u00e9e sportive unss: trail de la r\u00e9union. Nos 14 \u00e9quipes se sont lanc\u00e9es sur les sentiers par 2 ou 3 pour r\u00e9aliser le parcours le plus vite possible en \u00e9quipe. Nous sommes\u2026<\/p>\n<p class=\"continue-reading-button\"> <a class=\"continue-reading-link\" href=\"https:\/\/etab.ac-reunion.fr\/clg-jules-solesse\/championnats-academiques-unss-trail-de-la-reunion\/\">Continue reading<i class=\"crycon-right-dir\"><\/i><\/a><\/p>\n","protected":false},"author":13197,"featured_media":19683,"comment_status":"closed","ping_status":"closed","sticky":false,"template":"","format":"standard","meta":{"footnotes":""},"categories":[84,92],"tags":[],"class_list":["post-19679","post","type-post","status-publish","format-standard","has-post-thumbnail","hentry","category-le-sport-a-solesse","category-carrousel-sport"],"_links":{"self":[{"href":"https:\/\/etab.ac-reunion.fr\/clg-jules-solesse\/wp-json\/wp\/v2\/posts\/19679","targetHints":{"allow":["GET"]}}],"collection":[{"href":"https:\/\/etab.ac-reunion.fr\/clg-jules-solesse\/wp-json\/wp\/v2\/posts"}],"about":[{"href":"https:\/\/etab.ac-reunion.fr\/clg-jules-solesse\/wp-json\/wp\/v2\/types\/post"}],"author":[{"embeddable":true,"href":"https:\/\/etab.ac-reunion.fr\/clg-jules-solesse\/wp-json\/wp\/v2\/users\/13197"}],"replies":[{"embeddable":true,"href":"https:\/\/etab.ac-reunion.fr\/clg-jules-solesse\/wp-json\/wp\/v2\/comments?post=19679"}],"version-history":[{"count":6,"href":"https:\/\/etab.ac-reunion.fr\/clg-jules-solesse\/wp-json\/wp\/v2\/posts\/19679\/revisions"}],"predecessor-version":[{"id":19689,"href":"https:\/\/etab.ac-reunion.fr\/clg-jules-solesse\/wp-json\/wp\/v2\/posts\/19679\/revisions\/19689"}],"wp:featuredmedia":[{"embeddable":true,"href":"https:\/\/etab.ac-reunion.fr\/clg-jules-solesse\/wp-json\/wp\/v2\/media\/19683"}],"wp:attachment":[{"href":"https:\/\/etab.ac-reunion.fr\/clg-jules-solesse\/wp-json\/wp\/v2\/media?parent=19679"}],"wp:term":[{"taxonomy":"category","embeddable":true,"href":"https:\/\/etab.ac-reunion.fr\/clg-jules-solesse\/wp-json\/wp\/v2\/categories?post=19679"},{"taxonomy":"post_tag","embeddable":true,"href":"https:\/\/etab.ac-reunion.fr\/clg-jules-solesse\/wp-json\/wp\/v2\/tags?post=19679"}],"curies":[{"name":"wp","href":"https:\/\/api.w.org\/{rel}","templated":true}]}}